{"id":29760,"date":"2025-12-06T13:20:04","date_gmt":"2025-12-06T16:20:04","guid":{"rendered":"https:\/\/www.sportchaco.com.ar\/?p=29760"},"modified":"2025-12-06T13:20:04","modified_gmt":"2025-12-06T16:20:04","slug":"for-ever-sigue-reforzando-su-plantel","status":"publish","type":"post","link":"https:\/\/www.sportchaco.com.ar\/?p=29760","title":{"rendered":"For Ever sigue reforzando su plantel"},"content":{"rendered":"<p><strong>06-12-2025<\/strong><\/p>\n<p><img loading=\"lazy\" decoding=\"async\" class=\"aligncenter size-large wp-image-17922\" src=\"https:\/\/www.sportchaco.com.ar\/wp-content\/uploads\/2025\/04\/Banners-ruta-13_720x90-1-1024x128.gif\" alt=\"\" width=\"1024\" height=\"128\" srcset=\"https:\/\/www.sportchaco.com.ar\/wp-content\/uploads\/2025\/04\/Banners-ruta-13_720x90-1-1024x128.gif 1024w, https:\/\/www.sportchaco.com.ar\/wp-content\/uploads\/2025\/04\/Banners-ruta-13_720x90-1-300x37.gif 300w, https:\/\/www.sportchaco.com.ar\/wp-content\/uploads\/2025\/04\/Banners-ruta-13_720x90-1-768x96.gif 768w\" sizes=\"auto, (max-width: 1024px) 100vw, 1024px\" \/><\/p>\n<p>For Ever meti\u00f3 un refuerzo m\u00e1s a sus filas pensando en la temporada 2026 de la Primera Nacional de f\u00fatbol que, adem\u00e1s, tendr\u00e1 al club chaque\u00f1o compitiendo en Copa Argentina.<\/p>\n<p>En las \u00faltimas horas, la instituci\u00f3n present\u00f3 a trav\u00e9s de sus redes sociales al mediocampista Gabriel Ram\u00edrez. El jugador tiene una amplia trayectoria pasando por clubes como Lan\u00fas, Talleres, Quilmes, Mitre de Santiago, San Telmo y Atlanta. La \u00faltima camiseta que visti\u00f3 fue la de Ferrocarril Oeste.<\/p>\n<p>Ram\u00edrez es la tercera cara nueva del \u00abalbinegro\u00bb que anteriormente dio a conocer las llegadas de Tom\u00e1s Bolzicco, delantero centro, de 30 a\u00f1os, y de \u00faltimo paso por Alvarado de Mar del Plata. Tambi\u00e9n visti\u00f3 las camisetas de Estudiantes de Buenos Aires y Uni\u00f3n de Santa Fe, entre otros del f\u00fatbol argentino. En Italia, jug\u00f3 para el Sanremese, Fasano, Regina y Reggio Calabria; y de Andr\u00e9s Lioi fue el segundo en ser presentado. El interior derecho, de 28 a\u00f1os, con pasado en Rosario Central, llega al Negro desde Colegiales. Antes jug\u00f3 para los deportivos Maip\u00fa y Madryn; tambi\u00e9n tuvo pasos por las ligas de Chile y Polonia.<\/p>\n<p>Semanas atr\u00e1s, For Ever asegur\u00f3 las fichas de los defensores David Valdez y Mathias Silvera, los volantes Brian Guerra y Juan Manuel Carrizo y los delanteros Leonardo Marinucci e Imanol Enr\u00edquez.<\/p>\n<p>En principio, la vuelta a los trabajos para el plantel albinegro ser\u00eda el 3 de enero. La idea del cuerpo t\u00e9cnico es retener a la mayor parte del plantel para el pr\u00f3ximo a\u00f1o.<\/p>\n<p><em><strong>Foto: Prensa For Ever<\/strong><\/em><\/p>\n<p><img loading=\"lazy\" decoding=\"async\" class=\"aligncenter size-large wp-image-17935\" src=\"https:\/\/www.sportchaco.com.ar\/wp-content\/uploads\/2025\/04\/Red-de-empleos-1080x1350-2-819x1024.gif\" alt=\"\" width=\"819\" height=\"1024\" srcset=\"https:\/\/www.sportchaco.com.ar\/wp-content\/uploads\/2025\/04\/Red-de-empleos-1080x1350-2-819x1024.gif 819w, https:\/\/www.sportchaco.com.ar\/wp-content\/uploads\/2025\/04\/Red-de-empleos-1080x1350-2-240x300.gif 240w, https:\/\/www.sportchaco.com.ar\/wp-content\/uploads\/2025\/04\/Red-de-empleos-1080x1350-2-768x960.gif 768w, https:\/\/www.sportchaco.com.ar\/wp-content\/uploads\/2025\/04\/Red-de-empleos-1080x1350-2-1229x1536.gif 1229w, https:\/\/www.sportchaco.com.ar\/wp-content\/uploads\/2025\/04\/Red-de-empleos-1080x1350-2-1638x2048.gif 1638w\" sizes=\"auto, (max-width: 819px) 100vw, 819px\" \/><\/p>\n","protected":false},"excerpt":{"rendered":"<p>06-12-2025 For Ever meti\u00f3 un refuerzo m\u00e1s a sus filas pensando en la temporada 2026 de la Primera Nacional de f\u00fatbol que, adem\u00e1s, tendr\u00e1 al club chaque\u00f1o compitiendo en Copa Argentina. En las \u00faltimas horas, la instituci\u00f3n present\u00f3 a trav\u00e9s de sus redes sociales al mediocampista Gabriel Ram\u00edrez. El jugador tiene una amplia trayectoria pasando &hellip;<\/p>\n","protected":false},"author":3,"featured_media":29761,"comment_status":"open","ping_status":"open","sticky":false,"template":"","format":"standard","meta":{"footnotes":""},"categories":[5],"tags":[],"class_list":["post-29760","post","type-post","status-publish","format-standard","has-post-thumbnail","hentry","category-futbol"],"_links":{"self":[{"href":"https:\/\/www.sportchaco.com.ar\/index.php?rest_route=\/wp\/v2\/posts\/29760","targetHints":{"allow":["GET"]}}],"collection":[{"href":"https:\/\/www.sportchaco.com.ar\/index.php?rest_route=\/wp\/v2\/posts"}],"about":[{"href":"https:\/\/www.sportchaco.com.ar\/index.php?rest_route=\/wp\/v2\/types\/post"}],"author":[{"embeddable":true,"href":"https:\/\/www.sportchaco.com.ar\/index.php?rest_route=\/wp\/v2\/users\/3"}],"replies":[{"embeddable":true,"href":"https:\/\/www.sportchaco.com.ar\/index.php?rest_route=%2Fwp%2Fv2%2Fcomments&post=29760"}],"version-history":[{"count":1,"href":"https:\/\/www.sportchaco.com.ar\/index.php?rest_route=\/wp\/v2\/posts\/29760\/revisions"}],"predecessor-version":[{"id":29762,"href":"https:\/\/www.sportchaco.com.ar\/index.php?rest_route=\/wp\/v2\/posts\/29760\/revisions\/29762"}],"wp:featuredmedia":[{"embeddable":true,"href":"https:\/\/www.sportchaco.com.ar\/index.php?rest_route=\/wp\/v2\/media\/29761"}],"wp:attachment":[{"href":"https:\/\/www.sportchaco.com.ar\/index.php?rest_route=%2Fwp%2Fv2%2Fmedia&parent=29760"}],"wp:term":[{"taxonomy":"category","embeddable":true,"href":"https:\/\/www.sportchaco.com.ar\/index.php?rest_route=%2Fwp%2Fv2%2Fcategories&post=29760"},{"taxonomy":"post_tag","embeddable":true,"href":"https:\/\/www.sportchaco.com.ar\/index.php?rest_route=%2Fwp%2Fv2%2Ftags&post=29760"}],"curies":[{"name":"wp","href":"https:\/\/api.w.org\/{rel}","templated":true}]}}