{"id":29837,"date":"2025-12-08T23:47:06","date_gmt":"2025-12-09T02:47:06","guid":{"rendered":"https:\/\/www.sportchaco.com.ar\/?p=29837"},"modified":"2025-12-09T11:28:25","modified_gmt":"2025-12-09T14:28:25","slug":"29837","status":"publish","type":"post","link":"https:\/\/www.sportchaco.com.ar\/?p=29837","title":{"rendered":"Efem\u00e9rides del 9 de diciembre"},"content":{"rendered":"<div class=\"container fullwidth-entry-title-wrapper\">\n<div class=\"container-wrapper fullwidth-entry-title\">\n<header class=\"entry-header-outer\">\n<div class=\"entry-header\">\n<div class=\"single-post-meta post-meta clearfix\">\n<p>Foto portada de Alfredo Humberto Norniella<\/p>\n<div class=\"tie-alignright\"><\/div>\n<\/div>\n<\/div>\n<\/header>\n<\/div>\n<\/div>\n<div id=\"content\" class=\"site-content container\">\n<div id=\"main-content-row\" class=\"tie-row main-content-row\">\n<div class=\"main-content tie-col-md-8 tie-col-xs-12\" role=\"main\">\n<article id=\"the-post\" class=\"container-wrapper post-content tie-standard\">\n<div class=\"featured-area\">\n<div class=\"featured-area-inner\">\n<figure class=\"single-featured-image\"><\/figure>\n<\/div>\n<\/div>\n<div class=\"entry-content entry clearfix\">\n<p><strong>Estas son las efem\u00e9rides de un 9 de diciembre, del libro \u00ab100 a\u00f1os de historia del deporte en el Chaco\u00bb, del periodista Luis Dar\u00edo Molodezky.<\/strong><\/p>\n<p style=\"text-align: center;\"><img loading=\"lazy\" decoding=\"async\" class=\"alignnone size-medium wp-image-29784\" src=\"https:\/\/www.sportchaco.com.ar\/wp-content\/uploads\/2025\/12\/Luis-Dario-11-08-2025-3-COPIA-300x229.jpeg\" alt=\"\" width=\"300\" height=\"229\" srcset=\"https:\/\/www.sportchaco.com.ar\/wp-content\/uploads\/2025\/12\/Luis-Dario-11-08-2025-3-COPIA-300x229.jpeg 300w, https:\/\/www.sportchaco.com.ar\/wp-content\/uploads\/2025\/12\/Luis-Dario-11-08-2025-3-COPIA-768x586.jpeg 768w, https:\/\/www.sportchaco.com.ar\/wp-content\/uploads\/2025\/12\/Luis-Dario-11-08-2025-3-COPIA.jpeg 859w\" sizes=\"auto, (max-width: 300px) 100vw, 300px\" \/><\/p>\n<p><strong>9 de diciembre<\/strong><\/p>\n<p><strong>1939 \/<\/strong>\u00a0Domingo D\u2019Elia padre, se consagra campe\u00f3n Argentino en el torneo de Veteranos amateur al vencer por puntos a Domingo Lisi. Representaron al Chaco en ese torneo Alfredo Sufid, Luis Guasti, V\u00edctor Valussi, Deogracio Falc\u00f3n y Bernardo Duarte.<\/p>\n<p><strong>1945 \/<\/strong>\u00a0Nace en Presidencia Roque S\u00e1enz Pe\u00f1a el locutor, m\u00fasico, conductor y animador Alfredo Humberto Norniella, en Ensanche Sur de S\u00e1enz Pe\u00f1a. Desde los 10 a\u00f1os habit\u00f3 el Barrio Central Norte. Estudi\u00f3 m\u00fasica, trabaj\u00f3 en comparsas, orquestas y circos, se vincul\u00f3 con la publicidad, con la radio y el diario El Territorio, donde hac\u00eda comentarios de m\u00fasica cl\u00e1sica. Trabaj\u00f3 en LT 7 de Corrientes y LT 5 en los informativos y en locuci\u00f3n comercial Realiz\u00f3 programas de folclore, \u201cA bombo y fuelle\u201d el m\u00e1s importante. Fue director de LRA 26 Radio Nacional Resistencia. Tambi\u00e9n incursion\u00f3 en la Televisi\u00f3n, en Canal 9 de Resistencia El deporte siempre fue su pasi\u00f3n e hizo famoso su espacio \u201cDeportivas Chaco\u201d en tres res\u00famenes de la ma\u00f1ana, mediod\u00eda y noche.<\/p>\n<p><strong>1945 \/<\/strong> En el Campeonato de la Rep\u00fablica, Copa General Pedro Pablo Ram\u00edrez, Sarmiento juega un gran torneo<br \/>\navanzando hasta semifinales. En la fase eliminatoria integr\u00f3 el grupo C junto a equipos de Chaco, Corrientes, Entre R\u00edos, Formosa y Santa Fe, ganado el grupo luego de vencer a Central Norte de S\u00e1enz Pe\u00f1a por 2 a 1 de visitante; a Col\u00f3n de Santa Fe 3 a 2 en cancha de Regional; a Sol de Mayo de Formosa 4 a 0 en campo de For Ever; perdi\u00f3 en cuarto de final con Estudiantes de La Plata por 1 a 0, equipo pincha que luego fue campe\u00f3n al vencer en la final a Boca por 1 a 0.<\/p>\n<p><strong>1979 \/<\/strong> En Quitilipi se disputa el Provincial de B\u00e1squetbol de Asociaciones y Villa \u00c1ngela ratific\u00f3 su predominio, consagr\u00e1ndose campe\u00f3n al derrotar en la final de Resistencia por 98 a 83. En tercer lugar qued\u00f3 S\u00e1enz Pe\u00f1a que derrot\u00f3 a Quitilipi por 74 a 71. El torneo se jug\u00f3 en la cancha de Caupolic\u00e1n.<\/p>\n<p><strong>1983 \/<\/strong> Ricardo Uranga y Mario Thean, se consagran campeones argentinos de Vuelo y Aterrizaje de precisi\u00f3n, en<br \/>\nel torneo realizado en San Juan, representando al Aero Club Charata.<\/p>\n<p><strong>\u00a01989 \/<\/strong> Se realiza la primera Fiesta del Deporte, con la entrega de las Charata de Plata y Oro. El deportista del a\u00f1o fue Claudio G\u00f3mez Luna (Automovilismo \u2013 F\u00f3rmula Renault).<\/p>\n<p><strong>2006 \/<\/strong> La Asociaci\u00f3n Veteranos de F\u00fatbol de Resistencia, corona a los campeones de la 28\u00aa edici\u00f3n de los torneos oficiales \u201cBartolom\u00e9 Taborda. Categor\u00eda seniors, divisi\u00f3n A, Deportivo MT y Parque Aut\u00f3dromo; En la B Uni\u00f3n Favorito y Garavaglia; en la C Deportivo G\u00fcemes y Chaco Vial. En Maxi Seniors, divisi\u00f3n A, Nuevo Puerto Bermejo y Reencuentro A; en la B Chaco Vial y Uni\u00f3n Favorito.<\/p>\n<p><strong>2006 \/<\/strong> El saenzpe\u00f1ense Marcos Mondaini es elegido como \u201cmejor futbolista del campeonato ecuatoriano\u201d por la Asociaci\u00f3n Ecuatoriana de Radiodifusi\u00f3n (AER). El delantero que jug\u00f3 esa temporada en Emelec, recibi\u00f3 el trofeo \u201cAlberto Spencer\u201d de Oro.<\/p>\n<p><img loading=\"lazy\" decoding=\"async\" class=\"attachment-jannah-image-post size-jannah-image-post wp-post-image\" src=\"https:\/\/www.sportchaco.com.ar\/wp-content\/uploads\/2023\/12\/mondaini.png\" sizes=\"auto, (max-width: 700px) 100vw, 700px\" srcset=\"https:\/\/www.sportchaco.com.ar\/wp-content\/uploads\/2023\/12\/mondaini.png 700w, https:\/\/www.sportchaco.com.ar\/wp-content\/uploads\/2023\/12\/mondaini-300x172.png 300w\" alt=\"\" width=\"700\" height=\"402\" data-main-img=\"1\" \/><\/p>\n<p><em>Foto: Marcos Mondaini<\/em><\/p>\n<\/div>\n<p>&nbsp;<\/p>\n<\/article>\n<\/div>\n<\/div>\n<\/div>\n","protected":false},"excerpt":{"rendered":"<p>Foto portada de Alfredo Humberto Norniella Estas son las efem\u00e9rides de un 9 de diciembre, del libro \u00ab100 a\u00f1os de historia del deporte en el Chaco\u00bb, del periodista Luis Dar\u00edo Molodezky. 9 de diciembre 1939 \/\u00a0Domingo D\u2019Elia padre, se consagra campe\u00f3n Argentino en el torneo de Veteranos amateur al vencer por puntos a Domingo Lisi. &hellip;<\/p>\n","protected":false},"author":2,"featured_media":29838,"comment_status":"open","ping_status":"open","sticky":false,"template":"","format":"standard","meta":{"footnotes":""},"categories":[42,45],"tags":[],"class_list":["post-29837","post","type-post","status-publish","format-standard","has-post-thumbnail","hentry","category-diciembre","category-efemerides-dia-por-dia"],"_links":{"self":[{"href":"https:\/\/www.sportchaco.com.ar\/index.php?rest_route=\/wp\/v2\/posts\/29837","targetHints":{"allow":["GET"]}}],"collection":[{"href":"https:\/\/www.sportchaco.com.ar\/index.php?rest_route=\/wp\/v2\/posts"}],"about":[{"href":"https:\/\/www.sportchaco.com.ar\/index.php?rest_route=\/wp\/v2\/types\/post"}],"author":[{"embeddable":true,"href":"https:\/\/www.sportchaco.com.ar\/index.php?rest_route=\/wp\/v2\/users\/2"}],"replies":[{"embeddable":true,"href":"https:\/\/www.sportchaco.com.ar\/index.php?rest_route=%2Fwp%2Fv2%2Fcomments&post=29837"}],"version-history":[{"count":6,"href":"https:\/\/www.sportchaco.com.ar\/index.php?rest_route=\/wp\/v2\/posts\/29837\/revisions"}],"predecessor-version":[{"id":29856,"href":"https:\/\/www.sportchaco.com.ar\/index.php?rest_route=\/wp\/v2\/posts\/29837\/revisions\/29856"}],"wp:featuredmedia":[{"embeddable":true,"href":"https:\/\/www.sportchaco.com.ar\/index.php?rest_route=\/wp\/v2\/media\/29838"}],"wp:attachment":[{"href":"https:\/\/www.sportchaco.com.ar\/index.php?rest_route=%2Fwp%2Fv2%2Fmedia&parent=29837"}],"wp:term":[{"taxonomy":"category","embeddable":true,"href":"https:\/\/www.sportchaco.com.ar\/index.php?rest_route=%2Fwp%2Fv2%2Fcategories&post=29837"},{"taxonomy":"post_tag","embeddable":true,"href":"https:\/\/www.sportchaco.com.ar\/index.php?rest_route=%2Fwp%2Fv2%2Ftags&post=29837"}],"curies":[{"name":"wp","href":"https:\/\/api.w.org\/{rel}","templated":true}]}}