{"id":29857,"date":"2025-12-09T17:05:57","date_gmt":"2025-12-09T20:05:57","guid":{"rendered":"https:\/\/www.sportchaco.com.ar\/?p=29857"},"modified":"2025-12-09T19:00:48","modified_gmt":"2025-12-09T22:00:48","slug":"adios-a-julio-garcia-una-figura-clave-en-la-historia-institucional-del-club-sarmiento","status":"publish","type":"post","link":"https:\/\/www.sportchaco.com.ar\/?p=29857","title":{"rendered":"Adi\u00f3s a Julio Garc\u00eda, una figura clave en la historia institucional del Club Sarmiento"},"content":{"rendered":"<p data-start=\"161\" data-end=\"260\"><strong>09-12-2025<\/strong><\/p>\n<p data-start=\"161\" data-end=\"260\"><img loading=\"lazy\" decoding=\"async\" class=\"aligncenter size-large wp-image-20490\" src=\"https:\/\/www.sportchaco.com.ar\/wp-content\/uploads\/2025\/06\/728x90-1-1024x127.gif\" alt=\"\" width=\"1024\" height=\"127\" srcset=\"https:\/\/www.sportchaco.com.ar\/wp-content\/uploads\/2025\/06\/728x90-1-1024x127.gif 1024w, https:\/\/www.sportchaco.com.ar\/wp-content\/uploads\/2025\/06\/728x90-1-300x37.gif 300w, https:\/\/www.sportchaco.com.ar\/wp-content\/uploads\/2025\/06\/728x90-1-768x96.gif 768w\" sizes=\"auto, (max-width: 1024px) 100vw, 1024px\" \/><\/p>\n<p data-start=\"376\" data-end=\"645\">La ciudad de Resistencia despide hoy al <strong data-start=\"416\" data-end=\"439\">doctor Julio Garc\u00eda<\/strong>, abogado, dirigente deportivo y referente institucional, quien falleci\u00f3 a los 88 a\u00f1os, dejando tras de s\u00ed una vida marcada por el compromiso, el esfuerzo y una profunda pertenencia a la comunidad chaque\u00f1a.<\/p>\n<p data-start=\"647\" data-end=\"1182\">Nacido el <strong data-start=\"657\" data-end=\"679\">9 de julio de 1937<\/strong>, Julio fue hijo de <strong data-start=\"699\" data-end=\"721\">Angelina Fern\u00e1ndez<\/strong> y <strong data-start=\"724\" data-end=\"742\">Ces\u00e1reo Garc\u00eda<\/strong>, inmigrantes asturianos cuya historia representa, como tantas, el esp\u00edritu de sacrificio que ayud\u00f3 a construir el Chaco moderno. Angelina hab\u00eda llegado al territorio en 1921 y, tras pasar por Colonia Napalp\u00ed, se radic\u00f3 en Resistencia. Desde all\u00ed escribi\u00f3 a su pretendiente, Ces\u00e1reo, quien trabajaba en los socavones de Asturias. \u00c9l no dud\u00f3: con una valija y un sue\u00f1o viajero, lleg\u00f3 al Chaco en 1924. A los tres d\u00edas ya eran marido y mujer.<\/p>\n<p data-start=\"647\" data-end=\"1182\"><img loading=\"lazy\" decoding=\"async\" class=\"aligncenter\" src=\"https:\/\/scontent.fcnq2-2.fna.fbcdn.net\/v\/t39.30808-6\/597395609_122117736327022572_6715020574074689803_n.jpg?_nc_cat=110&amp;ccb=1-7&amp;_nc_sid=127cfc&amp;_nc_ohc=kEf_HZ5GSvEQ7kNvwEQ369S&amp;_nc_oc=AdmU7JTAkLO3_yU8lzVFC5plVW4wY38GvRPmYwstDZEqYAb8hDqJig5JNhDchoBOaV8&amp;_nc_zt=23&amp;_nc_ht=scontent.fcnq2-2.fna&amp;_nc_gid=3hT7OjTaP6qmK9uNM3luug&amp;oh=00_Afndc17z3pu5mtFR9sQGLc7iWtI3zGMTTDGtC7hgIRvk_Q&amp;oe=693E6A9C\" alt=\"Puede ser una imagen de texto\" width=\"600\" height=\"320\" \/><\/p>\n<p data-start=\"647\" data-end=\"1182\"><em><strong>Muy amigo de Alberto J. Armando. Fue quien le regal\u00f3 el Falc\u00f3 descapotable hist\u00f3rico que rodaba por la caslles de Resistencia.<\/strong><\/em><\/p>\n<p data-start=\"1184\" data-end=\"1566\">Ces\u00e1reo comenz\u00f3 como vendedor ambulante, hasta que la oportunidad toc\u00f3 su puerta en el viejo almac\u00e9n de Rosendo Meana, en la calle Libertad \u2014hoy Arturo Illia\u2014. Aquel negocio, adquirido con confianza y pagado \u201ccomo pudiera\u201d, se convertir\u00eda luego en el <strong data-start=\"1435\" data-end=\"1476\">primer almac\u00e9n mayorista del Nordeste<\/strong>, un s\u00edmbolo del empuje de la familia Garc\u00eda. All\u00ed nacieron sus hijos: <strong data-start=\"1547\" data-end=\"1557\">Manolo<\/strong> y Julio.<\/p>\n<p data-start=\"1568\" data-end=\"1811\">La visi\u00f3n de futuro llev\u00f3 a Ces\u00e1reo a trasladar su negocio primero a Cangallo y 25 de Mayo, y luego, acompa\u00f1ando el crecimiento de la ciudad, a la Ruta 11, donde hoy se ubica Maxiconsumo. Ese esp\u00edritu emprendedor marcar\u00eda para siempre a Julio.<\/p>\n<p data-start=\"1568\" data-end=\"1811\"><img loading=\"lazy\" decoding=\"async\" class=\"aligncenter\" src=\"https:\/\/scontent.fcnq2-2.fna.fbcdn.net\/v\/t39.30808-6\/596528568_122117736315022572_1025869127649287744_n.webp?stp=dst-jpg_tt6&amp;_nc_cat=103&amp;ccb=1-7&amp;_nc_sid=127cfc&amp;_nc_ohc=gF4KVZQtOFIQ7kNvwE6a6ik&amp;_nc_oc=Adm4e7_sGvnKgDhoeqM7TIYLg2RHMHs27GJlf9HVSCs1X4ajSRylNS6BR4pgz_Pzy2g&amp;_nc_zt=23&amp;_nc_ht=scontent.fcnq2-2.fna&amp;_nc_gid=fZz7jscizV0nFzuOHrn49g&amp;oh=00_Afno9Himj6aOdfj1w54PB8VisOExf3836xl1IW5d7IUDNw&amp;oe=693E3A64\" alt=\"Puede ser una imagen de texto que dice &quot;DR. JULIO GARCIA S\u00f3lo hubo que seguir la huella&quot;\" width=\"380\" height=\"533\" \/><\/p>\n<p data-start=\"1568\" data-end=\"1811\">El libro de Julio Garc\u00eda escrito por Roly P\u00e9rez Beveraggi<\/p>\n<h3 data-start=\"1813\" data-end=\"1876\"><strong data-start=\"1817\" data-end=\"1876\">El llamado inesperado que cambi\u00f3 la historia del Decano<\/strong><\/h3>\n<p data-start=\"1878\" data-end=\"2118\">El f\u00fatbol era una pasi\u00f3n familiar. Los colores del Club Sarmiento, que evocaban la bandera espa\u00f1ola, conquistaron a Ces\u00e1reo y a sus hijos desde peque\u00f1os. Pero ser\u00eda Julio quien terminar\u00eda ocupando un lugar central en la historia del Decano.<\/p>\n<p data-start=\"2120\" data-end=\"2415\">En <strong data-start=\"2123\" data-end=\"2131\">1967<\/strong>, mientras disfrutaba unas vacaciones en Mar del Plata, recibi\u00f3 una llamada telef\u00f3nica inesperada desde Resistencia: hab\u00eda sido elegido <strong data-start=\"2267\" data-end=\"2300\">presidente del Club Sarmiento<\/strong>, con apenas <strong data-start=\"2313\" data-end=\"2324\">26 a\u00f1os<\/strong>. Sin debate ni dilaciones, la dirigencia lo ungi\u00f3 como m\u00e1xima autoridad de la instituci\u00f3n.<\/p>\n<p data-start=\"2417\" data-end=\"2613\">A su regreso, asumi\u00f3 de inmediato y se entreg\u00f3 con una dedicaci\u00f3n absoluta, muchas veces de \u201c24 horas por d\u00eda\u201d. As\u00ed se inici\u00f3 una de las etapas m\u00e1s trascendentes del club en materia institucional.<\/p>\n<p data-start=\"2417\" data-end=\"2613\"><img loading=\"lazy\" decoding=\"async\" class=\"aligncenter\" src=\"https:\/\/scontent.fcnq2-1.fna.fbcdn.net\/v\/t39.30808-6\/596428365_122117736291022572_2097445647121447995_n.jpg?_nc_cat=106&amp;ccb=1-7&amp;_nc_sid=127cfc&amp;_nc_ohc=44v0smip-fEQ7kNvwFMUGKX&amp;_nc_oc=AdnylmngRC1lGucRj59x2I6B0-bgP7KIucQv3D1RVsXD8lW_zc6QQF_wt9fy7OGQYds&amp;_nc_zt=23&amp;_nc_ht=scontent.fcnq2-1.fna&amp;_nc_gid=u4n6OXn_SYmMuon445VlHQ&amp;oh=00_AfmJsICKSYn_YQSTA8dykP5WEljirAaYPwlAZACSxVfs_w&amp;oe=693E56DB\" alt=\"No hay ninguna descripci\u00f3n de la foto disponible.\" width=\"287\" height=\"175\" \/><\/p>\n<p data-start=\"2417\" data-end=\"2613\"><em><strong>Lo trajo a Ram\u00f3n La Cruz a pelear a Resistencia. Aqu\u00ed llegando al Aeropuerto Internacional<\/strong><\/em><\/p>\n<h3 data-start=\"2615\" data-end=\"2663\"><strong data-start=\"2619\" data-end=\"2663\">Una gesti\u00f3n que dej\u00f3 huellas imborrables<\/strong><\/h3>\n<p data-start=\"2665\" data-end=\"2772\">Durante su presidencia se concretaron obras que a\u00fan hoy forman parte del patrimonio hist\u00f3rico de Sarmiento:<\/p>\n<ul data-start=\"2774\" data-end=\"3278\">\n<li data-start=\"2774\" data-end=\"2891\">\n<p data-start=\"2776\" data-end=\"2891\"><strong data-start=\"2776\" data-end=\"2823\">La construcci\u00f3n del primer natatorio social<\/strong>, con vestuarios propios, uno de los grandes orgullos de la \u00e9poca.<\/p>\n<\/li>\n<li data-start=\"2892\" data-end=\"2992\">\n<p data-start=\"2894\" data-end=\"2992\"><strong data-start=\"2894\" data-end=\"2949\">La compra de la esquina de Per\u00f3n y avenida Mac Lean<\/strong>, ampliando la base patrimonial del club.<\/p>\n<\/li>\n<li data-start=\"2993\" data-end=\"3132\">\n<p data-start=\"2995\" data-end=\"3132\"><strong data-start=\"2995\" data-end=\"3066\">La adquisici\u00f3n de las 10 hect\u00e1reas sobre la Ruta Nicol\u00e1s Avellaneda<\/strong>, terreno que permiti\u00f3 so\u00f1ar con proyectos de mayor envergadura.<\/p>\n<\/li>\n<li data-start=\"3133\" data-end=\"3278\">\n<p data-start=\"3135\" data-end=\"3278\"><strong data-start=\"3135\" data-end=\"3191\">La incorporaci\u00f3n de las butacas de la platea techada<\/strong>, provenientes del ex cine Cortez, un s\u00edmbolo de identidad para generaciones de socios.<\/p>\n<\/li>\n<\/ul>\n<p data-start=\"3280\" data-end=\"3499\">En lo deportivo, Julio impuls\u00f3 la conformaci\u00f3n de equipos de jerarqu\u00eda y promovi\u00f3 una fuerte presencia institucional en cada disciplina. Sin embargo, tambi\u00e9n vivi\u00f3 uno de los momentos m\u00e1s dolorosos para el sarmientismo.<\/p>\n<p data-start=\"3280\" data-end=\"3499\"><img decoding=\"async\" src=\"https:\/\/scontent.fcnq2-1.fna.fbcdn.net\/v\/t39.30808-6\/596425689_122117736429022572_1338045362114211306_n.jpg?_nc_cat=100&amp;ccb=1-7&amp;_nc_sid=127cfc&amp;_nc_ohc=8XWOfhr_UyEQ7kNvwH01A-B&amp;_nc_oc=AdlLqC7PDhBjIapyVP5cFZgyhMQ2wQ-ScA28n0S_5QeeEpdwu6mK62O1Jg2sbhiuvU8&amp;_nc_zt=23&amp;_nc_ht=scontent.fcnq2-1.fna&amp;_nc_gid=e6XgmuoKRyTqE99e1UJbZw&amp;oh=00_AflFcm7fGfC7ZpHwh09WjbwU7VomdQp_9iotL2UETag0GQ&amp;oe=693E5A6C\" alt=\"Puede ser una imagen de una o varias personas\" \/><\/p>\n<h3 data-start=\"3501\" data-end=\"3531\"><strong data-start=\"3505\" data-end=\"3531\">La tarde que a\u00fan duele<\/strong><\/h3>\n<p data-start=\"3533\" data-end=\"3802\">Era el partido final ante Hurac\u00e1n de Corrientes. Sarmiento ten\u00eda la puerta abierta para ingresar al Torneo Nacional. Pero en el \u00faltimo minuto, el \u201cNaranja\u201d Maglioni elev\u00f3 un penal sobre el travesa\u00f1o. La pelota, cuentan los memoriosos, termin\u00f3 en el aserradero de Roa.<\/p>\n<p data-start=\"3804\" data-end=\"4053\">Aquella tarde qued\u00f3 grabada en la memoria colectiva como <strong data-start=\"3861\" data-end=\"3890\">la frustraci\u00f3n m\u00e1s grande<\/strong> de la era moderna del club. Julio la recordaba siempre con serenidad, con la mirada del dirigente que sab\u00eda que tambi\u00e9n de las derrotas se construye la identidad.<\/p>\n<h3 data-start=\"4055\" data-end=\"4087\"><strong data-start=\"4059\" data-end=\"4087\">Un legado que trasciende<\/strong><\/h3>\n<p data-start=\"4089\" data-end=\"4374\">A lo largo de su vida, el Dr. Julio Garc\u00eda combin\u00f3 su vocaci\u00f3n profesional con un compromiso permanente con su comunidad y con la instituci\u00f3n que marc\u00f3 su juventud. Su gesti\u00f3n dej\u00f3 bases s\u00f3lidas, patrimonio concreto y una forma de entender la dirigencia: con trabajo, visi\u00f3n y entrega.<\/p>\n<p data-start=\"4376\" data-end=\"4495\">Hoy, Resistencia despide a uno de sus hijos.<br data-start=\"4420\" data-end=\"4423\" \/>Y el Club Sarmiento despide a uno de sus presidentes m\u00e1s emblem\u00e1ticos.<\/p>\n<p data-start=\"4497\" data-end=\"4651\">Su legado permanecer\u00e1 en cada rinc\u00f3n del club, en cada obra que llev\u00f3 adelante, y en la memoria de quienes vivieron aquella etapa de crecimiento y pasi\u00f3n.<\/p>\n<p data-start=\"4653\" data-end=\"4768\"><strong data-start=\"4653\" data-end=\"4767\">Que descanse en paz el Dr. Julio Garc\u00eda, un nombre que ya es parte de la historia grande del deporte chaque\u00f1o.<\/strong><\/p>\n<p data-start=\"4653\" data-end=\"4768\"><img loading=\"lazy\" decoding=\"async\" class=\"alignnone wp-image-29784\" src=\"https:\/\/www.sportchaco.com.ar\/wp-content\/uploads\/2025\/12\/Luis-Dario-11-08-2025-3-COPIA-300x229.jpeg\" alt=\"\" width=\"64\" height=\"49\" srcset=\"https:\/\/www.sportchaco.com.ar\/wp-content\/uploads\/2025\/12\/Luis-Dario-11-08-2025-3-COPIA-300x229.jpeg 300w, https:\/\/www.sportchaco.com.ar\/wp-content\/uploads\/2025\/12\/Luis-Dario-11-08-2025-3-COPIA-768x586.jpeg 768w, https:\/\/www.sportchaco.com.ar\/wp-content\/uploads\/2025\/12\/Luis-Dario-11-08-2025-3-COPIA.jpeg 859w\" sizes=\"auto, (max-width: 64px) 100vw, 64px\" \/>\u00a0<em><strong>POR LUIS DARIO MOLODEZKY<\/strong><\/em><\/p>\n<div class=\"x14z9mp xat24cr x1lziwak x1vvkbs xtlvy1s x126k92a\">\n<div dir=\"auto\"><strong>Comunicado del Club Atl\u00e9tico Sarmiento<\/strong><\/div>\n<div dir=\"auto\">El Club A. Sarmiento participa con mucho dolor el fallecimiento de nuestro Ex Presidente, declar\u00e1ndose el d\u00eda de hoy Martes 9\/11 *sin actividades* y la semana de luto.<\/div>\n<\/div>\n<div class=\"x14z9mp xat24cr x1lziwak x1vvkbs xtlvy1s x126k92a\">\n<div dir=\"auto\">Sus restos ser\u00e1n cremados y, por pedido propio, sus cenizas ser\u00e1n esparcidas en las instalaciones del Club.<\/div>\n<\/div>\n<div class=\"x14z9mp xat24cr x1lziwak x1vvkbs xtlvy1s x126k92a\">\n<div dir=\"auto\">Acompa\u00f1amos a la familia y allegados en \u00e9ste triste momento.<\/div>\n<\/div>\n<div class=\"x14z9mp xat24cr x1lziwak x1vvkbs xtlvy1s x126k92a\">\n<div dir=\"auto\">Comisi\u00f3n Directiva.<\/div>\n<\/div>\n<div dir=\"auto\"><\/div>\n<div dir=\"auto\"><img loading=\"lazy\" decoding=\"async\" class=\"aligncenter size-large wp-image-20149\" src=\"https:\/\/www.sportchaco.com.ar\/wp-content\/uploads\/2025\/06\/Chaco-sin-fuego-1080x1350-3-819x1024.gif\" alt=\"\" width=\"819\" height=\"1024\" srcset=\"https:\/\/www.sportchaco.com.ar\/wp-content\/uploads\/2025\/06\/Chaco-sin-fuego-1080x1350-3-819x1024.gif 819w, https:\/\/www.sportchaco.com.ar\/wp-content\/uploads\/2025\/06\/Chaco-sin-fuego-1080x1350-3-240x300.gif 240w, https:\/\/www.sportchaco.com.ar\/wp-content\/uploads\/2025\/06\/Chaco-sin-fuego-1080x1350-3-768x960.gif 768w, https:\/\/www.sportchaco.com.ar\/wp-content\/uploads\/2025\/06\/Chaco-sin-fuego-1080x1350-3-1229x1536.gif 1229w, https:\/\/www.sportchaco.com.ar\/wp-content\/uploads\/2025\/06\/Chaco-sin-fuego-1080x1350-3-1638x2048.gif 1638w\" sizes=\"auto, (max-width: 819px) 100vw, 819px\" \/><\/div>\n","protected":false},"excerpt":{"rendered":"<p>09-12-2025 La ciudad de Resistencia despide hoy al doctor Julio Garc\u00eda, abogado, dirigente deportivo y referente institucional, quien falleci\u00f3 a los 88 a\u00f1os, dejando tras de s\u00ed una vida marcada por el compromiso, el esfuerzo y una profunda pertenencia a la comunidad chaque\u00f1a. Nacido el 9 de julio de 1937, Julio fue hijo de Angelina &hellip;<\/p>\n","protected":false},"author":2,"featured_media":29858,"comment_status":"open","ping_status":"open","sticky":false,"template":"","format":"standard","meta":{"footnotes":""},"categories":[5],"tags":[],"class_list":["post-29857","post","type-post","status-publish","format-standard","has-post-thumbnail","hentry","category-futbol"],"_links":{"self":[{"href":"https:\/\/www.sportchaco.com.ar\/index.php?rest_route=\/wp\/v2\/posts\/29857","targetHints":{"allow":["GET"]}}],"collection":[{"href":"https:\/\/www.sportchaco.com.ar\/index.php?rest_route=\/wp\/v2\/posts"}],"about":[{"href":"https:\/\/www.sportchaco.com.ar\/index.php?rest_route=\/wp\/v2\/types\/post"}],"author":[{"embeddable":true,"href":"https:\/\/www.sportchaco.com.ar\/index.php?rest_route=\/wp\/v2\/users\/2"}],"replies":[{"embeddable":true,"href":"https:\/\/www.sportchaco.com.ar\/index.php?rest_route=%2Fwp%2Fv2%2Fcomments&post=29857"}],"version-history":[{"count":4,"href":"https:\/\/www.sportchaco.com.ar\/index.php?rest_route=\/wp\/v2\/posts\/29857\/revisions"}],"predecessor-version":[{"id":29865,"href":"https:\/\/www.sportchaco.com.ar\/index.php?rest_route=\/wp\/v2\/posts\/29857\/revisions\/29865"}],"wp:featuredmedia":[{"embeddable":true,"href":"https:\/\/www.sportchaco.com.ar\/index.php?rest_route=\/wp\/v2\/media\/29858"}],"wp:attachment":[{"href":"https:\/\/www.sportchaco.com.ar\/index.php?rest_route=%2Fwp%2Fv2%2Fmedia&parent=29857"}],"wp:term":[{"taxonomy":"category","embeddable":true,"href":"https:\/\/www.sportchaco.com.ar\/index.php?rest_route=%2Fwp%2Fv2%2Fcategories&post=29857"},{"taxonomy":"post_tag","embeddable":true,"href":"https:\/\/www.sportchaco.com.ar\/index.php?rest_route=%2Fwp%2Fv2%2Ftags&post=29857"}],"curies":[{"name":"wp","href":"https:\/\/api.w.org\/{rel}","templated":true}]}}