{"id":29886,"date":"2025-12-09T23:09:51","date_gmt":"2025-12-10T02:09:51","guid":{"rendered":"https:\/\/www.sportchaco.com.ar\/?p=29886"},"modified":"2025-12-10T12:09:51","modified_gmt":"2025-12-10T15:09:51","slug":"el-circulo-presenta-la-43-fiesta-anual-del-deporte","status":"publish","type":"post","link":"https:\/\/www.sportchaco.com.ar\/?p=29886","title":{"rendered":"El C\u00edrculo presenta la 43\u00b0 Fiesta Anual del Deporte"},"content":{"rendered":"<div class=\"the-post-header s-head-modern s-head-modern-a s-head-modern-below\">\n<div class=\"post-meta post-meta-a post-meta-left post-meta-single\">\n<p class=\"is-title post-title\"><strong>10-12-2025<\/strong><\/p>\n<p><img loading=\"lazy\" decoding=\"async\" class=\"aligncenter size-full wp-image-20491\" src=\"https:\/\/www.sportchaco.com.ar\/wp-content\/uploads\/2025\/06\/PARQUE-SOLAR_720x90-01.gif\" alt=\"\" width=\"720\" height=\"90\" \/><\/p>\n<\/div>\n<\/div>\n<div class=\"the-post s-post-modern-below\">\n<article id=\"post-129043\" class=\"post-129043 post type-post status-publish format-standard has-post-thumbnail category-ciudad\">\n<div class=\"post-content-wrap has-share-float has-share-float-in\">\n<div class=\"post-content cf entry-content content-spacious\">\n<p>Los miembros de comisi\u00f3n directiva del C\u00edrculo de Periodistas, organizador del acontecimiento, junto a autoridades del Instituto del Deporte y de Loter\u00eda Chaque\u00f1a, brindar\u00e1n detalles del evento a realizarse el pr\u00f3ximo viernes 19 de diciembre en el Centro de Convenciones del Domo del Centenario.<\/p>\n<div class=\"a-wrap a-wrap-base a-wrap-8 alignwide a-wrap-bg\">\n<div class=\"label\"><\/div>\n<\/div>\n<p>En contacto con los periodistas de los diversos medios, se brindar\u00e1n los nombres de los atletas a ser distinguidos en las diferentes disciplinas, adem\u00e1s de los reconocimientos que se har\u00e1n a figuras del deporte, instituciones y el directivo. Sin dudas, la gran atracci\u00f3n estar\u00e1 centrada en la consagraci\u00f3n del Deportista del A\u00f1o.<\/p>\n<p><img decoding=\"async\" src=\"https:\/\/www.diarionorte.com\/content\/bucket\/5\/391385w790h527c.jpg.webp\" \/><\/p>\n<p><strong>PRIMEROS NOMINADOS<\/strong><br \/>\n<strong>Ajedrez:<\/strong>\u00a0Noah Zalazar<br \/>\n<strong>Atletismo:<\/strong>\u00a0Thiago Acevedo<br \/>\n<strong>Boxeo:<\/strong>\u00a0Carlos G\u00f3mez Remotti<br \/>\n<strong>Caza:<\/strong>\u00a0Juan Gael Alegre<br \/>\n<strong>Cestoball:<\/strong>\u00a0Mat\u00edas Barreto<br \/>\n<strong>Canotaje:<\/strong>\u00a0Paula Flores<br \/>\n<strong>Ciclismo:<\/strong>\u00a0Germ\u00e1n Trautner<br \/>\n<strong>Futsal:<\/strong>\u00a0Marcos Jes\u00fas Fern\u00e1ndez<br \/>\n<strong>Fisicoculturismo:<\/strong>\u00a0Mario Monfardini<br \/>\n<strong>Golf:<\/strong>\u00a0Camilo Chapresto<br \/>\n<strong>Levantamiento Ol\u00edmpico de Pesas:<\/strong>\u00a0Milena Ayala<br \/>\n<strong>Nataci\u00f3n:<\/strong>\u00a0Thiago Romero<br \/>\n<strong>Rugby masculino:<\/strong>\u00a0Ignacio Baiter<br \/>\n<strong>Rugby femenino:<\/strong>\u00a0Cristal Escalante<br \/>\n<strong>Squash:<\/strong>\u00a0Luca Antenucci<br \/>\n<strong>Tenis de Mesa:<\/strong>\u00a0Juan Cruz Axon<br \/>\n<strong>Tiro:<\/strong>\u00a0Adri\u00e1n Cristaldo<br \/>\n<strong>Triatl\u00f3n:<\/strong>\u00a0Ignacio Zurlo<br \/>\n<strong>V\u00f3ley:<\/strong>\u00a0Gabriel C\u00f3rdoba<\/p>\n<p><img loading=\"lazy\" decoding=\"async\" class=\"aligncenter size-large wp-image-20100\" src=\"https:\/\/www.sportchaco.com.ar\/wp-content\/uploads\/2025\/06\/300x250-1024x854.gif\" alt=\"\" width=\"1024\" height=\"854\" srcset=\"https:\/\/www.sportchaco.com.ar\/wp-content\/uploads\/2025\/06\/300x250-1024x854.gif 1024w, https:\/\/www.sportchaco.com.ar\/wp-content\/uploads\/2025\/06\/300x250-300x250.gif 300w, https:\/\/www.sportchaco.com.ar\/wp-content\/uploads\/2025\/06\/300x250-768x640.gif 768w\" sizes=\"auto, (max-width: 1024px) 100vw, 1024px\" \/><\/p>\n<\/div>\n<\/div>\n<\/article>\n<\/div>\n","protected":false},"excerpt":{"rendered":"<p>10-12-2025 Los miembros de comisi\u00f3n directiva del C\u00edrculo de Periodistas, organizador del acontecimiento, junto a autoridades del Instituto del Deporte y de Loter\u00eda Chaque\u00f1a, brindar\u00e1n detalles del evento a realizarse el pr\u00f3ximo viernes 19 de diciembre en el Centro de Convenciones del Domo del Centenario. En contacto con los periodistas de los diversos medios, se &hellip;<\/p>\n","protected":false},"author":2,"featured_media":29890,"comment_status":"open","ping_status":"open","sticky":false,"template":"","format":"standard","meta":{"footnotes":""},"categories":[44],"tags":[],"class_list":["post-29886","post","type-post","status-publish","format-standard","has-post-thumbnail","hentry","category-varios"],"_links":{"self":[{"href":"https:\/\/www.sportchaco.com.ar\/index.php?rest_route=\/wp\/v2\/posts\/29886","targetHints":{"allow":["GET"]}}],"collection":[{"href":"https:\/\/www.sportchaco.com.ar\/index.php?rest_route=\/wp\/v2\/posts"}],"about":[{"href":"https:\/\/www.sportchaco.com.ar\/index.php?rest_route=\/wp\/v2\/types\/post"}],"author":[{"embeddable":true,"href":"https:\/\/www.sportchaco.com.ar\/index.php?rest_route=\/wp\/v2\/users\/2"}],"replies":[{"embeddable":true,"href":"https:\/\/www.sportchaco.com.ar\/index.php?rest_route=%2Fwp%2Fv2%2Fcomments&post=29886"}],"version-history":[{"count":4,"href":"https:\/\/www.sportchaco.com.ar\/index.php?rest_route=\/wp\/v2\/posts\/29886\/revisions"}],"predecessor-version":[{"id":29915,"href":"https:\/\/www.sportchaco.com.ar\/index.php?rest_route=\/wp\/v2\/posts\/29886\/revisions\/29915"}],"wp:featuredmedia":[{"embeddable":true,"href":"https:\/\/www.sportchaco.com.ar\/index.php?rest_route=\/wp\/v2\/media\/29890"}],"wp:attachment":[{"href":"https:\/\/www.sportchaco.com.ar\/index.php?rest_route=%2Fwp%2Fv2%2Fmedia&parent=29886"}],"wp:term":[{"taxonomy":"category","embeddable":true,"href":"https:\/\/www.sportchaco.com.ar\/index.php?rest_route=%2Fwp%2Fv2%2Fcategories&post=29886"},{"taxonomy":"post_tag","embeddable":true,"href":"https:\/\/www.sportchaco.com.ar\/index.php?rest_route=%2Fwp%2Fv2%2Ftags&post=29886"}],"curies":[{"name":"wp","href":"https:\/\/api.w.org\/{rel}","templated":true}]}}