{"id":29916,"date":"2025-12-10T12:25:10","date_gmt":"2025-12-10T15:25:10","guid":{"rendered":"https:\/\/www.sportchaco.com.ar\/?p=29916"},"modified":"2025-12-10T12:36:06","modified_gmt":"2025-12-10T15:36:06","slug":"pepe-stacul-el-hombre-que-ordena-a-cultural-en-la-noche-decisiva-del-prefederal","status":"publish","type":"post","link":"https:\/\/www.sportchaco.com.ar\/?p=29916","title":{"rendered":"Pepe Stacul, el hombre que ordena a Cultural en la noche decisiva del Prefederal"},"content":{"rendered":"<header class=\"with-person\">\n<div class=\" large m_image\">\n<figure><figcaption><em><strong>Foto portada: Stacul y su amigo Carlos Carrocino. Colegas en el deporte y circunstanciales adversarios entre Cultura y H\u00e9rcules de Charata. Hicieron juntos todas las formativas en Italiana.<\/strong><\/em><\/figcaption><\/figure>\n<\/div>\n<p>&nbsp;<\/p>\n<div>\n<h5><\/h5>\n<h5>A sus 41 a\u00f1os, Aldo es el sost\u00e9n emocional y deportivo del equipo de Santa Sylvina que busca coronar un proyecto basado en la cantera y la continuidad. En la definici\u00f3n ante Regatas, su experiencia ser\u00e1 clave para un plantel joven que creci\u00f3 a su lado. El interno charatense -pero sylvinense por adopci\u00f3n- se mantiene vigente, gu\u00eda a un plantel joven y encara otra noche decisiva este viernes 12, desde las 22.<\/h5>\n<\/div>\n<div class=\"meta\"><\/div>\n<\/header>\n<section class=\"body\">\n<section class=\"content\">\n<div class=\"main-text\">\n<div class=\"social\">\n<div class=\"share\"><\/div>\n<\/div>\n<div class=\" original m_image\">\n<figure><picture><source srcset=\"https:\/\/www.diarionorte.com\/content\/bucket\/9\/438959w603h493c.jpg.webp\" type=\"image\/webp\" media=\"(min-width: 640px)\" \/><source srcset=\"https:\/\/www.diarionorte.com\/content\/bucket\/9\/438959w440h360c.jpg.webp\" type=\"image\/webp\" media=\"(min-width: 300px)\" \/><source srcset=\"https:\/\/www.diarionorte.com\/content\/bucket\/9\/438959w603h493c.jpg\" media=\"(min-width: 300px)\" \/><img loading=\"lazy\" decoding=\"async\" class=\"pic\" src=\"https:\/\/www.diarionorte.com\/content\/bucket\/9\/438959w603h493c.jpg.webp\" alt=\"\" width=\"603\" height=\"493\" \/><\/picture><figcaption>Con la 10 en la espalda, manejando los hilos del equipo y siendo la voz de mando en los momentos calientes del juego.<\/figcaption><\/figure>\n<\/div>\n<p><strong>En la previa de la definici\u00f3n del Prefederal 2025, el clima en Santa Sylvina tiene un pulso distinto.<\/strong>\u00a0No es s\u00f3lo un partido: son a\u00f1os de trabajo que buscan su consagraci\u00f3n. Y all\u00ed, en el coraz\u00f3n del vestuario del Cultural, vuelve a aparecer su figura m\u00e1s experimentada, m\u00e1s serena y m\u00e1s necesaria:\u00a0<strong>Aldo \u00ab<em>Pepe<\/em>\u00bb Stacul.<\/strong><\/p>\n<p>Pasan los a\u00f1os, pasan los torneos, pasan los recambios naturales que impone el b\u00e1squet moderno, y sin embargo el\u00a0<em>alero fuerte<\/em>\u00a0sigue ah\u00ed:\u00a0<strong>con el oficio intacto, la lectura justa y el liderazgo silencioso que s\u00f3lo dan casi tres d\u00e9cadas de recorrido por clubes, categor\u00edas, viajes y noches de liga.\u00a0<\/strong><\/p>\n<div class=\"left medium m_image\">\n<figure><picture><source srcset=\"https:\/\/www.diarionorte.com\/content\/bucket\/8\/438958w380h295c.jpg.webp\" type=\"image\/webp\" media=\"(min-width: 640px)\" \/><source srcset=\"https:\/\/www.diarionorte.com\/content\/bucket\/8\/438958w440h342c.jpg.webp\" type=\"image\/webp\" media=\"(min-width: 300px)\" \/><source srcset=\"https:\/\/www.diarionorte.com\/content\/bucket\/8\/438958w380h295c.jpg\" media=\"(min-width: 300px)\" \/><img loading=\"lazy\" decoding=\"async\" class=\"pic\" src=\"https:\/\/www.diarionorte.com\/content\/bucket\/8\/438958w380h295c.jpg.webp\" alt=\"\" width=\"380\" height=\"295\" \/><\/picture><figcaption>Experiencia y liderazgo en un joven equipo sylvinense que busca repetir el t\u00edtulo provincial,<\/figcaption><\/figure>\n<\/div>\n<p>Pepe naci\u00f3 en Charata, se form\u00f3 desde los 14 a\u00f1os en\u00a0<strong>Asociaci\u00f3n Italiana de Charata; pas\u00f3 por Asociaci\u00f3n Espa\u00f1ola de Charata, H\u00e9rcules de Charata, Social de Las Bre\u00f1as, Alvear de Villa \u00c1ngela, Comercio de Santa Sylvina y Don Bosco de Resistencia<\/strong>. Ese mapa dibuja una carrera extensa que hoy lo encuentra como uno de los pocos jugadores de\u00a0<strong>41 a\u00f1os a\u00fan activos y vigentes en un torneo de m\u00e1xima exigencia provincial.<\/strong><\/p>\n<p>Su segundo ciclo en el Cultural \u2014el primero comenz\u00f3 en 2005 y el actual desde 2018\u2014 lo muestra en un rol que \u00e9l mismo define sin rodeos: \u00ab<em>El veterano<\/em>\u00ab. El que ordena, el que corrige, el que calma, el que empuja. El que sabe que, cuando el f\u00edsico ya no responde como a los 20, la experiencia y la astucia pesan tanto como un rebote clave.<\/p>\n<p>La final ante Regatas llega adem\u00e1s en un contexto particular: Cultural debi\u00f3 afrontar dos juegos en 24 horas, sufri\u00f3 la baja por lesi\u00f3n de su goleador Gast\u00f3n Araujo \u2014pieza clave del sistema\u2014 y enfrenta a un rival consolidado. Pero Stacul conoce esos territorios.\u00a0<strong>Mientras hace equilibrio entre minutos intensos en la pintura y conducci\u00f3n emocional del plantel, tambi\u00e9n entiende que su papel hoy es sostener y elevar a los j\u00f3venes que hace a\u00f1os vienen nutriendo al equipo.<\/strong><\/p>\n<div class=\"left small m_image\">\n<figure><picture><source srcset=\"https:\/\/www.diarionorte.com\/content\/bucket\/6\/438956w250h333c.jpg.webp\" type=\"image\/webp\" media=\"(min-width: 640px)\" \/><source srcset=\"https:\/\/www.diarionorte.com\/content\/bucket\/6\/438956w180h240c.jpg.webp\" type=\"image\/webp\" media=\"(min-width: 300px)\" \/><source srcset=\"https:\/\/www.diarionorte.com\/content\/bucket\/6\/438956w250h333c.jpg\" media=\"(min-width: 300px)\" \/><img loading=\"lazy\" decoding=\"async\" class=\"pic\" src=\"https:\/\/www.diarionorte.com\/content\/bucket\/6\/438956w250h333c.jpg.webp\" alt=\"\" width=\"250\" height=\"333\" \/><\/picture><figcaption>Con otro destacado del b\u00e1squet provincial, Juan Manuel Toloza. Pepe y Paru compartieron equipo en Espa\u00f1ola de Charata.<\/figcaption><\/figure>\n<\/div>\n<p>Porque si algo distingue a este Cultural 2025 es que es un equipo de \u00ab<em>la casa<\/em>\u00ab. Una construcci\u00f3n paciente:<strong>\u00a0formativas s\u00f3lidas, tres participaciones consecutivas en el Torneo Federal, decenas de partidos de U 17, U 19 y U 21 en la espalda<\/strong>. Chicos de 18 o 19 a\u00f1os que juegan como veteranos y no se achican. \u00ab<em>Son b\u00e1sicamente jugadores de primera<\/em>\u00ab, resume Pepe con un orgullo que excede lo personal.<\/p>\n<p>En ese v\u00ednculo intergeneracional est\u00e1 la fuerza del equipo. Cuatro a\u00f1os jugando juntos, un grupo humano firme, un objetivo claro y un sentido de pertenencia que se vuelve identidad. Cultural compite siempre, sin grandes presupuestos, sin grandes empresas que acompa\u00f1en y sin ayuda de los gobiernos de turno. Compite con su bandera: sostener la base, promover juveniles, creer en el proceso.\u00a0<strong>Es cierto, juega en la rotaci\u00f3n con siete jugadores, todos locales a excepci\u00f3n de Enrri Conrrado que lleg\u00f3 desde Hermoso Campo esta temporada ara potenciar el plantel de Enzo Ram\u00edrez.\u00a0<\/strong><\/p>\n<p>Stacul, que conoce de memoria la geograf\u00eda basquetbol\u00edstica del sudoeste chaque\u00f1o, sabe el valor que tiene que un club de una localidad peque\u00f1a pueda llegar a instancias nacionales. \u00ab<strong><em>Es dif\u00edcil y es caro<\/em>\u00a0<\/strong>\u00ab, dice. Pero su presencia adentro y afuera de la cancha sintetiza lo que verdaderamente sostiene a Cultural: convicci\u00f3n, constancia y comunidad.<\/p>\n<p>Este viernes 12, desde las 22, Santa Sylvina quiere vivir una fiesta. El equipo ya cumpli\u00f3 su primer objetivo \u2014clasificarse al Federal 2026 junto a Regatas, Don Bosco y H\u00e9rcules de Charata\u2014, pero ahora busca coronar un ciclo. \u00ab<strong><em>Vamos a dar a dar todo este fin de semana<\/em>\u00a0<\/strong>\u00ab, resume.<\/p>\n<p>\u00ab<em>Esperemos que este viernes sea una fiesta. Sabemos que en este tipo de partidos el que m\u00e1s fino est\u00e9 durante los 40 minutos, el que sea m\u00e1s paciente, el que piense mejor, el que sepa resolver las situaciones m\u00e1s finas, va a ser el que el que se va a llevar el partido y el campeonato. As\u00ed que esperemos estar a la altura del partido y Dios quiera se nos pueda dar, ya que es algo que lo venimos buscando con mucha las ansias hace mucho tiempo<\/em>\u00ab, concluye.<\/p>\n<div class=\" large m_image\">\n<figure><figcaption><\/figcaption>Y en partidos as\u00ed, lo sabe bien Stacul, no gana el m\u00e1s fuerte sino el m\u00e1s l\u00facido, el que resuelve mejor las jugadas finas, el que mantiene la calma durante 40 minutos.\u00a0<strong>Y no habr\u00e1 ma\u00f1ana: la serie final est\u00e1 2 a 2 y en la medianoche del viernes se conocer\u00e1 al nuevo campe\u00f3n provincial.<\/strong>\u00a0Cultural ya fue campe\u00f3n de este torneo en 2019 y ascendi\u00f3 al Federal, jugando por primera vez la tercera categor\u00eda del b\u00e1squet nacional.<\/figure>\n<\/div>\n<div class=\"right small m_image\">\n<figure><picture><source srcset=\"https:\/\/www.diarionorte.com\/content\/bucket\/0\/438960w250h329c.jpg.webp\" type=\"image\/webp\" media=\"(min-width: 640px)\" \/><source srcset=\"https:\/\/www.diarionorte.com\/content\/bucket\/0\/438960w180h237c.jpg.webp\" type=\"image\/webp\" media=\"(min-width: 300px)\" \/><source srcset=\"https:\/\/www.diarionorte.com\/content\/bucket\/0\/438960w250h329c.jpg\" media=\"(min-width: 300px)\" \/><img loading=\"lazy\" decoding=\"async\" class=\"pic\" src=\"https:\/\/www.diarionorte.com\/content\/bucket\/0\/438960w250h329c.jpg.webp\" alt=\"\" width=\"250\" height=\"329\" \/><\/picture><figcaption>Pepe Stacul en 2008 vistiendo los colores de club amado. En esa \u00e9poca usaba la n\u00famero 6.<\/figcaption><\/figure>\n<\/div>\n<p>A las puertas de\u00a0<strong>cumplir 42<\/strong>\u00a0(5 de enero), \u00ab<em>Pepe<\/em>\u00bb encara otra noche grande.\u00a0<strong>Con la experiencia como herramienta, la voz que ordena y el liderazgo que no necesita alzar el volumen, llega a una final m\u00e1s. Cultural tambi\u00e9n. Quiz\u00e1s, esta vez, ambos cierren un c\u00edrculo que empez\u00f3 a escribirse hace mucho tiempo.<\/strong><\/p>\n<div class=\"person-desc floatFix\">\n<figure><picture><source srcset=\"https:\/\/www.diarionorte.com\/content\/bucket\/1\/422521w80h80c.jpg\" media=\"(min-width: 300px)\" \/><img loading=\"lazy\" decoding=\"async\" src=\"https:\/\/www.diarionorte.com\/content\/bucket\/1\/422521w80h80c.jpg.webp\" alt=\"\" width=\"80\" height=\"80\" \/> <\/picture><em><strong><span class=\"name\">Por Guillermo Koster. <\/span>Redactor &#8211;<\/strong><\/em><em><strong>Gentileza<\/strong><\/em><\/figure>\n<\/div>\n<\/div>\n<\/section>\n<\/section>\n","protected":false},"excerpt":{"rendered":"<p>Foto portada: Stacul y su amigo Carlos Carrocino. Colegas en el deporte y circunstanciales adversarios entre Cultura y H\u00e9rcules de Charata. Hicieron juntos todas las formativas en Italiana. &nbsp; A sus 41 a\u00f1os, Aldo es el sost\u00e9n emocional y deportivo del equipo de Santa Sylvina que busca coronar un proyecto basado en la cantera y &hellip;<\/p>\n","protected":false},"author":2,"featured_media":29917,"comment_status":"open","ping_status":"open","sticky":false,"template":"","format":"standard","meta":{"footnotes":""},"categories":[3],"tags":[],"class_list":["post-29916","post","type-post","status-publish","format-standard","has-post-thumbnail","hentry","category-basquetbol"],"_links":{"self":[{"href":"https:\/\/www.sportchaco.com.ar\/index.php?rest_route=\/wp\/v2\/posts\/29916","targetHints":{"allow":["GET"]}}],"collection":[{"href":"https:\/\/www.sportchaco.com.ar\/index.php?rest_route=\/wp\/v2\/posts"}],"about":[{"href":"https:\/\/www.sportchaco.com.ar\/index.php?rest_route=\/wp\/v2\/types\/post"}],"author":[{"embeddable":true,"href":"https:\/\/www.sportchaco.com.ar\/index.php?rest_route=\/wp\/v2\/users\/2"}],"replies":[{"embeddable":true,"href":"https:\/\/www.sportchaco.com.ar\/index.php?rest_route=%2Fwp%2Fv2%2Fcomments&post=29916"}],"version-history":[{"count":2,"href":"https:\/\/www.sportchaco.com.ar\/index.php?rest_route=\/wp\/v2\/posts\/29916\/revisions"}],"predecessor-version":[{"id":29922,"href":"https:\/\/www.sportchaco.com.ar\/index.php?rest_route=\/wp\/v2\/posts\/29916\/revisions\/29922"}],"wp:featuredmedia":[{"embeddable":true,"href":"https:\/\/www.sportchaco.com.ar\/index.php?rest_route=\/wp\/v2\/media\/29917"}],"wp:attachment":[{"href":"https:\/\/www.sportchaco.com.ar\/index.php?rest_route=%2Fwp%2Fv2%2Fmedia&parent=29916"}],"wp:term":[{"taxonomy":"category","embeddable":true,"href":"https:\/\/www.sportchaco.com.ar\/index.php?rest_route=%2Fwp%2Fv2%2Fcategories&post=29916"},{"taxonomy":"post_tag","embeddable":true,"href":"https:\/\/www.sportchaco.com.ar\/index.php?rest_route=%2Fwp%2Fv2%2Ftags&post=29916"}],"curies":[{"name":"wp","href":"https:\/\/api.w.org\/{rel}","templated":true}]}}