{"id":29938,"date":"2025-12-10T20:20:56","date_gmt":"2025-12-10T23:20:56","guid":{"rendered":"https:\/\/www.sportchaco.com.ar\/?p=29938"},"modified":"2025-12-10T20:21:31","modified_gmt":"2025-12-10T23:21:31","slug":"el-19-se-realiza-la-fiesta-del-deporte-2025","status":"publish","type":"post","link":"https:\/\/www.sportchaco.com.ar\/?p=29938","title":{"rendered":"El 19 se realiza la Fiesta del Deporte 2025"},"content":{"rendered":"<nav id=\"breadcrumb\" class=\"breadcrumbs is-full-width breadcrumbs-a\"><\/nav>\n<div class=\"main ts-contain cf right-sidebar spc-alp-main\" data-title=\"La Fiesta Anual del C\u00edrculo consagrar\u00e1 al Deportista 2025 el viernes 19 - CHACODIAPORDIA.COM\" data-url=\"https:\/\/chacodiapordia.com\/la-fiesta-anual-del-circulo-consagrara-al-deportista-2025-el-viernes-19\/\">\n<div class=\"ts-row has-head-below\">\n<div class=\"col-8 main-content s-post-contain\">\n<div class=\"the-post-header s-head-modern s-head-modern-a s-head-modern-below\">\n<div class=\"post-meta post-meta-a post-meta-left post-meta-single\">\n<div class=\"post-meta-items meta-above\"><\/div>\n<div class=\"post-meta-items meta-above\"><\/div>\n<\/div>\n<\/div>\n<h5 class=\"single-featured\"><\/h5>\n<div class=\"the-post s-post-modern-below\">\n<article id=\"post-129181\" class=\"post-129181 post type-post status-publish format-standard has-post-thumbnail category-chaco-hoy\">\n<div class=\"post-content-wrap has-share-float\">\n<div class=\"post-content cf entry-content content-spacious\">\n<div class=\"label\"><\/div>\n<h5>El C\u00edrculo de Periodistas Deportivos\u00a0 del Chaco y autoridades provinciales, anunciaron este mi\u00e9rcoles la 43\u00b0 Fiesta Anual del Deporte Chaque\u00f1o que se realizar\u00e1 el viernes 19 de diciembre, a partir de las 21, en el Centro de Convenciones del Domo del Centenario. En el evento se reconoce el trabajo de deportistas chaque\u00f1os y se elige al Deportista del A\u00f1o.<\/h5>\n<p>La fiesta ser\u00e1 transmitida por el canal p\u00fablico Somos Uno, transmisi\u00f3n en la que se ver\u00e1n, adem\u00e1s, los reconocimientos a las instituciones deportivas y finalizar\u00e1 cuando se conozca al deportista de 2025. Este evento masivo crece a\u00f1o tras a\u00f1o por lo que el presidente del C\u00edrculo de Periodistas Deportivos, Willy Rodr\u00edguez, remarc\u00f3 que la ubicaci\u00f3n del Domo del Centenario permitir\u00e1 la presencia de familiares y amigos de los deportistas.<\/p>\n<div class=\"a-wrap a-wrap-base a-wrap-8 alignwide a-wrap-bg\">\n<div class=\"label\"><\/div>\n<\/div>\n<p>Participaron de la presentaci\u00f3n los presidentes Fabio V\u00e1squez, del Instituto del Deporte Chaque\u00f1o, y Lucas Apud Masin, de Loter\u00eda Chaque\u00f1a, quienes destacaron el trabajo que lleva adelante el C\u00edrculo de Periodistas Deportivos, principal organizador de la Fiesta Anual de Deporte Chaque\u00f1o. En su discurso, V\u00e1squez celebr\u00f3 este reconocimiento \u201cal trabajo, esfuerzo y dedicaci\u00f3n de los deportistas durante todo el a\u00f1o\u201d.<\/p>\n<p>Por su parte, Apud Masin de Loter\u00eda Chaque\u00f1a, asegur\u00f3 que se trabaja constantemente en la promoci\u00f3n de pol\u00edticas p\u00fablicas deportivas, \u201csabiendo que el deporte es un espacio de contenci\u00f3n que permite formarse, crecer con valores, trabajar en equipos y ser solidarios\u201d. \u201cPor ello, todo lo que est\u00e9 relacionado con el deporte es prioridad para Loter\u00eda Chaque\u00f1a\u201d, subray\u00f3 y record\u00f3 que el fin de semana pasado se inauguraron canchas de paddle en Presidencia Roca y en Pampa del Infierno.<\/p>\n<div class=\"single-featured\">\n<div class=\"featured\">\n<figure class=\"image-link media-ratio ratio-16-9\"><img loading=\"lazy\" decoding=\"async\" class=\"attachment-bunyad-main size-bunyad-main no-lazy skip-lazy wp-post-image\" title=\"Se present\u00f3 la 43\u00b0 Fiesta del Deporte Chaque\u00f1o: \u00abHay muchos candidatos, pero todav\u00eda nada est\u00e1 definido\u00bb\" src=\"https:\/\/www.diariolavozdelchaco.com\/wp-content\/uploads\/2025\/12\/fotos-apaisadas-y-youtube-La-Voz-1-1024x726.jpg\" sizes=\"auto, (max-width: 801px) 100vw, 801px\" srcset=\"https:\/\/www.diariolavozdelchaco.com\/wp-content\/uploads\/2025\/12\/fotos-apaisadas-y-youtube-La-Voz-1-1024x726.jpg 1024w, https:\/\/www.diariolavozdelchaco.com\/wp-content\/uploads\/2025\/12\/fotos-apaisadas-y-youtube-La-Voz-1-768x545.jpg 768w, https:\/\/www.diariolavozdelchaco.com\/wp-content\/uploads\/2025\/12\/fotos-apaisadas-y-youtube-La-Voz-1-1536x1090.jpg 1536w, https:\/\/www.diariolavozdelchaco.com\/wp-content\/uploads\/2025\/12\/fotos-apaisadas-y-youtube-La-Voz-1-1200x851.jpg 1200w, https:\/\/www.diariolavozdelchaco.com\/wp-content\/uploads\/2025\/12\/fotos-apaisadas-y-youtube-La-Voz-1.jpg 1748w\" alt=\"\" width=\"801\" height=\"451\" \/><\/figure>\n<\/div>\n<\/div>\n<div class=\"the-post s-post-modern-below\">\n<article id=\"post-308712\" class=\"post-308712 post type-post status-publish format-video has-post-thumbnail category-deportes tag-destacada post_format-post-format-video\">\n<div class=\"post-content-wrap has-share-float\">\n<div class=\"post-content cf entry-content content-spacious\">\n<div class=\"a-wrap a-wrap-base a-wrap-5\"><\/div>\n<p><strong>El evento ser\u00e1 el viernes 19, a las 21,30, en el Centro de Convenciones del Domo del Centenario. Esta temporada tendr\u00e1 35 reconocimientos, dijeron del C\u00edrculo de Periodistas. La novedad ser\u00e1 el cestoball y vuelven otras disciplinas como el canotaje y la pesca.<\/strong>\u00a0<strong>Adem\u00e1s, habr\u00e1n 10 reconocimientos especiales.<\/strong><\/p>\n<figure class=\"wp-block-image size-large\"><img loading=\"lazy\" decoding=\"async\" class=\"wp-image-308714 lazy loaded\" src=\"https:\/\/www.diariolavozdelchaco.com\/wp-content\/uploads\/2025\/12\/fotos-apaisadas-y-youtube-La-Voz--1024x726.jpg\" sizes=\"auto, (max-width: 1024px) 100vw, 1024px\" srcset=\"https:\/\/www.diariolavozdelchaco.com\/wp-content\/uploads\/2025\/12\/fotos-apaisadas-y-youtube-La-Voz--1024x726.jpg 1024w, https:\/\/www.diariolavozdelchaco.com\/wp-content\/uploads\/2025\/12\/fotos-apaisadas-y-youtube-La-Voz--300x213.jpg 300w, https:\/\/www.diariolavozdelchaco.com\/wp-content\/uploads\/2025\/12\/fotos-apaisadas-y-youtube-La-Voz--768x545.jpg 768w, https:\/\/www.diariolavozdelchaco.com\/wp-content\/uploads\/2025\/12\/fotos-apaisadas-y-youtube-La-Voz--1536x1090.jpg 1536w, https:\/\/www.diariolavozdelchaco.com\/wp-content\/uploads\/2025\/12\/fotos-apaisadas-y-youtube-La-Voz--150x106.jpg 150w, https:\/\/www.diariolavozdelchaco.com\/wp-content\/uploads\/2025\/12\/fotos-apaisadas-y-youtube-La-Voz--450x319.jpg 450w, https:\/\/www.diariolavozdelchaco.com\/wp-content\/uploads\/2025\/12\/fotos-apaisadas-y-youtube-La-Voz--1200x851.jpg 1200w, https:\/\/www.diariolavozdelchaco.com\/wp-content\/uploads\/2025\/12\/fotos-apaisadas-y-youtube-La-Voz-.jpg 1748w\" alt=\"\" width=\"1024\" height=\"726\" data-src=\"https:\/\/www.diariolavozdelchaco.com\/wp-content\/uploads\/2025\/12\/fotos-apaisadas-y-youtube-La-Voz--1024x726.jpg\" data-srcset=\"https:\/\/www.diariolavozdelchaco.com\/wp-content\/uploads\/2025\/12\/fotos-apaisadas-y-youtube-La-Voz--1024x726.jpg 1024w, https:\/\/www.diariolavozdelchaco.com\/wp-content\/uploads\/2025\/12\/fotos-apaisadas-y-youtube-La-Voz--300x213.jpg 300w, https:\/\/www.diariolavozdelchaco.com\/wp-content\/uploads\/2025\/12\/fotos-apaisadas-y-youtube-La-Voz--768x545.jpg 768w, https:\/\/www.diariolavozdelchaco.com\/wp-content\/uploads\/2025\/12\/fotos-apaisadas-y-youtube-La-Voz--1536x1090.jpg 1536w, https:\/\/www.diariolavozdelchaco.com\/wp-content\/uploads\/2025\/12\/fotos-apaisadas-y-youtube-La-Voz--150x106.jpg 150w, https:\/\/www.diariolavozdelchaco.com\/wp-content\/uploads\/2025\/12\/fotos-apaisadas-y-youtube-La-Voz--450x319.jpg 450w, https:\/\/www.diariolavozdelchaco.com\/wp-content\/uploads\/2025\/12\/fotos-apaisadas-y-youtube-La-Voz--1200x851.jpg 1200w, https:\/\/www.diariolavozdelchaco.com\/wp-content\/uploads\/2025\/12\/fotos-apaisadas-y-youtube-La-Voz-.jpg 1748w\" data-sizes=\"(max-width: 1024px) 100vw, 1024px\" data-was-processed=\"true\" \/><\/figure>\n<p>El\u00a0<strong>C\u00edrculo de Periodistas Deportivos del Chaco<\/strong>\u00a0present\u00f3 oficialmente la edici\u00f3n 2025 de la tradicional\u00a0<strong>Fiesta del Deporte Chaque\u00f1o<\/strong>, que se realizar\u00e1 el\u00a0<strong>viernes 19 de diciembre, desde las 21.30<\/strong>, en el\u00a0<strong>Centro de Convenciones del Domo del Centenario<\/strong>. Ser\u00e1 una gala donde se distinguir\u00e1 a los mejores atletas de la provincia y se definir\u00e1 qui\u00e9n ser\u00e1 el\u00a0<strong>Deportista del A\u00f1o<\/strong>, un reconocimiento que se mantiene como el m\u00e1s prestigioso del deporte local.<\/p>\n<div class=\"a-wrap a-wrap-base a-wrap-8 alignwide show-lg\"><\/div>\n<blockquote class=\"wp-block-quote is-layout-flow wp-block-quote-is-layout-flow\">\n<p class=\"has-pale-pink-background-color has-background\"><strong>\u201cHay candidatos, s\u00ed, pero el nombre del Deportista del A\u00f1o todav\u00eda no est\u00e1 decidido. Este 2025 viene muy parejo.\u201d<\/strong><\/p>\n<p>Willy Rodr\u00edguez<\/p><\/blockquote>\n<p>Willy Rodr\u00edguez, presidente del C\u00edrculo, explic\u00f3 que esta edici\u00f3n contar\u00e1 con la participaci\u00f3n de\u00a0<strong>35 disciplinas deportivas<\/strong>, algunas de las cuales regresan despu\u00e9s de haber quedado fuera por falta de calendario en 2024. Entre las novedades aparece el \u201c<strong>cestoball<\/strong>\u201d, que se suma por primera vez tras destacadas convocatorias de jugadores a selecciones nacionales. Tambi\u00e9n\u00a0<strong>vuelven otras disciplinas como el canotaje y la pesca.<\/strong><\/p>\n<p>Adem\u00e1s, se entregar\u00e1n\u00a0<strong>10 reconocimientos especiales<\/strong>, entre ellos a figuras legendarias del deporte chaque\u00f1o, instituciones destacadas y la distinci\u00f3n al dirigente del a\u00f1o.<\/p>\n<h3 class=\"wp-block-heading\">La elecci\u00f3n del deportista del a\u00f1o<\/h3>\n<p>Rodr\u00edguez indic\u00f3 que \u00abla decisi\u00f3n est\u00e1 en proceso\u00bb y a\u00fan\u00a0<strong>no se defini\u00f3 el nombre del ganador<\/strong>, ya que varios resultados deportivos del \u00faltimo fin de semana ser\u00e1n decisivos.<br \/>\n\u201cHay candidatos, s\u00ed, pero todav\u00eda no hay un nombre. En otras temporadas a esta altura ya estaba resuelto, pero este a\u00f1o hay mucha paridad\u201d, expres\u00f3.<\/p>\n<blockquote class=\"wp-block-quote is-layout-flow wp-block-quote-is-layout-flow\">\n<p class=\"has-pale-pink-background-color has-background has-large-font-size\"><strong>\u201cSon 35 disciplinas y diez reconocimientos especiales: el deporte chaque\u00f1o confluye en esta fiesta que es la m\u00e1s importante de la provincia.\u201d<\/strong><\/p>\n<\/blockquote>\n<p>Entre las disciplinas con definiciones m\u00e1s ajustadas mencion\u00f3\u00a0<strong>automovilismo, artes marciales y marat\u00f3n<\/strong>, esta \u00faltima con un notable crecimiento por la gran cantidad de competencias que se desarrollan en la provincia y la regi\u00f3n.<\/p>\n<figure class=\"wp-block-video\"><\/figure>\n<h3 class=\"wp-block-heading\">Formaci\u00f3n de periodistas deportivos<\/h3>\n<p>El titular del C\u00edrculo destac\u00f3 tambi\u00e9n el fortalecimiento de la\u00a0<strong>Tecnicatura Superior de Periodismo Deportivo<\/strong>, que avanza con su segunda cohorte y ya abri\u00f3 inscripciones para 2026.<br \/>\n\u201cNuestro objetivo es seguir formando profesionales con mayor calidad y brindar oportunidades tanto a j\u00f3venes de Resistencia como del interior\u201d, afirm\u00f3.<\/p>\n<p>Rodr\u00edguez dej\u00f3 un mensaje para los futuros periodistas deportivos: \u201cQue no bajen los brazos. Siempre hay capacidad para salir adelante. La constancia es clave para lograr el t\u00edtulo y para ejercer esta profesi\u00f3n\u201d.<\/p>\n<figure class=\"wp-block-image size-large\"><img loading=\"lazy\" decoding=\"async\" class=\"wp-image-308713 lazy loaded\" src=\"https:\/\/www.diariolavozdelchaco.com\/wp-content\/uploads\/2025\/12\/fotos-apaisadas-y-youtube-La-Voz-1-1024x726.jpg\" sizes=\"auto, (max-width: 1024px) 100vw, 1024px\" srcset=\"https:\/\/www.diariolavozdelchaco.com\/wp-content\/uploads\/2025\/12\/fotos-apaisadas-y-youtube-La-Voz-1-1024x726.jpg 1024w, https:\/\/www.diariolavozdelchaco.com\/wp-content\/uploads\/2025\/12\/fotos-apaisadas-y-youtube-La-Voz-1-300x213.jpg 300w, https:\/\/www.diariolavozdelchaco.com\/wp-content\/uploads\/2025\/12\/fotos-apaisadas-y-youtube-La-Voz-1-768x545.jpg 768w, https:\/\/www.diariolavozdelchaco.com\/wp-content\/uploads\/2025\/12\/fotos-apaisadas-y-youtube-La-Voz-1-1536x1090.jpg 1536w, https:\/\/www.diariolavozdelchaco.com\/wp-content\/uploads\/2025\/12\/fotos-apaisadas-y-youtube-La-Voz-1-150x106.jpg 150w, https:\/\/www.diariolavozdelchaco.com\/wp-content\/uploads\/2025\/12\/fotos-apaisadas-y-youtube-La-Voz-1-450x319.jpg 450w, https:\/\/www.diariolavozdelchaco.com\/wp-content\/uploads\/2025\/12\/fotos-apaisadas-y-youtube-La-Voz-1-1200x851.jpg 1200w, https:\/\/www.diariolavozdelchaco.com\/wp-content\/uploads\/2025\/12\/fotos-apaisadas-y-youtube-La-Voz-1.jpg 1748w\" alt=\"\" width=\"1024\" height=\"726\" data-src=\"https:\/\/www.diariolavozdelchaco.com\/wp-content\/uploads\/2025\/12\/fotos-apaisadas-y-youtube-La-Voz-1-1024x726.jpg\" data-srcset=\"https:\/\/www.diariolavozdelchaco.com\/wp-content\/uploads\/2025\/12\/fotos-apaisadas-y-youtube-La-Voz-1-1024x726.jpg 1024w, https:\/\/www.diariolavozdelchaco.com\/wp-content\/uploads\/2025\/12\/fotos-apaisadas-y-youtube-La-Voz-1-300x213.jpg 300w, https:\/\/www.diariolavozdelchaco.com\/wp-content\/uploads\/2025\/12\/fotos-apaisadas-y-youtube-La-Voz-1-768x545.jpg 768w, https:\/\/www.diariolavozdelchaco.com\/wp-content\/uploads\/2025\/12\/fotos-apaisadas-y-youtube-La-Voz-1-1536x1090.jpg 1536w, https:\/\/www.diariolavozdelchaco.com\/wp-content\/uploads\/2025\/12\/fotos-apaisadas-y-youtube-La-Voz-1-150x106.jpg 150w, https:\/\/www.diariolavozdelchaco.com\/wp-content\/uploads\/2025\/12\/fotos-apaisadas-y-youtube-La-Voz-1-450x319.jpg 450w, https:\/\/www.diariolavozdelchaco.com\/wp-content\/uploads\/2025\/12\/fotos-apaisadas-y-youtube-La-Voz-1-1200x851.jpg 1200w, https:\/\/www.diariolavozdelchaco.com\/wp-content\/uploads\/2025\/12\/fotos-apaisadas-y-youtube-La-Voz-1.jpg 1748w\" data-sizes=\"(max-width: 1024px) 100vw, 1024px\" data-was-processed=\"true\" \/><\/figure>\n<h3 class=\"wp-block-heading\">Instituciones reconocidas<\/h3>\n<p>Si bien\u00a0<strong>Chaco For Ever<\/strong>\u00a0y\u00a0<strong>Sarmiento<\/strong>\u00a0no ser\u00e1n distinguidos este a\u00f1o, s\u00ed lo har\u00e1n organizaciones que tuvieron un desempe\u00f1o destacado:<\/p>\n<ul class=\"wp-block-list\">\n<li><strong>Liga Chaque\u00f1a de F\u00fatbol<\/strong>, por su centenario<\/li>\n<li><strong>Deportivo Luj\u00e1n<\/strong>, campe\u00f3n y ascendido<\/li>\n<li><strong>Centro Empleados de Comercio<\/strong>, ascendido<\/li>\n<li><strong>Parque Patricios<\/strong>, entre otros<\/li>\n<\/ul>\n<blockquote class=\"wp-block-quote is-layout-flow wp-block-quote-is-layout-flow\">\n<p class=\"has-pale-pink-background-color has-background has-large-font-size\"><strong>\u201cCuando hay paridad recurrimos a la votaci\u00f3n. Es el sistema m\u00e1s democr\u00e1tico para definir qui\u00e9n merece ser el deportista del a\u00f1o.\u201d<\/strong><\/p>\n<p class=\"has-large-font-size\">Willy Rodr\u00edguez<\/p>\n<\/blockquote>\n<\/div>\n<\/div>\n<\/article>\n<\/div>\n<\/div>\n<\/div>\n<\/article>\n<\/div>\n<\/div>\n<\/div>\n<\/div>\n","protected":false},"excerpt":{"rendered":"<p>El C\u00edrculo de Periodistas Deportivos\u00a0 del Chaco y autoridades provinciales, anunciaron este mi\u00e9rcoles la 43\u00b0 Fiesta Anual del Deporte Chaque\u00f1o que se realizar\u00e1 el viernes 19 de diciembre, a partir de las 21, en el Centro de Convenciones del Domo del Centenario. En el evento se reconoce el trabajo de deportistas chaque\u00f1os y se elige &hellip;<\/p>\n","protected":false},"author":2,"featured_media":29939,"comment_status":"open","ping_status":"open","sticky":false,"template":"","format":"standard","meta":{"footnotes":""},"categories":[44],"tags":[],"class_list":["post-29938","post","type-post","status-publish","format-standard","has-post-thumbnail","hentry","category-varios"],"_links":{"self":[{"href":"https:\/\/www.sportchaco.com.ar\/index.php?rest_route=\/wp\/v2\/posts\/29938","targetHints":{"allow":["GET"]}}],"collection":[{"href":"https:\/\/www.sportchaco.com.ar\/index.php?rest_route=\/wp\/v2\/posts"}],"about":[{"href":"https:\/\/www.sportchaco.com.ar\/index.php?rest_route=\/wp\/v2\/types\/post"}],"author":[{"embeddable":true,"href":"https:\/\/www.sportchaco.com.ar\/index.php?rest_route=\/wp\/v2\/users\/2"}],"replies":[{"embeddable":true,"href":"https:\/\/www.sportchaco.com.ar\/index.php?rest_route=%2Fwp%2Fv2%2Fcomments&post=29938"}],"version-history":[{"count":2,"href":"https:\/\/www.sportchaco.com.ar\/index.php?rest_route=\/wp\/v2\/posts\/29938\/revisions"}],"predecessor-version":[{"id":29941,"href":"https:\/\/www.sportchaco.com.ar\/index.php?rest_route=\/wp\/v2\/posts\/29938\/revisions\/29941"}],"wp:featuredmedia":[{"embeddable":true,"href":"https:\/\/www.sportchaco.com.ar\/index.php?rest_route=\/wp\/v2\/media\/29939"}],"wp:attachment":[{"href":"https:\/\/www.sportchaco.com.ar\/index.php?rest_route=%2Fwp%2Fv2%2Fmedia&parent=29938"}],"wp:term":[{"taxonomy":"category","embeddable":true,"href":"https:\/\/www.sportchaco.com.ar\/index.php?rest_route=%2Fwp%2Fv2%2Fcategories&post=29938"},{"taxonomy":"post_tag","embeddable":true,"href":"https:\/\/www.sportchaco.com.ar\/index.php?rest_route=%2Fwp%2Fv2%2Ftags&post=29938"}],"curies":[{"name":"wp","href":"https:\/\/api.w.org\/{rel}","templated":true}]}}