{"id":29967,"date":"2025-12-11T11:13:11","date_gmt":"2025-12-11T14:13:11","guid":{"rendered":"https:\/\/www.sportchaco.com.ar\/?p=29967"},"modified":"2025-12-11T12:54:09","modified_gmt":"2025-12-11T15:54:09","slug":"29967","status":"publish","type":"post","link":"https:\/\/www.sportchaco.com.ar\/?p=29967","title":{"rendered":"Carolina Guti\u00e9rrez: Hace 38 a\u00f1os fue consagrada primer \u201cDeportista del A\u00f1o"},"content":{"rendered":"<h4><\/h4>\n<h4>Una noche que marc\u00f3 un antes y un despu\u00e9s en el deporte chaque\u00f1o<\/h4>\n<p><img loading=\"lazy\" decoding=\"async\" class=\"alignnone wp-image-29908\" src=\"https:\/\/www.sportchaco.com.ar\/wp-content\/uploads\/2025\/12\/Luis-carita-287x300-1.jpg\" alt=\"\" width=\"80\" height=\"84\" \/><em><strong> por LUIS DARIO MOLODEZKY<\/strong><\/em><\/p>\n<p><strong>Este viernes se cumplen 38 a\u00f1os de un hito que trascendi\u00f3 el tiempo y qued\u00f3 grabado en la memoria deportiva del Chaco. Fue en 1987, durante la sexta edici\u00f3n de la Fiesta Anual del Deporte, cuando el C\u00edrculo de Periodistas Deportivos del Chaco instaur\u00f3 por primera vez la distinci\u00f3n al Deportista del A\u00f1o, un reconocimiento que a partir de entonces se convertir\u00eda en el s\u00edmbolo m\u00e1ximo del m\u00e9rito deportivo provincial. El honor recay\u00f3 en la atleta Carolina Alejandra\u00a0 Guti\u00e9rrez.<\/strong><\/p>\n<p>Aquella noche inolvidable reuni\u00f3 a m\u00e1s de <strong>500 personas<\/strong> en el <strong>Centro Deportivo Don Bosco<\/strong>, escenario que se visti\u00f3 de gala para celebrar a los atletas, entrenadores y dirigentes que marcaron el pulso del deporte chaque\u00f1o durante la temporada.<\/p>\n<p>La primera en recibir el hist\u00f3rico galard\u00f3n fue la atleta <strong>Carolina Guti\u00e9rrez<\/strong>, una figura que ya por entonces irradiaba talento, disciplina y proyecci\u00f3n. Su elecci\u00f3n como <strong>primer Deportista del A\u00f1o<\/strong> no solo coron\u00f3 una campa\u00f1a sobresaliente, sino que abri\u00f3 un camino que muchas generaciones transitar\u00edan luego con orgullo.<\/p>\n<p><strong>Los distinguidos de aquella noche hist\u00f3rica<\/strong><\/p>\n<p>Junto a la consagraci\u00f3n central, la Fiesta del Deporte tambi\u00e9n reconoci\u00f3 a los mejores en cada una de las disciplinas, en una de las entregas m\u00e1s completas y diversas que se recuerden:<\/p>\n<ul>\n<li><strong>Ajedrez:<\/strong> Mauricio Dor\u00edn<\/li>\n<li><strong>Atletismo:<\/strong> Carolina Guti\u00e9rrez<\/li>\n<li><strong>Automovilismo:<\/strong> Claudio G\u00f3mez Luna<\/li>\n<li><strong>B\u00e1squetbol:<\/strong> Sergio D\u00edaz<\/li>\n<li><strong>Bochas:<\/strong> Walter Cristaldo<\/li>\n<li><strong>Boxeo:<\/strong> Roberto Schoning<\/li>\n<li><strong>Ciclismo:<\/strong> Juan Carlos Ca\u00f1ete<\/li>\n<li><strong>Dirigente:<\/strong> Rub\u00e9n Mart\u00ednez<\/li>\n<li><strong>F\u00edsicoculturismo:<\/strong> Mario Monfardini<\/li>\n<li><strong>F\u00fatbol:<\/strong> V\u00edctor Gianeschini<\/li>\n<li><strong>Golf:<\/strong> Eugenio Ram\u00edrez<\/li>\n<li><strong>Hockey:<\/strong> Rafael Ropar<\/li>\n<li><strong>Homenaje Especial:<\/strong> Miguel \u00c1ngel Campos<\/li>\n<li><strong>Marat\u00f3n:<\/strong> Horacio Carranza<\/li>\n<li><strong>Nataci\u00f3n:<\/strong> Carolina San Vicente<\/li>\n<li><strong>Pelota Paleta:<\/strong> Mariano Mar\u00edn<\/li>\n<li><strong>Pesca:<\/strong> Carlos Monticelli<\/li>\n<li><strong>Rugby:<\/strong> Enrique Sanz<\/li>\n<li><strong>Tenis:<\/strong> Pablo Ma\u00f1anes<\/li>\n<li><strong>Tenis de mesa:<\/strong> Miguel Codina<\/li>\n<li><strong>Tiro:<\/strong> Francisco Camacho<\/li>\n<li><strong>V\u00f3leibol:<\/strong> Jorge Rocha<\/li>\n<\/ul>\n<p>Cada uno de ellos represent\u00f3 lo mejor de su disciplina y dio forma a una velada que, con el paso de los a\u00f1os, se convertir\u00eda en tradici\u00f3n, identidad y orgullo para todo el deporte provincial.<\/p>\n<p><img decoding=\"async\" class=\"aligncenter\" src=\"https:\/\/scontent.fcnq2-2.fna.fbcdn.net\/v\/t39.30808-6\/597794087_122117973081022572_3623643779379833331_n.jpg?_nc_cat=110&amp;ccb=1-7&amp;_nc_sid=127cfc&amp;_nc_ohc=fZTtNFCxQ3AQ7kNvwHZxI1q&amp;_nc_oc=AdljvwjUwcBBJ7iF8swRjlIPOm_RqpdATIRmEZJTXfi3YJ8TB7FNS4saoEY1NnD6xYM&amp;_nc_zt=23&amp;_nc_ht=scontent.fcnq2-2.fna&amp;_nc_gid=53Y__frUddIAl218rVoYIA&amp;oh=00_Afm5EftX2DvY5fahNWdRVL7aC8ymaBU4VAIOt87M1QQUKw&amp;oe=6940A7D3\" alt=\"Puede ser una imagen de tenis y texto\" \/><\/p>\n<p><strong><em>El d\u00eda en que se inaugur\u00f3 la pista de solado sint\u00e9tico en el Instituto del d]eporte, con estrellas del atletimo nacional, su hija Paula y amiguitas.<\/em><\/strong><\/p>\n<p><strong>Carolina Alejandra Guti\u00e9rrez: la huella imborrable de una atleta chaque\u00f1a excepcional<\/strong><\/p>\n<p>Hay nombres que no solo integran un listado de campeones: quedan guardados en la memoria afectiva de un deporte, en el orgullo silencioso de una provincia y en el coraz\u00f3n de quienes los vieron crecer. <strong>Carolina Alejandra Guti\u00e9rrez<\/strong> es uno de esos nombres. Una atleta que naci\u00f3 en las pistas del Club de Regatas Resistencia y que, con la gu\u00eda del profesor \u00c1ngel Campos, aprendi\u00f3 a correr con el cuerpo\u2026 pero tambi\u00e9n con el alma.<\/p>\n<p>Desde muy joven, Carolina mostr\u00f3 algo que no se entrena: esa mezcla de determinaci\u00f3n y sensibilidad que distingue a los grandes. La adolescente que se lanzaba sobre las vallas o que med\u00eda cada cent\u00edmetro en largo no era solo una promesa: era una competidora feroz, capaz de transformar cada desaf\u00edo en una oportunidad para superarse.<\/p>\n<p><img decoding=\"async\" class=\"aligncenter\" src=\"https:\/\/scontent.fcnq2-2.fna.fbcdn.net\/v\/t39.30808-6\/597974465_122117973087022572_5756965343163350667_n.jpg?_nc_cat=104&amp;ccb=1-7&amp;_nc_sid=127cfc&amp;_nc_ohc=bo38AS5FROgQ7kNvwGg8VAj&amp;_nc_oc=AdmnFnVCa08o0MuP3E-fgLnW4PGhJxqxjvLOrRQE2I5i0-HNDGkEeSFEGAwTuVCA-0w&amp;_nc_zt=23&amp;_nc_ht=scontent.fcnq2-2.fna&amp;_nc_gid=0zo1agMKV-PZD2LAm2VQIg&amp;oh=00_AfmguwfFd0mFqgg88CZ4E7DLgobr2KHVD-QWlSSwej0ksQ&amp;oe=6940942C\" alt=\"Puede ser una imagen de flequillo, ni\u00f1os, sonrisas y texto que dice &quot;Sa VILLA SARTIN 5c0) FOTOS UNA HISTORIA&quot;\" \/><\/p>\n<p><em><strong>Con sus hijos de peque\u00f1os Juan Pablo y Ana Paula. Gonzalo no se lo ve, porque correteaba por la arena<\/strong><\/em><\/p>\n<p><strong>Los a\u00f1os dorados<\/strong><\/p>\n<p>Su carrera fue una sucesi\u00f3n de triunfos, pero tambi\u00e9n de momentos que quedaron grabados m\u00e1s all\u00e1 de las medallas. Fue campeona en casi todas las categor\u00edas en las que compiti\u00f3: 100 metros con vallas, salto en largo, heptathlon, pentathlon. Cada torneo nacional encontraba a Carolina entre las mejores. Y no solo eso: muchos de sus r\u00e9cords \u2014como el del Campeonato Nacional Juvenil de 100 m con vallas de 1986\u2014 siguen a\u00fan hoy sin ser superados.<\/p>\n<p>Sus podios se multiplicaron: oros, platas, bronces. Campeona nacional de heptathlon, m\u00faltiple campeona juvenil, subcampeonatos, r\u00e9cords que marcaban una generaci\u00f3n. Pero detr\u00e1s de cada t\u00edtulo hab\u00eda horas de entrenamiento, m\u00e1s voluntad que recursos, m\u00e1s pasi\u00f3n que comodidades. Eso tambi\u00e9n la engrandece.<\/p>\n<p><img decoding=\"async\" class=\"aligncenter\" src=\"https:\/\/scontent.fcnq2-2.fna.fbcdn.net\/v\/t39.30808-6\/597216779_122117973171022572_894707226507110318_n.jpg?_nc_cat=110&amp;ccb=1-7&amp;_nc_sid=127cfc&amp;_nc_ohc=TPsm0shbFwcQ7kNvwGaAGf6&amp;_nc_oc=AdljCGxGTVcwwTqzZ1XbXIsbY-Eko6i_Ep8vx0A7eDKA-dS2_tB0baIgdqG2Up3Or5w&amp;_nc_zt=23&amp;_nc_ht=scontent.fcnq2-2.fna&amp;_nc_gid=QW6_VOcmQEFFZUJimjkvLw&amp;oh=00_AflvHY01TcOjawyUlUD7pjuMMETKzlsdl1WHy6fHwmutKQ&amp;oe=6940B369\" alt=\"Puede ser una imagen de texto que dice &quot;1 2 XVI SUDAMERICANO VISUDAMERICANODAMAS ANO DAMAS SUDAME RIC XIX SUDAN ERICAN SUDAMERICANO ANO VARONES DE ATL ATLETISMO JUVENIL 3 ESTADIO NACIONAL IONAL NA DE DECHILE CHILE&quot;\" \/><\/p>\n<p style=\"text-align: center;\"><em><strong>Podio en el Sudamericanno de Chile<\/strong><\/em><\/p>\n<p><strong>Una chaque\u00f1a en Sudam\u00e9rica<\/strong><\/p>\n<p>El continente tambi\u00e9n conoci\u00f3 su nombre. Carolina fue campeona sudamericana juvenil en 100 m con vallas y en heptathlon, subcampeona sudamericana mayor y medallista en varias disciplinas. Su versatilidad sorprend\u00eda, su competitividad impon\u00eda respeto. Y cuando lleg\u00f3 el Mundial Juvenil de 1988, su presencia fue la confirmaci\u00f3n de un camino trazado con esfuerzo y talento.<\/p>\n<p><strong>El valor de dejar una huella<\/strong><\/p>\n<p>Fue r\u00e9cord nacional juvenil de heptathlon y r\u00e9cord nacional Sub-18 en vallas: marcas que la colocaron entre las mejores de la historia argentina y sudamericana. En el Chaco, su nombre todav\u00eda encabeza r\u00e9cords provinciales que nadie pudo borrar. Esos n\u00fameros no son solo estad\u00edsticas: son la memoria viva de una etapa brillante del atletismo local.<\/p>\n<p><strong>M\u00e1s que una atleta<\/strong><\/p>\n<p>Hablar de Carolina es hablar de una joven que creci\u00f3 compitiendo, pero tambi\u00e9n so\u00f1ando. Que supo ganar, pero tambi\u00e9n aprender. Que llev\u00f3 la camiseta del Chaco y de la Argentina con orgullo, y que todav\u00eda hoy inspira a quienes empiezan a correr en las mismas pistas donde ella dio sus primeros pasos.<\/p>\n<p>Su historia es un recordatorio de que los grandes atletas no se definen solo por sus marcas, sino por el modo en que elevan a quienes vienen detr\u00e1s. Carolina Alejandra Guti\u00e9rrez lo hizo: con talento, con humildad y con una fuerza interior que sigue intacta en el recuerdo de todos.<\/p>\n<p><img decoding=\"async\" src=\"https:\/\/scontent.fcnq2-1.fna.fbcdn.net\/v\/t39.30808-6\/597591902_122117973039022572_3180085537572033750_n.jpg?_nc_cat=106&amp;ccb=1-7&amp;_nc_sid=127cfc&amp;_nc_ohc=3xSHRsWHNGsQ7kNvwHwsL73&amp;_nc_oc=Adk4792g2bqc-vLt-L3ZCLt5EmYtYrFmpIb3kcCmcXng9W8P2_xYV9bzqFFSMr7S178&amp;_nc_zt=23&amp;_nc_ht=scontent.fcnq2-1.fna&amp;_nc_gid=1u1YrZci6LqSsKlRGMY5aw&amp;oh=00_AfmEZDTJN_JGekdYRaxtE8RgixvI8kqfQx91aqa9Ns0grw&amp;oe=6940ACA4\" alt=\"Puede ser una imagen de una o varias personas, personas sonriendo y texto que dice &quot;5t0I FOTOS ORLA&quot;\" \/><\/p>\n<p><em><strong>Los atletas chaque\u00f1os junto a Carolina y el profesor Miguel Angel Campos<\/strong><\/em><\/p>\n<p>&nbsp;<\/p>\n<p><strong>Dominio en el \u00e1mbito nacional<\/strong><\/p>\n<p>A nivel argentino, Guti\u00e9rrez alcanz\u00f3 una cosecha admirable. Fue:<\/p>\n<ul>\n<li><strong>Campeona Nacional de Heptathlon Mayores (1991)<\/strong>.<\/li>\n<li><strong>Tres veces campeona nacional juvenil de 100 m con vallas<\/strong> (1986, 1987 y 1988).<\/li>\n<li><strong>Bicampeona nacional juvenil de Heptathlon<\/strong> (1987 y 1988).<\/li>\n<li><strong>Campeona nacional de Pentathlon Menores<\/strong> (1985).<\/li>\n<\/ul>\n<p>A ello se suman m\u00faltiples podios:<\/p>\n<ul>\n<li><strong>Subcampeona nacional<\/strong> en 100 m con vallas Mayores (1987), Heptathlon Mayores (1987) y Salto en Largo Juvenil (1986).<\/li>\n<li><strong>Medallas de bronce<\/strong> en Heptathlon Mayores (1990), Salto en Largo Juvenil (1985), 200 m Juveniles (1986), 200 m Menores (1984) y 80 m con vallas Menores (1985).<\/li>\n<\/ul>\n<p>Tambi\u00e9n dej\u00f3 r\u00e9cords de peso hist\u00f3rico:<\/p>\n<ul>\n<li><strong>R\u00e9cord del Campeonato Nacional Juvenil de 100 m con vallas (1986), a\u00fan vigente<\/strong>.<\/li>\n<li>R\u00e9cords del Campeonato Nacional Juvenil de Heptathlon (1987 y 1988).<\/li>\n<\/ul>\n<p><strong>Protagonista en Sudam\u00e9rica<\/strong><\/p>\n<p>Carolina tambi\u00e9n brill\u00f3 en la esfera internacional, donde su nombre se hizo habitual en los podios sudamericanos.<\/p>\n<p>Fue:<\/p>\n<ul>\n<li><strong>Cuatro veces campeona sudamericana juvenil<\/strong>, en 100 m con vallas (1986 y 1987) y en Heptathlon (1987 y 1988).<\/li>\n<li><strong>Subcampeona sudamericana mayor de 100 m con vallas (1987)<\/strong>.<\/li>\n<li><strong>Medallista de bronce sudamericana<\/strong> en Heptathlon Mayores (1987), Salto en Largo Juvenil (1986 y 1988) y 100 m con vallas Juvenil (1988).<\/li>\n<li><strong>Quinta en salto en largo en el Sudamericano de Mayores 1987<\/strong>.<\/li>\n<\/ul>\n<p>Adem\u00e1s, represent\u00f3 al pa\u00eds en el <strong>Campeonato Mundial Juvenil de 1988<\/strong>, compitiendo en las series de 100 m con vallas.<\/p>\n<p><img decoding=\"async\" src=\"https:\/\/scontent.fcnq2-1.fna.fbcdn.net\/v\/t39.30808-6\/597317665_122117982579022572_418734528433647598_n.jpg?_nc_cat=105&amp;ccb=1-7&amp;_nc_sid=127cfc&amp;_nc_ohc=RNViWWmRxaMQ7kNvwGiCjf1&amp;_nc_oc=Adlf-l_Ahy6WWiCLiSLgjmoUfUTzTTe4cqm_xPGHXChpD6xNGVBdB6qXh7T0VpoBBNw&amp;_nc_zt=23&amp;_nc_ht=scontent.fcnq2-1.fna&amp;_nc_gid=MbTljZg9htkiv99Ow-i46Q&amp;oh=00_AflEbMntTyftk_4_4tCqlK_KJfW8yIehAyk8ImxSDVBScA&amp;oe=6940A722\" alt=\"Puede ser una imagen en blanco y negro de una o varias personas\" \/><\/p>\n<p><em><strong>Carolina Guti\u00e9rrez\u00a0 en la Fiesta del Deporte donde fue consagrada, junto a su profesor hist\u00f3rico, Miguel Angel Campos<\/strong><\/em><\/p>\n<p><strong>R\u00e9cords que marcaron una \u00e9poca<\/strong><\/p>\n<p>Guti\u00e9rrez fue <strong>R\u00e9cord Nacional Juvenil de Heptathlon<\/strong>, con 4.884 puntos, y <strong>R\u00e9cord Nacional Sub-18 de 100 m con vallas<\/strong> con cronometraje manual (14,0\u201d). Este \u00faltimo rendimiento la ubic\u00f3 entre las mejores vallistas del continente:<\/p>\n<ul>\n<li><strong>3\u00aa en el ranking argentino permanente absoluto<\/strong>.<\/li>\n<li><strong>10\u00aa en el ranking sudamericano permanente absoluto<\/strong>.<\/li>\n<\/ul>\n<p>En el \u00e1mbito provincial, su dominio fue total, con r\u00e9cords en:<\/p>\n<ul>\n<li><strong>100 m llanos<\/strong> (manual 12,2\u201d \u2013 electr\u00f3nico 12,46\u201d).<\/li>\n<li><strong>200 m llanos<\/strong> (25,59\u201d e).<\/li>\n<li><strong>100 m con vallas<\/strong> (14,0\u201d y 14,28\u201d e).<\/li>\n<li><strong>Salto en largo<\/strong> (5,66 m y 5,87 m con viento).<\/li>\n<li><strong>Lanzamiento de bala<\/strong> (11,36 m).<\/li>\n<li><strong>Heptathlon<\/strong>.<\/li>\n<\/ul>\n<p><strong>Una atleta completa, una carrera extraordinaria<\/strong><\/p>\n<p>La trayectoria de Carolina Alejandra Guti\u00e9rrez es ejemplo de excelencia, disciplina y talento. Su paso por las pistas dej\u00f3 r\u00e9cords, t\u00edtulos y una huella profunda en la historia deportiva del Chaco. Fue, sin dudas, una de las atletas m\u00e1s completas de su generaci\u00f3n y un orgullo para el atletismo argentino.<\/p>\n<p>&nbsp;<\/p>\n<p><img loading=\"lazy\" decoding=\"async\" class=\"alignnone size-medium wp-image-29984\" src=\"https:\/\/www.sportchaco.com.ar\/wp-content\/uploads\/2025\/12\/Gonzalo-Corbalan-2023-seleccion-300x235.jpg\" alt=\"\" width=\"300\" height=\"235\" srcset=\"https:\/\/www.sportchaco.com.ar\/wp-content\/uploads\/2025\/12\/Gonzalo-Corbalan-2023-seleccion-300x235.jpg 300w, https:\/\/www.sportchaco.com.ar\/wp-content\/uploads\/2025\/12\/Gonzalo-Corbalan-2023-seleccion.jpg 600w\" sizes=\"auto, (max-width: 300px) 100vw, 300px\" \/> <img loading=\"lazy\" decoding=\"async\" class=\"alignnone wp-image-29985\" src=\"https:\/\/www.sportchaco.com.ar\/wp-content\/uploads\/2025\/12\/juan-Pablo-corbalan.jpg\" alt=\"\" width=\"341\" height=\"191\" \/><\/p>\n<p><em><strong>Gonzalo y Juan Pablo, los hijos basquetbolistas de Carolina<\/strong><\/em><\/p>\n<p><strong>Carolina Alejandra Guti\u00e9rrez: la fuerza de una atleta que nunca dej\u00f3 de creer<\/strong><\/p>\n<p>Hay nombres que no solo integran un listado de campeones: quedan guardados en la memoria afectiva de un deporte, en el orgullo silencioso de una provincia y en el coraz\u00f3n de quienes los vieron crecer. <strong>Carolina Alejandra Guti\u00e9rrez<\/strong> es uno de esos nombres. Una atleta que naci\u00f3 en las pistas del Club de Regatas Resistencia y que, con la gu\u00eda del profesor \u00c1ngel Campos, aprendi\u00f3 a correr con el cuerpo\u2026 pero tambi\u00e9n con el alma.<\/p>\n<p>Desde muy joven, Carolina mostr\u00f3 algo que no se entrena: esa mezcla de determinaci\u00f3n y sensibilidad que distingue a los grandes. La adolescente que se lanzaba sobre las vallas o que med\u00eda cada cent\u00edmetro en largo no era solo una promesa: era una competidora feroz, capaz de transformar cada desaf\u00edo en una oportunidad para superarse.<\/p>\n<p><img loading=\"lazy\" decoding=\"async\" class=\"\" src=\"https:\/\/scontent.fcnq2-2.fna.fbcdn.net\/v\/t1.6435-9\/122319672_951559208664653_1342581377203553097_n.jpg?_nc_cat=108&amp;ccb=1-7&amp;_nc_sid=127cfc&amp;_nc_ohc=7eK7lNmnVncQ7kNvwGaBAVH&amp;_nc_oc=Adl7ejJQkIa1lLer4w5vIYx5lmPNsT8lPa7sTzAI5IhiqtmiF1rLtLyuVjjsB_0e--8&amp;_nc_zt=23&amp;_nc_ht=scontent.fcnq2-2.fna&amp;_nc_gid=ppmeW0JS2mF-jvvyjVTMFg&amp;oh=00_AfksjEVWuCcwaEcK0DX1J2fAR58z25P8HhDiGhMUj2Y0BA&amp;oe=69624C98\" alt=\"No hay ninguna descripci\u00f3n de la foto disponible.\" width=\"287\" height=\"172\" \/><em><strong> Jorge Pablo Corbal\u00e1n<\/strong><\/em><\/p>\n<h4 style=\"text-align: center;\"><strong>La familia deportiva<\/strong><\/h4>\n<p><strong>Carolina Alejandra Guti\u00e9rrez<\/strong> fue una gran atleta. Luego de dejar el deporte para terminar su carrera de m\u00e9dica que lleva ejerciendo hace 30 a\u00f1os, se cas\u00f3 con otro deportista, <strong>Jorge Pablo Corbal\u00e1n<\/strong>. De esa uni\u00f3n nacieron tres hijos, todos amantes de la actividad deportiva. As\u00ed, <strong>Juan Pablo y Gonzalo<\/strong> surgidos de las entra\u00f1as del club Villa San Mart\u00edn, igual que toda la familia Corbal\u00e1n, son jugadores de \u00e9lite. El m\u00e1s grande actualmente milita en Regatas Corrientes luego de un amplio recorrido, mientras que el m\u00e1s chico estuvo en el b\u00e1squetbol universitario de EE.UU., Burgos de Espa\u00f1a y hoy es titular de la Selecci\u00f3n Argentina. La ni\u00f1a, hoy arquitecta, Anita, fue una atleta de gran proyecci\u00f3n, pero una lesi\u00f3n la alej\u00f3 de las pistas. Los tres, adem\u00e1s, son nietos bisnietos de un emblema del Chaco deportivo, don <strong>Remigio Borque<\/strong>.<\/p>\n<p><img loading=\"lazy\" decoding=\"async\" class=\"alignnone wp-image-29908\" src=\"https:\/\/www.sportchaco.com.ar\/wp-content\/uploads\/2025\/12\/Luis-carita-287x300-1.jpg\" alt=\"\" width=\"80\" height=\"84\" \/><em><strong> por LUIS DARIO MOLODEZKY<\/strong><\/em><\/p>\n<p>PROGRAMAS HISTORICO DE 5 FOTOS UNA HISTORIA<\/p>\n<p><iframe loading=\"lazy\" title=\"5F1H CAROLINA GUTIERREZ BLOQUE 1\" width=\"500\" height=\"281\" src=\"https:\/\/www.youtube.com\/embed\/vjzIfwcbvsQ?feature=oembed\" frameborder=\"0\" allow=\"accelerometer; autoplay; clipboard-write; encrypted-media; gyroscope; picture-in-picture; web-share\" referrerpolicy=\"strict-origin-when-cross-origin\" allowfullscreen><\/iframe><\/p>\n<p><iframe loading=\"lazy\" title=\"5F1H CAROLINA GUTIERREZ BLOQUE 2\" width=\"500\" height=\"281\" src=\"https:\/\/www.youtube.com\/embed\/VQvu_P9TTG0?feature=oembed\" frameborder=\"0\" allow=\"accelerometer; autoplay; clipboard-write; encrypted-media; gyroscope; picture-in-picture; web-share\" referrerpolicy=\"strict-origin-when-cross-origin\" allowfullscreen><\/iframe><\/p>\n<p>&nbsp;<\/p>\n<p><iframe loading=\"lazy\" title=\"5F1H CAROLINA GUTIERREZ BLOQUE 3\" width=\"500\" height=\"281\" src=\"https:\/\/www.youtube.com\/embed\/VLMUSjPNzFg?feature=oembed\" frameborder=\"0\" allow=\"accelerometer; autoplay; clipboard-write; encrypted-media; gyroscope; picture-in-picture; web-share\" referrerpolicy=\"strict-origin-when-cross-origin\" allowfullscreen><\/iframe><\/p>\n<p>&nbsp;<\/p>\n<p>&nbsp;<\/p>\n<p>&nbsp;<\/p>\n","protected":false},"excerpt":{"rendered":"<p>Una noche que marc\u00f3 un antes y un despu\u00e9s en el deporte chaque\u00f1o por LUIS DARIO MOLODEZKY Este viernes se cumplen 38 a\u00f1os de un hito que trascendi\u00f3 el tiempo y qued\u00f3 grabado en la memoria deportiva del Chaco. Fue en 1987, durante la sexta edici\u00f3n de la Fiesta Anual del Deporte, cuando el C\u00edrculo &hellip;<\/p>\n","protected":false},"author":2,"featured_media":29981,"comment_status":"open","ping_status":"open","sticky":false,"template":"","format":"standard","meta":{"footnotes":""},"categories":[63,78],"tags":[],"class_list":["post-29967","post","type-post","status-publish","format-standard","has-post-thumbnail","hentry","category-atletismo","category-historias"],"_links":{"self":[{"href":"https:\/\/www.sportchaco.com.ar\/index.php?rest_route=\/wp\/v2\/posts\/29967","targetHints":{"allow":["GET"]}}],"collection":[{"href":"https:\/\/www.sportchaco.com.ar\/index.php?rest_route=\/wp\/v2\/posts"}],"about":[{"href":"https:\/\/www.sportchaco.com.ar\/index.php?rest_route=\/wp\/v2\/types\/post"}],"author":[{"embeddable":true,"href":"https:\/\/www.sportchaco.com.ar\/index.php?rest_route=\/wp\/v2\/users\/2"}],"replies":[{"embeddable":true,"href":"https:\/\/www.sportchaco.com.ar\/index.php?rest_route=%2Fwp%2Fv2%2Fcomments&post=29967"}],"version-history":[{"count":10,"href":"https:\/\/www.sportchaco.com.ar\/index.php?rest_route=\/wp\/v2\/posts\/29967\/revisions"}],"predecessor-version":[{"id":29989,"href":"https:\/\/www.sportchaco.com.ar\/index.php?rest_route=\/wp\/v2\/posts\/29967\/revisions\/29989"}],"wp:featuredmedia":[{"embeddable":true,"href":"https:\/\/www.sportchaco.com.ar\/index.php?rest_route=\/wp\/v2\/media\/29981"}],"wp:attachment":[{"href":"https:\/\/www.sportchaco.com.ar\/index.php?rest_route=%2Fwp%2Fv2%2Fmedia&parent=29967"}],"wp:term":[{"taxonomy":"category","embeddable":true,"href":"https:\/\/www.sportchaco.com.ar\/index.php?rest_route=%2Fwp%2Fv2%2Fcategories&post=29967"},{"taxonomy":"post_tag","embeddable":true,"href":"https:\/\/www.sportchaco.com.ar\/index.php?rest_route=%2Fwp%2Fv2%2Ftags&post=29967"}],"curies":[{"name":"wp","href":"https:\/\/api.w.org\/{rel}","templated":true}]}}