{"id":29993,"date":"2025-12-11T18:46:54","date_gmt":"2025-12-11T21:46:54","guid":{"rendered":"https:\/\/www.sportchaco.com.ar\/?p=29993"},"modified":"2025-12-11T18:46:54","modified_gmt":"2025-12-11T21:46:54","slug":"la-fiesta-del-deporte-chaqueno-tiene-sus-nominados","status":"publish","type":"post","link":"https:\/\/www.sportchaco.com.ar\/?p=29993","title":{"rendered":"La fiesta del Deporte Chaque\u00f1o tiene sus nominados"},"content":{"rendered":"<p><strong>11-12-2025<\/strong><\/p>\n<p><img loading=\"lazy\" decoding=\"async\" class=\"aligncenter size-large wp-image-20101\" src=\"https:\/\/www.sportchaco.com.ar\/wp-content\/uploads\/2025\/06\/320x50-1-1024x160.gif\" alt=\"\" width=\"1024\" height=\"160\" srcset=\"https:\/\/www.sportchaco.com.ar\/wp-content\/uploads\/2025\/06\/320x50-1-1024x160.gif 1024w, https:\/\/www.sportchaco.com.ar\/wp-content\/uploads\/2025\/06\/320x50-1-300x47.gif 300w, https:\/\/www.sportchaco.com.ar\/wp-content\/uploads\/2025\/06\/320x50-1-768x120.gif 768w\" sizes=\"auto, (max-width: 1024px) 100vw, 1024px\" \/><\/p>\n<p>La sede social del C\u00edrculo de Periodistas Deportivos del Chaco fue escenario de la presentaci\u00f3n de la 43\u00b0 edici\u00f3n de la Fiesta Anual del Deporte, el evento que convoca a los destacados de \u00e9ste a\u00f1o en las diferentes disciplinas. El acontecimiento tendr\u00e1 lugar en el Centro de Convenciones del Domo del Centenario el pr\u00f3ximo viernes 19 de diciembre, a partir de las 21:30 horas, con transmisi\u00f3n del canal estatal Somos Uno.<\/p>\n<p><b>LOS DEPORTISTAS<\/b><br \/>\nEl presidente del C\u00edrculo de Periodistas Deportivos, Willy Rodr\u00edguez, tras brindar detalles del nuevo acontecimiento e invitar a la comunidad deportiva a sumarse y participar, remarc\u00f3 que para la instituci\u00f3n es un nuevo desaf\u00edo la organizaci\u00f3n por el n\u00famero de distinciones y reconocimientos a entregar. Tambi\u00e9n confirm\u00f3 los nombres de los atletas que recibir\u00e1n sus estatuillas en una velada que promete ser m\u00e1s que atractiva.<\/p>\n<p>Fabio V\u00e1zquez, titular del Instituto del Deporte, y Lucas Apud Mas\u00edn, de Loter\u00eda Chaque\u00f1a, destacaron el trabajo que lleva adelante el C\u00edrculo de Periodistas Deportivos. V\u00e1squez celebr\u00f3 este reconocimiento \u201cal trabajo, esfuerzo y dedicaci\u00f3n de los deportistas durante todo el a\u00f1o\u201d.<\/p>\n<p>Por su parte, Apud Mas\u00edn de Loter\u00eda Chaque\u00f1a, asegur\u00f3 que se trabaja constantemente en la promoci\u00f3n de pol\u00edticas p\u00fablicas deportivas, \u201csabiendo que el deporte es un espacio de contenci\u00f3n que permite formarse, crecer con valores, trabajar en equipos y ser solidarios\u201d. \u201cPor ello, todo lo que est\u00e9 relacionado con el deporte es prioridad para Loter\u00eda Chaque\u00f1a\u201d, subray\u00f3 y record\u00f3 que el fin de semana pasado se inauguraron canchas de paddle en Presidencia Roca y en Pampa del Infierno.<\/p>\n<p><b>Entrega de tarjetas<\/b><br \/>\nA partir del pr\u00f3ximo lunes se entregar\u00e1n las tarjetas a los deportistas que ser\u00e1n distinguidos. Las mismas podr\u00e1n retirarse en la sede social de avenida Italia 1146 en el horario de 8:30 a 11:30 horas.<\/p>\n<p><b>LOS NOMINADOS<\/b><br \/>\n<strong>Ajedrez:<\/strong> Noah Zalazar<br \/>\n<strong>\u00c1rbitro:<\/strong> Leandro D\u00edaz Doro\u00f1uk<br \/>\n<strong>Artes Marciales:<\/strong> a definir<br \/>\n<strong>Atletismo:<\/strong> Thiago Acevedo<br \/>\n<strong>Automovilismo:<\/strong> Lucas Carabajal<br \/>\n<strong>B\u00e1squet femenino: <\/strong>a definir\u00a0<strong><br \/>\nB\u00e1squet masculino:<\/strong>\u00a0Carlos Araujo<br \/>\n<strong>Bochas:<\/strong> Santiago Lucas Morales<br \/>\n<strong>Boxeo:<\/strong> Carlos G\u00f3mez Remotti<br \/>\n<strong>Caza:<\/strong> Juan Gael Alegre<br \/>\n<strong>Canotaje:<\/strong> Paula Flores<br \/>\n<strong>Cestoball:<\/strong> Mat\u00edas Barreto<br \/>\n<strong>Ciclcismo:<\/strong> Germ\u00e1n Trautner<br \/>\n<strong>Deporte Adaptado:<\/strong> Lucas Leguiza<br \/>\n<strong>Dirigente:<\/strong> a definir<br \/>\n<strong>F\u00fatbol masculino:<\/strong> Tom\u00e1s Aquino<br \/>\n<strong>F\u00fatbol femenino:<\/strong> Agustina Correa<br \/>\n<strong>Futsal:<\/strong> Marcos Jes\u00fas Fern\u00e1ndez<br \/>\n<strong>Fisicoculturismo:<\/strong> Mario Monfardini<br \/>\n<strong>Gimnasia:<\/strong> Ezequ\u00edas B\u00e1ez<br \/>\n<strong>Golf:<\/strong> Camilo Chapresto<br \/>\n<strong>Handball:<\/strong> Sof\u00eda Silva<br \/>\n<strong>Hockey:<\/strong> Cristian Castro<br \/>\n<strong>Karting:<\/strong> Fausto Vicente<br \/>\n<strong>Levantamiento Ol\u00edmpico de Pesas:<\/strong> Milena Ayala<br \/>\n<strong>Marat\u00f3n:<\/strong> Gabriela Moreyra<br \/>\n<strong>Motociclismo:<\/strong> Ramiro Gandola<br \/>\n<strong>Nataci\u00f3n:<\/strong> Thiago Romero<br \/>\n<strong>P\u00e1del:<\/strong> Mirko Kloster<br \/>\n<strong>Pat\u00edn:<\/strong> Martina Ferreira<br \/>\n<strong>Pesca:<\/strong> a definir<br \/>\n<strong>Rugby masculino:<\/strong> Ignacio Baiter<br \/>\n<strong>Rugby femenino:<\/strong> Cristal Escalante<br \/>\n<strong>Squash:<\/strong> Luca Antenucci<br \/>\n<strong>Tenis:<\/strong> a definir<br \/>\n<strong>Tenis de Mesa:<\/strong> Juan Cruz Axon<br \/>\n<strong>Tiro:<\/strong> Adri\u00e1n Cristaldo<br \/>\n<strong>Triatl\u00f3n:<\/strong> Ignacio Zurlo<br \/>\n<strong>V\u00f3ley:<\/strong> Gabriel C\u00f3rdoba<\/p>\n<p><strong>Reconocimientos<\/strong><br \/>\nLiga Chaque\u00f1a de F\u00fatbol<br \/>\nAlejandro \u201cPuma\u201d Pirota<br \/>\nGonzalo Corbal\u00e1n<br \/>\nSelecci\u00f3n de Seven de la Uni\u00f3n de Rugby del Nordeste<br \/>\nUni\u00f3n y Fuerza de Corzuela<br \/>\nDeportivo Luj\u00e1n<br \/>\nClub Empleados de Comercio<br \/>\nParque Patricios<br \/>\nJazm\u00edn Travesani<\/p>\n<p><img loading=\"lazy\" decoding=\"async\" class=\"aligncenter size-full wp-image-17900\" src=\"https:\/\/www.sportchaco.com.ar\/wp-content\/uploads\/2025\/04\/BANNER-WEB-Qdenga-250x250-1.gif\" alt=\"\" width=\"521\" height=\"521\" \/><\/p>\n","protected":false},"excerpt":{"rendered":"<p>11-12-2025 La sede social del C\u00edrculo de Periodistas Deportivos del Chaco fue escenario de la presentaci\u00f3n de la 43\u00b0 edici\u00f3n de la Fiesta Anual del Deporte, el evento que convoca a los destacados de \u00e9ste a\u00f1o en las diferentes disciplinas. El acontecimiento tendr\u00e1 lugar en el Centro de Convenciones del Domo del Centenario el pr\u00f3ximo &hellip;<\/p>\n","protected":false},"author":3,"featured_media":29994,"comment_status":"open","ping_status":"open","sticky":false,"template":"","format":"standard","meta":{"footnotes":""},"categories":[44],"tags":[],"class_list":["post-29993","post","type-post","status-publish","format-standard","has-post-thumbnail","hentry","category-varios"],"_links":{"self":[{"href":"https:\/\/www.sportchaco.com.ar\/index.php?rest_route=\/wp\/v2\/posts\/29993","targetHints":{"allow":["GET"]}}],"collection":[{"href":"https:\/\/www.sportchaco.com.ar\/index.php?rest_route=\/wp\/v2\/posts"}],"about":[{"href":"https:\/\/www.sportchaco.com.ar\/index.php?rest_route=\/wp\/v2\/types\/post"}],"author":[{"embeddable":true,"href":"https:\/\/www.sportchaco.com.ar\/index.php?rest_route=\/wp\/v2\/users\/3"}],"replies":[{"embeddable":true,"href":"https:\/\/www.sportchaco.com.ar\/index.php?rest_route=%2Fwp%2Fv2%2Fcomments&post=29993"}],"version-history":[{"count":1,"href":"https:\/\/www.sportchaco.com.ar\/index.php?rest_route=\/wp\/v2\/posts\/29993\/revisions"}],"predecessor-version":[{"id":29995,"href":"https:\/\/www.sportchaco.com.ar\/index.php?rest_route=\/wp\/v2\/posts\/29993\/revisions\/29995"}],"wp:featuredmedia":[{"embeddable":true,"href":"https:\/\/www.sportchaco.com.ar\/index.php?rest_route=\/wp\/v2\/media\/29994"}],"wp:attachment":[{"href":"https:\/\/www.sportchaco.com.ar\/index.php?rest_route=%2Fwp%2Fv2%2Fmedia&parent=29993"}],"wp:term":[{"taxonomy":"category","embeddable":true,"href":"https:\/\/www.sportchaco.com.ar\/index.php?rest_route=%2Fwp%2Fv2%2Fcategories&post=29993"},{"taxonomy":"post_tag","embeddable":true,"href":"https:\/\/www.sportchaco.com.ar\/index.php?rest_route=%2Fwp%2Fv2%2Ftags&post=29993"}],"curies":[{"name":"wp","href":"https:\/\/api.w.org\/{rel}","templated":true}]}}