{"id":30014,"date":"2025-12-12T10:47:22","date_gmt":"2025-12-12T13:47:22","guid":{"rendered":"https:\/\/www.sportchaco.com.ar\/?p=30014"},"modified":"2025-12-12T11:29:56","modified_gmt":"2025-12-12T14:29:56","slug":"fiesta-del-deporte-miguel-fernandez-a-37-anos-de-coronacion","status":"publish","type":"post","link":"https:\/\/www.sportchaco.com.ar\/?p=30014","title":{"rendered":"Fiesta del Deporte: Miguel Fern\u00e1ndez a 37 a\u00f1os de coronaci\u00f3n"},"content":{"rendered":"<h5><\/h5>\n<h5><img loading=\"lazy\" decoding=\"async\" class=\"alignnone wp-image-29908\" src=\"https:\/\/www.sportchaco.com.ar\/wp-content\/uploads\/2025\/12\/Luis-carita-287x300-1.jpg\" alt=\"\" width=\"75\" height=\"78\" \/> por LUIS DARIO MOLODEZKY<\/h5>\n<p>&nbsp;<\/p>\n<h5><strong>Miguel Fern\u00e1ndez es uno de los grandes deportistas chaque\u00f1os de todos los tiempos.<\/strong><strong>A pocos d\u00edas de celebrarse la 43\u00aa Fiesta Anual del Deporte, es imposible no volver la mirada hacia uno de los nombres que marcaron un antes y un despu\u00e9s en la historia del golf chaque\u00f1o: Miguel Fern\u00e1ndez, elegido <em>Deportista del A\u00f1o 1988<\/em> por el C\u00edrculo de Periodistas Deportivos del Chaco. Una distinci\u00f3n que no fue un premio m\u00e1s, sino el reconocimiento a un camino improbable, forjado a puro esfuerzo, talento y una voluntad que nunca conoci\u00f3 atajos.<\/strong><\/h5>\n<p><em> <img decoding=\"async\" src=\"https:\/\/scontent.fcnq2-1.fna.fbcdn.net\/v\/t39.30808-6\/596424389_122118093999022572_6546253395316473130_n.jpg?_nc_cat=106&amp;ccb=1-7&amp;_nc_sid=127cfc&amp;_nc_ohc=9ZRuUlA4HMwQ7kNvwGJk6_Z&amp;_nc_oc=AdlfIbYz9-OZQsKtGZEZzqDn4jBqXor3KPKgZk_M5djf9Jp-Ij_Xr-pAXumnU13d01U&amp;_nc_zt=23&amp;_nc_ht=scontent.fcnq2-1.fna&amp;_nc_gid=VWe9B6y-qcgFffyGzllWyg&amp;oh=00_AfkNYyajD-4x65WVxTAtt2QLq0H3D22YTUma_G7Vlp3lhg&amp;oe=6941FCB0\" alt=\"Puede ser una imagen de texto que dice &quot;MIGUEL FERN\u00c1NDEZ MIGUELFERNANDEZ-GOLF GOLF Ihdtotos shistoria fotos&quot;\" \/><\/em><\/p>\n<p><em>Miguel Fern\u00e1ndez con Alberto Molina, alguien vital en mi carrera\u00bb en los &#8217;90<\/em><\/p>\n<p>Miguel no naci\u00f3 entre palos profesionales ni pelotas importadas. Su infancia transcurri\u00f3 <strong>en los alrededores del Chaco Golf Club<\/strong>, donde su padre trabajaba como capataz y donde sus hermanos \u2014y luego \u00e9l\u2014 fueron caddies.<\/p>\n<p>All\u00ed, entre espinillos y corredores de tierra, descubri\u00f3 un deporte que por entonces parec\u00eda reservado para otros. \u00c9l lo reinvent\u00f3 a su manera: <strong>palitos de tala tallados a mano y pelotitas hechas con corchos de sidra y gomitas sacadas de pelotas gastadas<\/strong>. Ese fue su primer set, su primer laboratorio de sue\u00f1os.<\/p>\n<p>Sin embargo, su gran pasi\u00f3n inicial era otra: <strong>el f\u00fatbol<\/strong>. Prob\u00f3 suerte en For Ever, lleg\u00f3 a jugar en tercera, pero una lesi\u00f3n lo apart\u00f3 del camino. Fue un golpe, s\u00ed, pero tambi\u00e9n una puerta que se abri\u00f3 sin que \u00e9l lo supiera. Porque el golf, su golf, ya lo estaba esperando.<\/p>\n<p>&nbsp;<\/p>\n<p>Ten\u00eda apenas <strong>14 a\u00f1os<\/strong> cuando clasific\u00f3 al Torneo Nacional de Caddies en Buenos Aires. Su padre no quer\u00eda firmarle la autorizaci\u00f3n para viajar. Miguel llor\u00f3. Su hermano mayor intervino. Su padre firm\u00f3. Y el chico que empu\u00f1aba palos improvisados termin\u00f3 jugando en Palermo, donde recibi\u00f3 \u2014de manos de Roberto De Vicenzo\u2014 un juego de palos verdaderos.<br \/>\nAquella vez sali\u00f3 quinto. Aquella vez, sin saberlo, hab\u00eda empezado todo.<\/p>\n<p>Desde entonces, su vida se midi\u00f3 en rondas, en caminatas incansables, en tardes eternas entre el colegio y la cancha. A veces con dos pelotas apenas, como cuando viaj\u00f3 a competir y tuvo que meterse a una laguna para recuperar las que se les hab\u00edan ca\u00eddo. No hab\u00eda margen para perder nada. Cada pelota importaba. Cada golpe era un paso m\u00e1s hacia un sue\u00f1o que todav\u00eda no se animaba a decir en voz alta.<\/p>\n<p>Su explosi\u00f3n lleg\u00f3 en 1984. Invitado a jugar el Abierto del Nordeste, firm\u00f3 una tarjeta inolvidable de <strong>nueve bajo par<\/strong>, sorprendiendo al propio presidente del club, Alberto Molina, quien lo convenci\u00f3 de apostar por el profesionalismo. Ese mismo a\u00f1o fue <strong>Revelaci\u00f3n Clar\u00edn<\/strong>, y encontr\u00f3 un padrino que marcar\u00eda su carrera: <strong>Jorge \u201cQuique\u201d Soto<\/strong>, una leyenda del golf argentino.<\/p>\n<p>Con \u00e9l empez\u00f3 la etapa grande, la de verdadero jugador de circuito. Llegaron triunfos en torneos nacionales, victorias en el exterior \u2014como el Abierto de Uruguay o el Abierto de Brasil\u2014, y participaciones memorables junto a figuras como el Gato Romero, Luis Carbonetti o el propio De Vicenzo, con quien comparti\u00f3 un inolvidable torneo de \u201cdesplume\u201d televisado en ATC.<\/p>\n<p>Miguel, el del palo de tala, ya era <strong>Miguel Fern\u00e1ndez<\/strong>, profesional argentino, figura respetada, embajador deportivo del Chaco.<\/p>\n<p><img decoding=\"async\" class=\"aligncenter\" src=\"https:\/\/scontent.fcnq2-2.fna.fbcdn.net\/v\/t39.30808-6\/597393945_122118094047022572_1389545005201404531_n.jpg?_nc_cat=108&amp;ccb=1-7&amp;_nc_sid=127cfc&amp;_nc_ohc=t3XiXjMVk1gQ7kNvwH-m3oH&amp;_nc_oc=AdnuZJVM4C4GemKSE1ORX1WMBBKYER39hZv3zylqBOFSu1_0pzGHpabCj20D7dpiLug&amp;_nc_zt=23&amp;_nc_ht=scontent.fcnq2-2.fna&amp;_nc_gid=WSgI59ItJ8tAPQ9UFwqYnQ&amp;oh=00_Afll2ChmQHqOLhlwHRbQFyqqNxbkdntQkwrob5yAsxDeCw&amp;oe=6941D7BE\" alt=\"Puede ser una imagen de golf y texto\" \/><\/p>\n<p style=\"text-align: center;\"><em><strong>Primer t\u00edtulo internacional para el chaque\u00f1o<\/strong><\/em><\/p>\n<p>En <strong>1988<\/strong>, el C\u00edrculo de Periodistas Deportivos del Chaco lo consagr\u00f3 <strong>Deportista del A\u00f1o<\/strong>, un reconocimiento que sell\u00f3 en el coraz\u00f3n del deporte provincial una historia que todav\u00eda hoy emociona. Porque si algo define a Miguel es que nunca olvid\u00f3 de d\u00f3nde sali\u00f3. Ni c\u00f3mo. Ni por qu\u00e9.<\/p>\n<p>Hoy, desde la ense\u00f1anza en Mar del Plata y algunas visitas al Chaco Golf Club, vuelve al mismo terreno donde su vida cambi\u00f3. Est\u00e1 formando a los chicos que, como \u00e9l, miran los palos con timidez y sue\u00f1an en silencio. Les ense\u00f1a t\u00e9cnica, s\u00ed, pero tambi\u00e9n algo m\u00e1s valioso: la convicci\u00f3n de que el golf \u2014como la vida\u2014 abre puertas cuando se lo toma con seriedad y pasi\u00f3n.<\/p>\n<p>\u201c<strong>Este deporte te abre puertas. Si lo tom\u00e1s con responsabilidad, pod\u00e9s llegar lejos.<\/strong>\u201d<br \/>\nLa frase es suya, pero tambi\u00e9n es su historia.<\/p>\n<p><strong>Miguel Fern\u00e1ndez, de los palitos de tala al cielo del golf argentino<\/strong><\/p>\n<p><img decoding=\"async\" src=\"https:\/\/scontent.fcnq2-1.fna.fbcdn.net\/v\/t39.30808-6\/597179487_122118094137022572_7551900308189722054_n.jpg?_nc_cat=107&amp;ccb=1-7&amp;_nc_sid=127cfc&amp;_nc_ohc=8jfLvz3N-DMQ7kNvwH_Bt1w&amp;_nc_oc=Adnc_ik9IzReJ1yjUuMw-tLcr63J9NYIjSSAclYinJiCtoPQZE1HR_mxWP7vJPRUvkE&amp;_nc_zt=23&amp;_nc_ht=scontent.fcnq2-1.fna&amp;_nc_gid=G7_uzvpLy1sR5cKyx7Jt_Q&amp;oh=00_AfnV-kBdJ2ajiElGy7eQHCUpjcrrUwop5vEbWqBsmFdieQ&amp;oe=6941DCEF\" alt=\"Puede ser una imagen de una o varias personas, sala de prensa y texto que dice &quot;TYFI JAN MANOFCHARP OF CHANP MIGUEL FERN\u00c1NDEZ MIGUELFERN\u00c1NDEZ-GOLF GOLF Thistoria fotos&quot;\" \/><\/p>\n<p><em><strong>Nota de Miguel Fern\u00e1ndez en 5 Fotos una Historia, conducido por el periodista Luis Dario Molodezky<\/strong><\/em><\/p>\n<p><strong>A d\u00edas de la 43\u00aa Fiesta Anual del Deporte<\/strong><\/p>\n<p>Hay historias que nacen lejos de los flashes, en los bordes de una cancha, en los senderos de tierra que llevan a un club. Historias que se escriben primero con esfuerzo, despu\u00e9s con talento, y finalmente con gloria. La de <strong>Miguel Fern\u00e1ndez<\/strong>, aquel chico que naci\u00f3 el 10 de abril de 1962 en Resistencia y creci\u00f3 entre los \u00e1rboles y los fairways del Chaco Golf Club, es una de esas.<\/p>\n<p>A pocos d\u00edas de celebrarse una nueva edici\u00f3n de la <strong>Fiesta Anual del Deporte<\/strong>, vale recordar al hombre que en <strong>1988<\/strong> fue elegido <strong>Deportista del A\u00f1o<\/strong> por el C\u00edrculo de Periodistas Deportivos del Chaco: un chaque\u00f1o que llev\u00f3 su juego desde los palitos de tala hasta los grandes escenarios del mundo.<\/p>\n<p><img decoding=\"async\" class=\"aligncenter\" src=\"https:\/\/scontent.fcnq2-2.fna.fbcdn.net\/v\/t39.30808-6\/594570573_122118093861022572_273596290412137736_n.jpg?_nc_cat=110&amp;ccb=1-7&amp;_nc_sid=127cfc&amp;_nc_ohc=UBR6kJVP8z8Q7kNvwHMquEF&amp;_nc_oc=AdmTYNepWYyw3Jrygi6aw2NgZkF8Tuy_RqlfzOhXPociQC1rmcXIfD3jKj_tuPKl4M8&amp;_nc_zt=23&amp;_nc_ht=scontent.fcnq2-2.fna&amp;_nc_gid=t10B2Q12uUH2OG2KJ4eiEA&amp;oh=00_Afnzh58Dc7orKAU4YfDHIKk2wOC0xWGY9FMCjgNfiChAbw&amp;oe=694200FC\" alt=\"Puede ser una imagen de golf, campo de golf y texto\" \/><\/p>\n<p><strong>El ni\u00f1o caddie que so\u00f1aba con una pelota\u2026 pero redonda<\/strong><\/p>\n<p>Miguel no lleg\u00f3 al golf por herencia deportiva ni por privilegio. Lleg\u00f3 porque <strong>viv\u00eda al lado del club<\/strong> y porque su padre trabajaba all\u00ed como capataz. Sus hermanos fueron caddies, \u00e9l tambi\u00e9n. Y aunque su coraz\u00f3n de chico lat\u00eda por el f\u00fatbol \u2014jug\u00f3 en las inferiores de Chaco For Ever e incluso lleg\u00f3 a disputar un partido en tercera\u2014 las lesiones lo empujaron al otro camino.<\/p>\n<p>Pero el golf, por entonces, era un lujo lejano. Los palos se improvisaban con <strong>ramas de tala<\/strong>, y las pelotas se fabricaban con <strong>corchos de sidra<\/strong> y gomitas recuperadas de pelotas viejas. As\u00ed empez\u00f3 a golpear, a sentir el vuelo, a imaginar lo que todav\u00eda no sab\u00eda que ser\u00eda su destino.<\/p>\n<p><img decoding=\"async\" src=\"https:\/\/scontent.fcnq2-1.fna.fbcdn.net\/v\/t39.30808-6\/596952754_122118093867022572_4831874498094519445_n.jpg?_nc_cat=106&amp;ccb=1-7&amp;_nc_sid=127cfc&amp;_nc_ohc=KWl9ua0p1H4Q7kNvwEjh4ad&amp;_nc_oc=AdlyNjxvw2YD9gZQ6ZGT-NkvH7GUuqZNoDGLC3AYpTam5xVmj0dvyyS4wZBO3tECtds&amp;_nc_zt=23&amp;_nc_ht=scontent.fcnq2-1.fna&amp;_nc_gid=o7WVw0r-UWOy0dHbZD0qJA&amp;oh=00_AflVOXK7iE78Y040UMsK-eK9AQ9N8arGGqN5I2e8_mx-tg&amp;oe=6941FEA1\" alt=\"Puede ser una imagen de golf, hockey sobre hielo y texto que dice &quot;NOBLE fotos&quot;\" \/><\/p>\n<p><strong>El viaje a Buenos Aires que cambi\u00f3 todo<\/strong><\/p>\n<p>A los 14 a\u00f1os clasific\u00f3 para representar al Chaco en el Torneo Nacional de Caddies en Buenos Aires. Su pap\u00e1 no quer\u00eda firmarle la autorizaci\u00f3n para viajar. Miguel llor\u00f3, quiso irse, quiso renunciar. Hasta que apareci\u00f3 su hermano, lo defendi\u00f3, lo empuj\u00f3, lo acompa\u00f1\u00f3.<\/p>\n<p><strong>Viaj\u00f3. Jug\u00f3. Termin\u00f3 quinto. Recibi\u00f3 su premio de manos de Amadeo Carrizo, \u00eddolo absoluto de su otra pasi\u00f3n, el f\u00fatbol. Ese d\u00eda empez\u00f3 a creer.<\/strong><\/p>\n<p><strong>La consagraci\u00f3n del talento<\/strong><\/p>\n<p>En 1980 se hizo profesional. Desde all\u00ed, su carrera explot\u00f3:<\/p>\n<ul>\n<li><strong>Gan\u00f3 la Orden de M\u00e9rito del Tour Argentino en 1987.<\/strong><\/li>\n<li><strong>Fue campe\u00f3n del Abierto Argentino en 1987 y 1988<\/strong>, algo reservado solo para los mejores.<\/li>\n<li>Sum\u00f3 <strong>12 t\u00edtulos del circuito argentino<\/strong>, entre ellos el Abierto del Norte, del Litoral, del Centro, Norpatag\u00f3nico, Caril\u00f3 y Paran\u00e1.<\/li>\n<li>Gan\u00f3 tambi\u00e9n en Chile y Uruguay.<\/li>\n<li>En 2004 conquist\u00f3 el <strong>Panama Masters<\/strong>, triunfo que lo llev\u00f3 al <strong>Challenge Tour europeo<\/strong>, donde volvi\u00f3 a dejar huella.<\/li>\n<\/ul>\n<p>En 1991 jug\u00f3 el <strong>European Tour<\/strong>, compitiendo contra figuras mundiales. Aquel a\u00f1o disput\u00f3 el <strong>British Open en Royal Birkdale<\/strong>, uno de los templos del golf mundial.<\/p>\n<p>Y en 1989 visti\u00f3 la camiseta argentina en la <strong>Copa del Mundo<\/strong> y en la <strong>Copa Dunhill<\/strong>, quedando <strong>4\u00ba en la clasificaci\u00f3n individual<\/strong>, un logro pocas veces repetido.<\/p>\n<p>Miguel Fern\u00e1ndez cruz\u00f3 fronteras, idiomas y climas. Su cuna fue el Chaco, pero su nombre se pronunci\u00f3 en Buenos Aires, en Brasil, en Panam\u00e1, en Espa\u00f1a y en el Reino Unido.<\/p>\n<p><img decoding=\"async\" src=\"https:\/\/scontent.fcnq2-1.fna.fbcdn.net\/v\/t39.30808-6\/597557209_122118093993022572_1411450773593641503_n.jpg?_nc_cat=100&amp;ccb=1-7&amp;_nc_sid=127cfc&amp;_nc_ohc=TaAOsEd2B1EQ7kNvwFgPUpF&amp;_nc_oc=AdlKgXXW1FDNqfPyPcdm99H3ki-H25cJI-bNBk8PMhEG7LSpz_E2R_XKFkELgF6sLJQ&amp;_nc_zt=23&amp;_nc_ht=scontent.fcnq2-1.fna&amp;_nc_gid=XqRa76BMqe2pvO1tzEkDWg&amp;oh=00_AfnMqumKvBljh-CfoAoAuJ4e7wejSSIsqllmMjaL7yCFeQ&amp;oe=6941E2CD\" alt=\"Puede ser una imagen de golf y campo de golf\" \/><\/p>\n<p><em><strong>En la presentaci\u00f3n del 1er Abierto del Chaco \u2013 \u201cCuna de Campeones\u201d, que se jugar\u00e1 en nuestra casa: el Chaco Golf Club \u2028Jos\u00e9 Vega Fernandez \u2013 Presidente del Chaco Golf Club\u2028Miguel Fernandez \u2013 Profesional Chaco Golf Club.\u2028C\u00e9sar Monasterio \u2013 Presidente del TPGA.\u2028Juan Jos\u00e9 Pegoraro \u2013 Capit\u00e1n de Cancha ChGC.<\/strong><\/em><\/p>\n<p><strong>El hombre, el legado y la tierra santa del golf chaque\u00f1o<\/strong><\/p>\n<p>Cada vez que le preguntaron por el secreto del Chaco Golf Club para producir jugadores de \u00e9lite, Miguel respond\u00eda con una sonrisa c\u00f3mplice:<\/p>\n<p><strong>\u00abEl Chaco es tierra santa. Si el Papa viene a la Argentina, va a besar primero el suelo del Chaco.\u00bb<\/strong><\/p>\n<p>Detr\u00e1s del chiste, hay verdad: una cantera \u00fanica. De all\u00ed surgieron Jos\u00e9 Fern\u00e1ndez, Jos\u00e9 C\u00f3ceres, Emiliano Grillo, Fabi\u00e1n G\u00f3mez\u2026 y Miguel, el pionero que abri\u00f3 el camino.<\/p>\n<p>Hoy, desde la ense\u00f1anza, devuelve todo lo que el golf le dio. En la escuela de novicios y en la formaci\u00f3n de menores, apunta a forjar nuevas generaciones, convencido de que este deporte abre puertas, becas, viajes y sue\u00f1os.<\/p>\n<p><img decoding=\"async\" src=\"https:\/\/scontent.fcnq2-1.fna.fbcdn.net\/v\/t39.30808-6\/598330511_122118093873022572_3267477000987152485_n.jpg?_nc_cat=107&amp;ccb=1-7&amp;_nc_sid=127cfc&amp;_nc_ohc=Cca2v0WECCYQ7kNvwGx34Ec&amp;_nc_oc=Adn-5fdD8uAxUUJLvWTgNNZY9g7mWrQsfRWs49-O5P_eraHUQwiOA3xI56t4X7K_btg&amp;_nc_zt=23&amp;_nc_ht=scontent.fcnq2-1.fna&amp;_nc_gid=9_1sM_SxzGxPdsDzwEVexQ&amp;oh=00_AflPG9iluGpEsF6aUFnwgKfpyWPA85rIHuGXmQvUZPANFQ&amp;oe=6941F72A\" alt=\"Puede ser una imagen de una o varias personas, personas jugando al golf y texto que dice &quot;GrE BASET TBALINE SKETBAL MIGUEL FERN\u00c1NDEZ GOLF IGUELFERN\u00c1NDEZ-GOLF TTTT fotos thistoria&quot;\" \/><\/p>\n<p><em><strong>El hijo de Juan Crlos Rudas, Dari Zarza, Oscar Aguilar<\/strong><\/em><\/p>\n<p>&nbsp;<\/p>\n<p><strong>A d\u00edas de la Fiesta del Deporte, un recuerdo necesario<\/strong><\/p>\n<p>Miguel Fern\u00e1ndez no solo fue campe\u00f3n.<br \/>\nNo solo fue figura nacional e internacional.<br \/>\nNo solo fue el golfista que llev\u00f3 al Chaco a lo m\u00e1s alto.<\/p>\n<p>Fue \u2014y es\u2014 <strong>una historia de superaci\u00f3n<\/strong>, de humildad, de perseverancia.<br \/>\nEl caddie que construy\u00f3 sus palos.<br \/>\nEl pibe que recuperaba pelotas del fondo de una laguna para poder seguir jugando.<br \/>\nEl hombre que un d\u00eda levant\u00f3 la copa del Abierto Argentino y a la semana siguiente regres\u00f3 al club de siempre, con la misma sencillez de siempre.<\/p>\n<p>Por todo eso, a d\u00edas de una nueva Fiesta Anual del Deporte, vale volver a decirlo:<\/p>\n<p><strong>Miguel Fern\u00e1ndez es uno de los grandes deportistas chaque\u00f1os de todos los tiempos.<\/strong><\/p>\n<p><strong>1988 <\/strong>\/ El golfista Miguel Fern\u00e1ndez es consagrado Deportista del A\u00f1o, en la s\u00e9ptima edici\u00f3n de la Fiesta del Deporte. La misma se realiza en el Bingo de Loter\u00eda Chaque\u00f1a, de Cangallo y avenida 25 de Mayo. Los distinguidos en las distintas disciplinas son: ajedrez Jonathan Mart\u00ednez, atletismo Graciela Agosto, automovilismo Juan Marc\u00f3n, b\u00e1squetbol Roberto Catarozzi, bochas Elvio P\u00e9rez, boxeo Carlos Salazar, ciclismo Eduardo Duete, dirigente Alberto Tomassone, f\u00fatbol Celso Antonio Freyre, golf Miguel Fern\u00e1ndez, Handball Diego D\u00edaz, hockey Karina Feldman, homenaje Luis Barrio Cima, karting Luis Kalbermater, marat\u00f3n Miguel Aguirre, Nataci\u00f3n Salom\u00e9 Donadille, pelota H\u00e9ctor Mar\u00edn, pesca N\u00e1utico Barranqueras, rugby Jorge Liotta, tenis Valeria Abraham, v\u00f3leibol Walter Sandoval.<\/p>\n<h5><img loading=\"lazy\" decoding=\"async\" class=\"alignnone wp-image-29908\" src=\"https:\/\/www.sportchaco.com.ar\/wp-content\/uploads\/2025\/12\/Luis-carita-287x300-1.jpg\" alt=\"\" width=\"75\" height=\"78\" \/> por LUIS DARIO MOLODEZKY<\/h5>\n<p>Parte 1<\/p>\n<div style=\"width: 640px;\" class=\"wp-video\"><video class=\"wp-video-shortcode\" id=\"video-30014-1\" width=\"640\" height=\"360\" preload=\"metadata\" controls=\"controls\"><source type=\"video\/youtube\" src=\"https:\/\/youtu.be\/Vnuk8GGOZKY?si=b3elEto85GPF9oQx.MP4&#038;_=1\" \/><a href=\"https:\/\/youtu.be\/Vnuk8GGOZKY?si=b3elEto85GPF9oQx.MP4\">https:\/\/youtu.be\/Vnuk8GGOZKY?si=b3elEto85GPF9oQx.MP4<\/a><\/video><\/div>\n<div style=\"width: 640px;\" class=\"wp-video\"><video class=\"wp-video-shortcode\" id=\"video-30014-2\" width=\"640\" height=\"360\" preload=\"metadata\" controls=\"controls\"><source type=\"video\/youtube\" src=\"https:\/\/youtu.be\/e3YVpHj3mtg?si=Rj6Z3DZjy0Aej8Au.mp4&#038;_=2\" \/><a href=\"https:\/\/youtu.be\/e3YVpHj3mtg?si=Rj6Z3DZjy0Aej8Au.mp4\">https:\/\/youtu.be\/e3YVpHj3mtg?si=Rj6Z3DZjy0Aej8Au.mp4<\/a><\/video><\/div>\n<div style=\"width: 640px;\" class=\"wp-video\"><video class=\"wp-video-shortcode\" id=\"video-30014-3\" width=\"640\" height=\"360\" preload=\"metadata\" controls=\"controls\"><source type=\"video\/youtube\" src=\"https:\/\/youtu.be\/p5uX_Pm8P9A?si=y1LZdXCMco9CI8yh.MP4&#038;_=3\" \/><a href=\"https:\/\/youtu.be\/p5uX_Pm8P9A?si=y1LZdXCMco9CI8yh.MP4\">https:\/\/youtu.be\/p5uX_Pm8P9A?si=y1LZdXCMco9CI8yh.MP4<\/a><\/video><\/div>\n","protected":false},"excerpt":{"rendered":"<p>por LUIS DARIO MOLODEZKY &nbsp; Miguel Fern\u00e1ndez es uno de los grandes deportistas chaque\u00f1os de todos los tiempos.A pocos d\u00edas de celebrarse la 43\u00aa Fiesta Anual del Deporte, es imposible no volver la mirada hacia uno de los nombres que marcaron un antes y un despu\u00e9s en la historia del golf chaque\u00f1o: Miguel Fern\u00e1ndez, elegido &hellip;<\/p>\n","protected":false},"author":2,"featured_media":30015,"comment_status":"open","ping_status":"open","sticky":false,"template":"","format":"standard","meta":{"footnotes":""},"categories":[61,78],"tags":[],"class_list":["post-30014","post","type-post","status-publish","format-standard","has-post-thumbnail","hentry","category-golf","category-historias"],"_links":{"self":[{"href":"https:\/\/www.sportchaco.com.ar\/index.php?rest_route=\/wp\/v2\/posts\/30014","targetHints":{"allow":["GET"]}}],"collection":[{"href":"https:\/\/www.sportchaco.com.ar\/index.php?rest_route=\/wp\/v2\/posts"}],"about":[{"href":"https:\/\/www.sportchaco.com.ar\/index.php?rest_route=\/wp\/v2\/types\/post"}],"author":[{"embeddable":true,"href":"https:\/\/www.sportchaco.com.ar\/index.php?rest_route=\/wp\/v2\/users\/2"}],"replies":[{"embeddable":true,"href":"https:\/\/www.sportchaco.com.ar\/index.php?rest_route=%2Fwp%2Fv2%2Fcomments&post=30014"}],"version-history":[{"count":6,"href":"https:\/\/www.sportchaco.com.ar\/index.php?rest_route=\/wp\/v2\/posts\/30014\/revisions"}],"predecessor-version":[{"id":30026,"href":"https:\/\/www.sportchaco.com.ar\/index.php?rest_route=\/wp\/v2\/posts\/30014\/revisions\/30026"}],"wp:featuredmedia":[{"embeddable":true,"href":"https:\/\/www.sportchaco.com.ar\/index.php?rest_route=\/wp\/v2\/media\/30015"}],"wp:attachment":[{"href":"https:\/\/www.sportchaco.com.ar\/index.php?rest_route=%2Fwp%2Fv2%2Fmedia&parent=30014"}],"wp:term":[{"taxonomy":"category","embeddable":true,"href":"https:\/\/www.sportchaco.com.ar\/index.php?rest_route=%2Fwp%2Fv2%2Fcategories&post=30014"},{"taxonomy":"post_tag","embeddable":true,"href":"https:\/\/www.sportchaco.com.ar\/index.php?rest_route=%2Fwp%2Fv2%2Ftags&post=30014"}],"curies":[{"name":"wp","href":"https:\/\/api.w.org\/{rel}","templated":true}]}}