{"id":30047,"date":"2025-12-13T12:04:20","date_gmt":"2025-12-13T15:04:20","guid":{"rendered":"https:\/\/www.sportchaco.com.ar\/?p=30047"},"modified":"2025-12-13T12:08:43","modified_gmt":"2025-12-13T15:08:43","slug":"celso-freyre-a-36-anos-del-ascenso-y-deportista-del-ano-1989","status":"publish","type":"post","link":"https:\/\/www.sportchaco.com.ar\/?p=30047","title":{"rendered":"Celso Freyre, a 36 a\u00f1os del ascenso y Deportista del A\u00f1o 1989"},"content":{"rendered":"<h5><\/h5>\n<h5><img loading=\"lazy\" decoding=\"async\" class=\"alignnone  wp-image-29908\" src=\"https:\/\/www.sportchaco.com.ar\/wp-content\/uploads\/2025\/12\/Luis-carita-287x300-1.jpg\" alt=\"\" width=\"88\" height=\"92\" \/> por LUIS DARIO MOLODEZKY<\/h5>\n<h5><\/h5>\n<h5><strong>A 36 A\u00f1os del Ascenso: Celso Freyre, el Capit\u00e1n que Encarn\u00f3 el Esp\u00edritu de For Ever. <\/strong><strong>Por momentos, el tiempo parece un soplo. Han pasado 36 a\u00f1os de aquel 1989 que marc\u00f3 para siempre la historia de Chaco For Ever, y sin embargo hay nombres que regresan con la misma fuerza que entonces. Entre todos, uno reluce con la luz de los grandes: Celso Antonio Freyre, \u201cel Loro\u201d, s\u00edmbolo, alma y capit\u00e1n de un ascenso inolvidable. Y fue \u00e9l, el capit\u00e1n, quien ese a\u00f1o fuera consagrado Deportista del A\u00f1o por el C\u00edrculo de Periodistas Deportivos del Chaco, el tercero en la larga historia.<\/strong><\/h5>\n<p>&nbsp;<\/p>\n<p><strong>1989: El a\u00f1o en que el deporte chaque\u00f1o tuvo nombre propio<\/strong><\/p>\n<p>Hay a\u00f1os que no pasan. <strong>1989<\/strong> es uno de ellos. No solo por los logros, los t\u00edtulos y las haza\u00f1as, sino porque qued\u00f3 grabado como un tiempo de identidad, de esfuerzo y de orgullo compartido. Aquel a\u00f1o, el <strong>C\u00edrculo de Periodistas Deportivos del Chaco<\/strong> celebr\u00f3 la <strong>octava edici\u00f3n de la Fiesta del Deporte<\/strong>, en una noche especial realizada en la <strong>Casa del M\u00e9dico<\/strong>, donde el deporte provincial se mir\u00f3 a s\u00ed mismo y se reconoci\u00f3 en sus mejores protagonistas.<\/p>\n<p>La distinci\u00f3n mayor, el <strong>Deportista del A\u00f1o<\/strong>, tuvo un destinatario indiscutido: <strong>Celso Antonio Freyre<\/strong>, capit\u00e1n y emblema de <strong>Chaco For Ever<\/strong>, protagonista central del hist\u00f3rico ascenso al f\u00fatbol grande de la Argentina. Su consagraci\u00f3n no fue solo un premio individual, sino el reconocimiento a una gesta colectiva que puso a la provincia en el centro de la escena nacional.<\/p>\n<p>Pero aquella noche no fue de un solo nombre. Fue el reflejo de un Chaco deportivo amplio, diverso y apasionado, que brillaba en cada disciplina.<\/p>\n<p><img loading=\"lazy\" decoding=\"async\" class=\"aligncenter\" src=\"https:\/\/scontent.fcnq2-1.fna.fbcdn.net\/v\/t39.30808-6\/597628364_122118239955022572_4445451029431504255_n.jpg?_nc_cat=101&amp;ccb=1-7&amp;_nc_sid=127cfc&amp;_nc_ohc=bQ6VIf9L8HMQ7kNvwF232pm&amp;_nc_oc=Adk7xxkFR7RNT56SJ4WSWmu4cdaSHF7PhnktBiSOqQqBEfA_iUk4CBhCHLsq6Yd5BuI&amp;_nc_zt=23&amp;_nc_ht=scontent.fcnq2-1.fna&amp;_nc_gid=AzPlODTrNjuAxykoMWmvkw&amp;oh=00_Afk-uA8i3gTExD2oQhgzdYc4e2SAwkrW8sep8om_ykK3QQ&amp;oe=6943573B\" alt=\"Puede ser una imagen en blanco y negro\" width=\"520\" height=\"410\" \/><\/p>\n<p><em><strong>Celso Freyre es consagrado Deportista del A\u00f1o 1989 y recibe el premio de manos del presidente de For Ever, Juan Alberto Garc\u00eda<\/strong><\/em><\/p>\n<p><strong>Los consagrados de 1989<\/strong><\/p>\n<p>En ajedrez, la precisi\u00f3n y la estrategia tuvieron en <strong>Florentino Quiroz<\/strong> a su mejor exponente.<br \/>\nEl atletismo encontr\u00f3 en <strong>Miguel P\u00e9rez<\/strong> la imagen del sacrificio silencioso y constante.<br \/>\nEl rugido del automovilismo llev\u00f3 el sello de <strong>Abel Ocantos<\/strong>, mientras que el b\u00e1squetbol celebr\u00f3 a <strong>Patricio Simoni<\/strong> como su figura destacada.<\/p>\n<p>Las bochas tuvieron a <strong>Sergio Romero<\/strong>; el boxeo a <strong>Carlos Salazar<\/strong>, s\u00edmbolo de coraje y disciplina; y el canotaje a <strong>Juan C\u00e1ceres<\/strong>, desafiando el agua con la misma pasi\u00f3n que otros desafiaban la pista o el ring.<\/p>\n<p>En la caza deportiva se distingui\u00f3 a <strong>Eliseo Gay<\/strong>, y en ciclismo a <strong>Ra\u00fal Cisneros<\/strong>, incansable sobre el asfalto. El reconocimiento al dirigente fue para <strong>Juan Buffa<\/strong>, destacando la importancia de quienes construyen desde la gesti\u00f3n.<\/p>\n<p>El f\u00fatbol tuvo doble orgullo: <strong>Celso Freyre<\/strong> en el plano nacional y <strong>Sergio Geiser<\/strong> en el provincial.<br \/>\nLa gimnasia art\u00edstica celebr\u00f3 el talento de <strong>Sebasti\u00e1n Eidman<\/strong>, mientras que el golf distingui\u00f3 a <strong>Ra\u00fal C\u00e1ceres (h)<\/strong>.<\/p>\n<p>En handball, el nombre fue <strong>Javier P\u00e9rez Kout<\/strong>; en hockey, <strong>Diego Vera<\/strong>. El homenaje especial recay\u00f3 en <strong>Eduardo Carauni<\/strong>, figura respetada y querida del deporte chaque\u00f1o.<\/p>\n<p>La Marat\u00f3n tuvo en <strong>Rub\u00e9n Sol\u00eds<\/strong> a su representante; el motociclismo en <strong>Fernando Villa<\/strong>; la nataci\u00f3n en <strong>Carlos Romero<\/strong>; y el p\u00e1del en <strong>Jos\u00e9 Viturro<\/strong>.<\/p>\n<p>La pelota paleta distingui\u00f3 a <strong>Alberto Vicente<\/strong>; la pesca deportiva a <strong>Alfredo Bernard<\/strong>; y la regularidad automovil\u00edstica al binomio <strong>Sol\u00eds\u2013Mart\u00ednez<\/strong>.<\/p>\n<p>El rugby consagr\u00f3 a <strong>Santiago Galassi<\/strong>; el tenis a <strong>Mart\u00edn Mignoni<\/strong>; el tenis de mesa a <strong>Ernesto Ambos<\/strong>; el tiro deportivo a <strong>\u201cPacho\u201d Rodr\u00edguez<\/strong>; y el v\u00f3leibol a <strong>Jos\u00e9 Meana<\/strong>.<\/p>\n<p><strong>Una foto imborrable del deporte chaque\u00f1o<\/strong><\/p>\n<p>Aquella Fiesta del Deporte de 1989 fue mucho m\u00e1s que una ceremonia. Fue una <strong>postal de \u00e9poca<\/strong>, una s\u00edntesis del talento, la vocaci\u00f3n y el esfuerzo de mujeres y hombres que representaron al Chaco con orgullo, muchas veces sin grandes recursos, pero siempre con una enorme pasi\u00f3n.<\/p>\n<p><img decoding=\"async\" src=\"https:\/\/scontent.fcnq2-2.fna.fbcdn.net\/v\/t39.30808-6\/598532036_122118239943022572_1176526480521082224_n.jpg?_nc_cat=108&amp;ccb=1-7&amp;_nc_sid=127cfc&amp;_nc_ohc=Pzchz49lgEAQ7kNvwGgqEI4&amp;_nc_oc=AdmxjXtai5TVuXPshA9YVL0sJaq8fQTnKHg-LKYgEac-AO-Gy6D2bjpGs7RgV5voU2A&amp;_nc_zt=23&amp;_nc_ht=scontent.fcnq2-2.fna&amp;_nc_gid=Nwr9mn-VANyi_kZ9Gkxbbw&amp;oh=00_AfkqUKwTi56W0ofoBloju5FkueDSozZKYEq_zDg1U0Q5Lg&amp;oe=69433FB7\" alt=\"Puede ser una imagen de f\u00fatbol, f\u00fatbol y texto que dice &quot;LOTERIA MAQUENA OTERIA DAQUENA LOTERIA CHAGUENA ODA OTERIA AQUE LOTERIA CAQUENA RC LOTERIA AQUENA LOTERI HAQUE OTERI AQU OTER BQue \uc774\uc7ac\ud2b8\uae40\ub294- AGIE OTERI&quot;\" \/><\/p>\n<p><em><strong>31 de agosto de 1988. La alineaci\u00f3n que empato con Banfield 2-2, por la 1\u00aa fecha del Nacional \u201cB\u201d 1988\/89. Arriba: Raul Oyola, Juan Arguello, Jorge Benitez, Jose Vilche, Felipe Di Marco y Hugo Parrado. Abajo: Luis Sosa, Celso Freyre, Jos\u00e9 Villarreal, Luis Diaz y Juan Sotelo<\/strong><\/em><\/p>\n<p>&nbsp;<\/p>\n<p><strong>RECORDAR ES VOLVER A VIVIR<\/strong><\/p>\n<p>Hoy, a la distancia, recordar a los consagrados de 1989 es volver a creer en el valor del deporte como formador, como identidad y como memoria. Porque los premios se entregan una noche, pero <strong>el legado de aquellos deportistas sigue vigente<\/strong>, latiendo en cada club, en cada pista, en cada cancha y en cada historia que a\u00fan merece ser contada.<\/p>\n<p>No se explica la epopeya del \u201989 sin su presencia en la mitad de la cancha o cerrando desde el fondo con esa zurda elegante y firme. Pero tampoco se entiende al hombre sin volver al origen: <strong>Villa Los Lirios<\/strong>, <strong>Las Malvinas<\/strong>, el potrero, el club <strong>Los Andes<\/strong>, donde empez\u00f3 a tejerse el amor eterno por una pelota que le cambiar\u00eda la vida.<\/p>\n<p>\u201cDesde muy chico me imaginaba jugando al f\u00fatbol\u201d, recuerda. Y ese sue\u00f1o, nacido entre calles de tierra, se convirti\u00f3 en destino. Pas\u00f3 por Los Andes, brill\u00f3 en Sarmiento y se hizo ver en <strong>Uni\u00f3n de Pinedo<\/strong>, donde protagoniz\u00f3 el hist\u00f3rico Nacional de 1984 y hasta debi\u00f3 ponerse los guantes para atajar en un partido contra Temperley. Aquella tarde, como tantas en su carrera, termin\u00f3 ense\u00f1ando que si hab\u00eda que asumir un desaf\u00edo, \u00e9l iba al frente.<\/p>\n<p>Luego lleg\u00f3 Uni\u00f3n de Santa Fe, otro paso grande. Pero el coraz\u00f3n lo llamaba desde Resistencia y el destino ten\u00eda guardado lo mejor: <strong>For Ever<\/strong>.<\/p>\n<p><img decoding=\"async\" src=\"https:\/\/scontent.fcnq2-2.fna.fbcdn.net\/v\/t39.30808-6\/597658622_122118240105022572_9135783958565946532_n.jpg?_nc_cat=109&amp;ccb=1-7&amp;_nc_sid=127cfc&amp;_nc_ohc=BMfEuWhOSOIQ7kNvwFnq0R_&amp;_nc_oc=AdkK101I4VoVO8Nc-ttpZEKRqrmSvFz-ZvoUYvMtHwK8p7TW6dQiym-gPQx34zF-cm4&amp;_nc_zt=23&amp;_nc_ht=scontent.fcnq2-2.fna&amp;_nc_gid=18b3xbsxWhYn7eT2jFmLSw&amp;oh=00_AfkNabRL4kTAbrZ_5K8QoBGff2AMcc0vCq7eTC8qq_8FsA&amp;oe=69436D84\" alt=\"Puede ser una imagen de una o varias personas, personas jugando al f\u00fatbol, personas jugando al f\u00fatbol y texto\" \/><\/p>\n<p><em><strong>Un sorteo, con el gran capit\u00e1n en un partido frente a Argentinos Juniors.<\/strong><\/em><\/p>\n<p>&nbsp;<\/p>\n<p><strong>EL CAPITAN DEL ASCENSO<\/strong><\/p>\n<p>Celso Freyre no solo fue el jugador con <strong>m\u00e1s presencias oficiales en la historia albinegra<\/strong> (308 partidos). Fue el hombre que represent\u00f3 \u2014y a\u00fan hoy representa\u2014 un modo de sentir el f\u00fatbol: entrega, coraje, respeto, identidad.<\/p>\n<p>En esa campa\u00f1a 1988\/89, que termin\u00f3 con For Ever abrazado al cielo, el Loro fue el equilibrio del equipo y la voz de mando dentro del campo. Aquel conjunto ten\u00eda alma, hambre y una provincia entera empuj\u00e1ndolo. Y Freyre era uno de los grandes motores.<\/p>\n<p>La tarde del 29 de mayo de 1989 qued\u00f3 en la memoria colectiva: <strong>For Ever vs. Lan\u00fas<\/strong>, el Gigante de la Avenida colmado, el tejido que cedi\u00f3 por la presi\u00f3n de la multitud, la gente sosteni\u00e9ndolo con las manos para que el partido siguiera. Y ese tiro libre final del uruguayo Villagr\u00e1n que peg\u00f3 en el travesa\u00f1o y que a\u00fan hoy se recuerda con un estremecimiento. Ah\u00ed estaba el Loro, como siempre: firme, sereno, incansable.<\/p>\n<p><img decoding=\"async\" class=\"aligncenter\" src=\"https:\/\/scontent.fcnq2-1.fna.fbcdn.net\/v\/t39.30808-6\/598699640_122118240177022572_8569401300417564350_n.jpg?_nc_cat=101&amp;ccb=1-7&amp;_nc_sid=127cfc&amp;_nc_ohc=DLQQYB4lAcEQ7kNvwGcXjq9&amp;_nc_oc=AdmaIUIrpFKWK8PMPK8oV-2zb4D6uRfXoca7CUIfmDjh1m3mFbpkVSghE6qcThRJJFA&amp;_nc_zt=23&amp;_nc_ht=scontent.fcnq2-1.fna&amp;_nc_gid=PCmgh3_tnf2CP7GQi3GWmg&amp;oh=00_Afmbdxg0iEpmDJkj5whYlMTkJaSJeWw7ud-boki00NzjmA&amp;oe=694353CD\" alt=\"Puede ser una imagen de f\u00fatbol, f\u00fatbol y texto\" \/><\/p>\n<p><strong>UN PREMIO QUE CONFIRM\u00d3 UN S\u00cdMBOLO<\/strong><\/p>\n<p>Ese mismo a\u00f1o, el C\u00edrculo de Periodistas Deportivos del Chaco hab\u00eda instaurado la figura del <strong>Deportista del A\u00f1o<\/strong>. En 1989, por unanimidad, por reconocimiento, por justicia, el premio fue para \u00e9l: <strong>el gran capit\u00e1n<\/strong>, el emblema de un equipo que devolvi\u00f3 a Chaco For Ever a la Primera Divisi\u00f3n del f\u00fatbol argentino.<\/p>\n<p><strong>CONSEJOS DE UN PADRE, DESTINO DE UN HIJO<\/strong><\/p>\n<p>M\u00e1s all\u00e1 de las estad\u00edsticas, Celso guarda una historia \u00edntima que explica una parte esencial de su carrera. Cuando hab\u00eda perdido continuidad, pens\u00f3 en dejar. Su padre \u2014hombre sabio de silencios justos\u2014 lo fren\u00f3 con una frase que le cambi\u00f3 la vida:<\/p>\n<p><strong>\u201cVos ten\u00e9s que ser dos veces mejor que el que est\u00e1. No abandones. La oportunidad llega.\u201d<\/strong><\/p>\n<p>Ten\u00eda raz\u00f3n. Y ese d\u00eda en Jujuy, cuando entr\u00f3 por Carril, empez\u00f3 a escribirse la historia grande.<\/p>\n<p><img decoding=\"async\" class=\"aligncenter\" src=\"https:\/\/scontent.fcnq2-2.fna.fbcdn.net\/v\/t39.30808-6\/598716899_122118240099022572_5705098151655865066_n.jpg?_nc_cat=103&amp;ccb=1-7&amp;_nc_sid=127cfc&amp;_nc_ohc=2F7t92Rt0OAQ7kNvwF2RFeG&amp;_nc_oc=AdnrnciaHUN6LFK-bin20g1RBl4wxVto45Fgm_LpMX-raeksIWYeDx7H6-WeQMdec50&amp;_nc_zt=23&amp;_nc_ht=scontent.fcnq2-2.fna&amp;_nc_gid=eVti17Df-U8o2U6Qq1wAYQ&amp;oh=00_AfklvvXhxU0eKtdfZrDK-O8O_aknI-ySCw7bCXUsiaNnDQ&amp;oe=69436C47\" alt=\"Puede ser una imagen de golf, \u00e1rbol y campo de golf\" \/><\/p>\n<h3><strong>El jugador completo: pegada, despliegue y car\u00e1cter\u00a0<\/strong><\/h3>\n<p>&nbsp;<\/p>\n<p>Zurdo, t\u00e9cnico, polifuncional, buen rematador desde afuera del \u00e1rea. Ten\u00eda elegancia para jugar y temperamento para sostener al equipo en las malas. No se escond\u00eda jam\u00e1s. Era de esos futbolistas que el hincha reconoce enseguida como propios.<\/p>\n<p>Jugador de duelos memorables: Funes, Perazzo, Medina Bello, Marangoni, Latorre\u2026 pero siempre con dignidad y respeto.<\/p>\n<p>En cancha de Ferro, enfrentando a San Lorenzo, brill\u00f3 tanto que el t\u00e9cnico rival, Osvaldo Diez \u2014quien antes hab\u00eda dudado de \u00e9l\u2014 termin\u00f3 pidi\u00e9ndole disculpas: <strong>\u201cMe equivoqu\u00e9 con vos\u201d<\/strong>.<\/p>\n<p><strong>Un l\u00edder dentro y fuera de la cancha<\/strong><\/p>\n<p>El Loro Freyre no solo fue capit\u00e1n en el ascenso. Tambi\u00e9n vivi\u00f3 el rigor de la Primera Divisi\u00f3n, la lucha del Nacional B, los triunfos, los golpes, los viajes eternos, incluso las injusticias arbitrales. Fue parte del desempate contra Racing de C\u00f3rdoba en La Bombonera, de las victorias ante los grandes, de aquel m\u00edtico 1-1 contra San Lorenzo en 1984 con Uni\u00f3n de Pinedo.<\/p>\n<p>Y fuera de la cancha sigui\u00f3 ligado al deporte: como formador, como coordinador, como ejemplo. Siempre representando, con orgullo, al f\u00fatbol chaque\u00f1o.<\/p>\n<h3><strong>Un legado que perdura<\/strong><\/h3>\n<p>Hoy, con 66 a\u00f1os, padre, abuelo, trabajador incansable del deporte, Celso Freyre sigue siendo para el hincha lo que siempre fue: <strong>un s\u00edmbolo<\/strong>.<br \/>\nUn jugador que dej\u00f3 todo, que sinti\u00f3 la camiseta, que honr\u00f3 al club y que escribi\u00f3 p\u00e1ginas gigantes de la historia albinegra.<\/p>\n<p>A 36 a\u00f1os del ascenso, su nombre contin\u00faa ah\u00ed, donde permanecen los grandes:<\/p>\n<p><strong>** en la memoria, en las tribunas, en cada relato que vuelve a decir: \u201cEse era un jugador de verdad.\u201d **<\/strong><\/p>\n<p>Porque jugadores hay muchos, pero capitanes como \u00e9l, muy pocos.<\/p>\n<p><img loading=\"lazy\" decoding=\"async\" class=\"aligncenter\" src=\"https:\/\/scontent.fcnq2-1.fna.fbcdn.net\/v\/t39.30808-6\/597834078_122118239907022572_9156611070978201395_n.jpg?_nc_cat=102&amp;ccb=1-7&amp;_nc_sid=127cfc&amp;_nc_ohc=lQmg8MiV-YMQ7kNvwEwZJTe&amp;_nc_oc=Adlgz4UiOEWS2Ush3jvqq5udvtIOl5JaeMQ3z9XHVhinVO1dpKRpHroaP1ePiNo3NJM&amp;_nc_zt=23&amp;_nc_ht=scontent.fcnq2-1.fna&amp;_nc_gid=oJCmNIZKsMP5OUMKjXsu7w&amp;oh=00_Afny4_B7NFT-iMUpeHGsDpm68_H_zNlmSNFww3RLX5pmjA&amp;oe=69436B91\" alt=\"Puede ser una imagen de una o varias personas\" width=\"507\" height=\"369\" \/><\/p>\n<p><strong>CELSO ANTONIO\u00a0FREYRE<\/strong><\/p>\n<p><strong>Nacionalidad:<\/strong>\u00a0Argentina<br \/>\n<strong>Fecha de nacimiento:<\/strong>\u00a08\/8\/1959 (<strong>66<\/strong>\u00a0a\u00f1os)<br \/>\n<strong>Lugar de Nacimiento:<\/strong>\u00a0Resistencia (CHA)<\/p>\n<p><strong>Posici\u00f3n:<\/strong>\u00a0Defensor \u2013 Volante<\/p>\n<p>&nbsp;<\/p>\n<p>&nbsp;<\/p>\n<p><iframe loading=\"lazy\" title=\"Celso Freyre   01 11 2017 Bloque 1\" width=\"500\" height=\"281\" src=\"https:\/\/www.youtube.com\/embed\/Yk-8SoCEjfo?feature=oembed\" frameborder=\"0\" allow=\"accelerometer; autoplay; clipboard-write; encrypted-media; gyroscope; picture-in-picture; web-share\" referrerpolicy=\"strict-origin-when-cross-origin\" allowfullscreen><\/iframe><\/p>\n<p>&nbsp;<\/p>\n<p><iframe loading=\"lazy\" title=\"Celso Freyre    01 11 2017  Bloque 2\" width=\"500\" height=\"281\" src=\"https:\/\/www.youtube.com\/embed\/2Rm1BwAYgvU?feature=oembed\" frameborder=\"0\" allow=\"accelerometer; autoplay; clipboard-write; encrypted-media; gyroscope; picture-in-picture; web-share\" referrerpolicy=\"strict-origin-when-cross-origin\" allowfullscreen><\/iframe><\/p>\n<p>&nbsp;<\/p>\n<p><iframe loading=\"lazy\" title=\"Celso Freyre    01 11 2017  Bloque 3\" width=\"500\" height=\"281\" src=\"https:\/\/www.youtube.com\/embed\/GOlwTHbAICI?feature=oembed\" frameborder=\"0\" allow=\"accelerometer; autoplay; clipboard-write; encrypted-media; gyroscope; picture-in-picture; web-share\" referrerpolicy=\"strict-origin-when-cross-origin\" allowfullscreen><\/iframe><\/p>\n<h5><img loading=\"lazy\" decoding=\"async\" class=\"alignnone  wp-image-29908\" src=\"https:\/\/www.sportchaco.com.ar\/wp-content\/uploads\/2025\/12\/Luis-carita-287x300-1.jpg\" alt=\"\" width=\"88\" height=\"92\" \/> por LUIS DARIO MOLODEZKY<\/h5>\n","protected":false},"excerpt":{"rendered":"<p>por LUIS DARIO MOLODEZKY A 36 A\u00f1os del Ascenso: Celso Freyre, el Capit\u00e1n que Encarn\u00f3 el Esp\u00edritu de For Ever. Por momentos, el tiempo parece un soplo. Han pasado 36 a\u00f1os de aquel 1989 que marc\u00f3 para siempre la historia de Chaco For Ever, y sin embargo hay nombres que regresan con la misma fuerza &hellip;<\/p>\n","protected":false},"author":2,"featured_media":30048,"comment_status":"open","ping_status":"open","sticky":false,"template":"","format":"standard","meta":{"footnotes":""},"categories":[72,78],"tags":[],"class_list":["post-30047","post","type-post","status-publish","format-standard","has-post-thumbnail","hentry","category-futbol-puro","category-historias"],"_links":{"self":[{"href":"https:\/\/www.sportchaco.com.ar\/index.php?rest_route=\/wp\/v2\/posts\/30047","targetHints":{"allow":["GET"]}}],"collection":[{"href":"https:\/\/www.sportchaco.com.ar\/index.php?rest_route=\/wp\/v2\/posts"}],"about":[{"href":"https:\/\/www.sportchaco.com.ar\/index.php?rest_route=\/wp\/v2\/types\/post"}],"author":[{"embeddable":true,"href":"https:\/\/www.sportchaco.com.ar\/index.php?rest_route=\/wp\/v2\/users\/2"}],"replies":[{"embeddable":true,"href":"https:\/\/www.sportchaco.com.ar\/index.php?rest_route=%2Fwp%2Fv2%2Fcomments&post=30047"}],"version-history":[{"count":3,"href":"https:\/\/www.sportchaco.com.ar\/index.php?rest_route=\/wp\/v2\/posts\/30047\/revisions"}],"predecessor-version":[{"id":30052,"href":"https:\/\/www.sportchaco.com.ar\/index.php?rest_route=\/wp\/v2\/posts\/30047\/revisions\/30052"}],"wp:featuredmedia":[{"embeddable":true,"href":"https:\/\/www.sportchaco.com.ar\/index.php?rest_route=\/wp\/v2\/media\/30048"}],"wp:attachment":[{"href":"https:\/\/www.sportchaco.com.ar\/index.php?rest_route=%2Fwp%2Fv2%2Fmedia&parent=30047"}],"wp:term":[{"taxonomy":"category","embeddable":true,"href":"https:\/\/www.sportchaco.com.ar\/index.php?rest_route=%2Fwp%2Fv2%2Fcategories&post=30047"},{"taxonomy":"post_tag","embeddable":true,"href":"https:\/\/www.sportchaco.com.ar\/index.php?rest_route=%2Fwp%2Fv2%2Ftags&post=30047"}],"curies":[{"name":"wp","href":"https:\/\/api.w.org\/{rel}","templated":true}]}}