{"id":30075,"date":"2025-12-14T12:49:49","date_gmt":"2025-12-14T15:49:49","guid":{"rendered":"https:\/\/www.sportchaco.com.ar\/?p=30075"},"modified":"2025-12-14T12:49:49","modified_gmt":"2025-12-14T15:49:49","slug":"azucena-zorzon-35-anos-despues-el-dia-en-que-el-chaco-reconocio-a-su-campeona-de-tkd","status":"publish","type":"post","link":"https:\/\/www.sportchaco.com.ar\/?p=30075","title":{"rendered":"Azucena Zorz\u00f3n, 35 a\u00f1os despu\u00e9s: el d\u00eda en que el Chaco reconoci\u00f3 a su campeona de TKD"},"content":{"rendered":"<p>&nbsp;<\/p>\n<p><strong><img loading=\"lazy\" decoding=\"async\" class=\"alignnone  wp-image-29908\" src=\"https:\/\/www.sportchaco.com.ar\/wp-content\/uploads\/2025\/12\/Luis-carita-287x300-1.jpg\" alt=\"\" width=\"98\" height=\"102\" \/>\u00a0POR LUIS DARIO MOLODEZKY<\/strong><\/p>\n<h5>Hay premios que no s\u00f3lo distinguen a una deportista. Hay consagraciones que marcan una \u00e9poca, que anticipan el futuro y que, con el paso del tiempo, adquieren un valor simb\u00f3lico todav\u00eda mayor.<br \/>\nHace <strong>35 a\u00f1os<\/strong>, el <strong>C\u00edrculo de Periodistas Deportivos del Chaco<\/strong> consagraba a <strong>Azucena Zorz\u00f3n<\/strong> como <strong>Deportista del A\u00f1o<\/strong>, convirti\u00e9ndola en la <strong>cuarta ganadora<\/strong> de un galard\u00f3n que, tres d\u00e9cadas y media despu\u00e9s, contin\u00faa siendo el m\u00e1ximo reconocimiento al deporte chaque\u00f1o. Aquella distinci\u00f3n no fue un gesto aislado ni una moda pasajera. Fue el reconocimiento a una <strong>trayectoria excepcional<\/strong>, a una mujer que rompi\u00f3 barreras en un tiempo donde el taekwondo \u2014y el deporte de combate en general\u2014 todav\u00eda parec\u00eda territorio exclusivo de los hombres.<\/h5>\n<p><img decoding=\"async\" class=\"aligncenter\" src=\"https:\/\/scontent.fcnq2-2.fna.fbcdn.net\/v\/t39.30808-6\/600275693_122118363141022572_3179540386318120344_n.jpg?_nc_cat=104&amp;ccb=1-7&amp;_nc_sid=127cfc&amp;_nc_ohc=aZghFhFut-MQ7kNvwHJ-SAU&amp;_nc_oc=Adkd7qdzFI5cH5i4QxiUrqJz-pSUtFIvhwjUWx4iNUT4bbWoFFmmzbUpsozRg2hQYvc&amp;_nc_zt=23&amp;_nc_ht=scontent.fcnq2-2.fna&amp;_nc_gid=G91pjssDAlb1zokh_lfwTg&amp;oh=00_AfmWXn9kNB5yTHmJcvSdxIgrs6UVdBoFaChKBL6h8cS4Og&amp;oe=69449D52\" alt=\"Puede ser una imagen de artes marciales y texto\" \/><\/p>\n<h2><strong>Azucena Zorz\u00f3n: cuando el mundo mir\u00f3 al Chaco<\/strong><\/h2>\n<p>Hay fechas que quedan grabadas en la memoria deportiva de una provincia. <strong>1981<\/strong> es una de ellas. En el estadio del <strong>Club Regatas Resistencia<\/strong>, el Chaco fue escenario de un hecho in\u00e9dito: la realizaci\u00f3n de un <strong>Campeonato Mundial de Taekwon Do<\/strong>, organizado por la Asociaci\u00f3n Chaque\u00f1a que conduc\u00eda el recordado <strong>Javier Dacak<\/strong>.<\/p>\n<p>All\u00ed, ante su gente y representando a la Argentina, una joven atleta chaque\u00f1a escribi\u00f3 una p\u00e1gina imborrable. <strong>Azucena Zorz\u00f3n<\/strong>, alumna del propio Dacak, se consagr\u00f3 <strong>campeona mundial<\/strong> tras imponerse a <strong>tres competidoras de los Estados Unidos<\/strong>, en tiempos donde la participaci\u00f3n femenina en las artes marciales era todav\u00eda una excepci\u00f3n y no una regla.<\/p>\n<p>No fue s\u00f3lo un t\u00edtulo. Fue un quiebre. Fue la confirmaci\u00f3n de que desde el interior del pa\u00eds, desde el Chaco, tambi\u00e9n se pod\u00eda llegar a la cima del deporte mundial.<\/p>\n<p>&nbsp;<\/p>\n<p><strong>El reconocimiento que lleg\u00f3 con el tiempo<\/strong><\/p>\n<p>Nueve a\u00f1os m\u00e1s tarde, en <strong>1990<\/strong>, ese camino de esfuerzo, perseverancia y logros tuvo su merecido reconocimiento. Durante la <strong>novena edici\u00f3n de la Fiesta del Deporte<\/strong>, realizada en el <strong>Centro Deportivo Don Bosco<\/strong>, el <strong>C\u00edrculo de Periodistas Deportivos del Chaco<\/strong> consagr\u00f3 a <strong>Azucena Zorz\u00f3n como Deportista del A\u00f1o<\/strong>.<\/p>\n<p>La distinci\u00f3n no fue casual. Azucena consigui\u00f3 su segundo t\u00edtulo mundial de Canad\u00e1. Fue el premio a una trayectoria que hab\u00eda trascendido fronteras y que hab\u00eda abierto puertas para muchas mujeres que vendr\u00edan despu\u00e9s.<\/p>\n<p>Aquella noche, Azucena fue distinguida en <strong>Artes Marciales<\/strong>, compartiendo el cuadro de honor con destacados deportistas de la provincia:<br \/>\nCarlos Varas (atletismo), H\u00e9ctor Garc\u00eda (automovilismo), Alejandro Acosta (b\u00e1squetbol), Rub\u00e9n Ma\u00f1as (bochas), Ernesto Sena (boxeo), Juan Domingo Per\u00f3n (canotaje), Hugo Cosich (ciclismo), Juan Kusmak (dirigente), Jos\u00e9 Fern\u00e1ndez (f\u00fatbol), Alfredo Bradford (golf), Christian Talavera (handball), Claudio Pedroza (hockey), el homenaje a Dante Dell\u2019Orto, Ricardo Nolte (karting), Oscar Romero (marat\u00f3n), Chirette Fern\u00e1ndez (motociclismo), Guillermo Sobrado (nataci\u00f3n), Norberto Felicia (pelota), Walter Far\u00edas (pesas), Teresa Bustamante (pesca), H\u00e9ctor y L. Zapata (regularidad), Javier P\u00e9rtile (rugby), Cecilia D\u00e1vila (tenis), Alfredo Eiman (tiro) y Mariana Sampaolesi (v\u00f3leibol).<\/p>\n<p><strong>Un legado que perdura<\/strong><\/p>\n<p>Con el paso de los a\u00f1os, aquella consagraci\u00f3n adquiere un valor a\u00fan mayor. Porque no s\u00f3lo premi\u00f3 a una campeona mundial, sino a una <strong>pionera<\/strong>, a una mujer que se anim\u00f3 cuando no era sencillo animarse, que compiti\u00f3 cuando eran pocas y que gan\u00f3 cuando parec\u00eda imposible.<\/p>\n<p>Hoy, cuando el taekwondo femenino argentino es potencia y la presencia de mujeres en los mundiales es una constante, la historia de <strong>Azucena Zorz\u00f3n<\/strong> vuelve a iluminar el camino. Como recuerdo, como ejemplo y como orgullo del deporte chaque\u00f1o.<\/p>\n<p>Porque hay triunfos que no envejecen. Y hay nombres que, con el tiempo, se transforman en legado.<\/p>\n<p>&nbsp;<\/p>\n<p><img decoding=\"async\" src=\"https:\/\/scontent.fcnq2-1.fna.fbcdn.net\/v\/t39.30808-6\/600359092_122118363327022572_4427037967723872353_n.jpg?_nc_cat=107&amp;ccb=1-7&amp;_nc_sid=127cfc&amp;_nc_ohc=fdbLjGbwmsAQ7kNvwGeEPd5&amp;_nc_oc=Adm75gYE-CCCWOy04W5q_mGDE-xA6O5NYmgDhQT8ajY1RTAeB2N7I7jbkgaLhRlmCac&amp;_nc_zt=23&amp;_nc_ht=scontent.fcnq2-1.fna&amp;_nc_gid=rPlgiAseD9cyrlCwqhX3Xg&amp;oh=00_Afk3hntDD_MVmCqTrreiVG_MdHNGhFv5EoBW_QJlSn9JVQ&amp;oe=6944B524\" alt=\"Puede ser una imagen de texto\" \/><\/p>\n<p>&nbsp;<\/p>\n<p><strong>Una historia que comenz\u00f3 casi sin saberlo<\/strong><\/p>\n<p>Azucena recuerda que todo empez\u00f3 a mediados de los a\u00f1os 70, entre <strong>1975 y 1976<\/strong>, casi de manera casual. Una charla, una entrada vendida por un profesor de dactilograf\u00eda, una exhibici\u00f3n de \u201ckarate coreano\u201d a cargo de un equipo paraguayo. Nadie hablaba a\u00fan de taekwondo como se lo conoce hoy.<\/p>\n<p>Aquella exhibici\u00f3n fue el punto de partida. All\u00ed conoci\u00f3 la escuela del <strong>gran m\u00e1ster Javier Dac\u00e1<\/strong>, quien ya ense\u00f1aba en Resistencia. Poco despu\u00e9s, Azucena se inscribi\u00f3, aun sabiendo que no todos ve\u00edan con buenos ojos que una mujer practicara ese arte marcial. Persisti\u00f3. Entren\u00f3. Se qued\u00f3.<\/p>\n<p>Y ya no par\u00f3 m\u00e1s.<\/p>\n<p><strong>De pionera a campeona mundial<\/strong><\/p>\n<p>Fue una de las <strong>primeras mujeres de la regi\u00f3n<\/strong> en rendir para <strong>Cintur\u00f3n Negro<\/strong>, y en <strong>1981<\/strong>, cuando el taekwondo femenino reci\u00e9n daba sus primeros pasos a nivel competitivo, lleg\u00f3 el desaf\u00edo mayor: el <strong>Tercer Campeonato Mundial<\/strong>, organizado en Resistencia, Chaco.<\/p>\n<p>Eran pocas las mujeres que compet\u00edan en ese momento. Apenas dos representantes argentinas. Y all\u00ed, en su tierra, <strong>Azucena Zorz\u00f3n se convirti\u00f3 en campeona mundial<\/strong>, logrando una haza\u00f1a hist\u00f3rica: fue <strong>la primera mujer campeona del mundo en un torneo donde por primera vez participaban mujeres<\/strong>.<\/p>\n<p>En ese instante no hubo conciencia plena de lo que significaba. Hab\u00eda alegr\u00eda, emoci\u00f3n, orgullo. Estudiaba, trabajaba, entrenaba, compet\u00eda. Viv\u00eda el deporte con la intensidad de quien construye sin saber que est\u00e1 haciendo historia.<\/p>\n<p><iframe loading=\"lazy\" title=\"Azucena Zorzon: Primera mujer Campeona Mundial de Taekwon-do ITF\" width=\"500\" height=\"281\" src=\"https:\/\/www.youtube.com\/embed\/VAte9jR1Ehw?feature=oembed\" frameborder=\"0\" allow=\"accelerometer; autoplay; clipboard-write; encrypted-media; gyroscope; picture-in-picture; web-share\" referrerpolicy=\"strict-origin-when-cross-origin\" allowfullscreen><\/iframe><\/p>\n<p><strong>Un camino de lucha, viajes y madurez<\/strong><\/p>\n<p>Vinieron a\u00f1os de formaci\u00f3n, de ense\u00f1anza, de abrir caminos. La experiencia del Mundial en el Reino Unido, duro y exigente, dej\u00f3 marcas y aprendizajes. Y luego, ya radicada en el sur del pa\u00eds, lleg\u00f3 <strong>Canad\u00e1 1990<\/strong>.<\/p>\n<p>Ese segundo t\u00edtulo mundial fue distinto. M\u00e1s maduro. M\u00e1s consciente. Y tambi\u00e9n colectivo: el taekwondo femenino argentino ya hab\u00eda cambiado. Las categor\u00edas crec\u00edan, los equipos se formaban, la mujer empezaba a ocupar el lugar que merec\u00eda.<\/p>\n<p>Ese Mundial marc\u00f3 un <strong>antes y un despu\u00e9s<\/strong>. Desde entonces, la presencia femenina nunca volvi\u00f3 a faltar en los campeonatos del mundo. Juveniles y mayores, formas y lucha, equipos e individuales. El camino estaba abierto.<\/p>\n<p><img decoding=\"async\" class=\"aligncenter\" src=\"https:\/\/scontent.fcnq2-1.fna.fbcdn.net\/v\/t39.30808-6\/594968606_122118363243022572_840081474163331240_n.jpg?_nc_cat=107&amp;ccb=1-7&amp;_nc_sid=127cfc&amp;_nc_ohc=Vn1vwcWmFngQ7kNvwEaidjk&amp;_nc_oc=Adl-T0h7sCA2gFEGudlxMDNjPoepa_q7sRMjuHoh2WD73IUNuVn49zv6mNvEf4v59jo&amp;_nc_zt=23&amp;_nc_ht=scontent.fcnq2-1.fna&amp;_nc_gid=h_RrF6jAj_OkXBMNcCusqg&amp;oh=00_Afm_twpLN40l2Oo-241UfS3zHK_po_soTJTNH6bIwDH5cA&amp;oe=6944BF2C\" alt=\"Puede ser una imagen de una o varias personas y personas sonriendo\" \/><\/p>\n<p><strong>El premio que tambi\u00e9n fue una se\u00f1al<\/strong><\/p>\n<p>Cuando en <strong>1989<\/strong> el C\u00edrculo de Periodistas Deportivos del Chaco la consagr\u00f3 <strong>Deportista del A\u00f1o<\/strong>, no s\u00f3lo se premi\u00f3 a una doble campeona mundial. Se reconoci\u00f3 a una <strong>pionera<\/strong>, a una referente, a una mujer que hab\u00eda llevado el nombre del Chaco al escenario internacional y que hab\u00eda contribuido a transformar el deporte desde adentro.<\/p>\n<p>Fue un premio justo, necesario y visionario.<\/p>\n<p>Hoy, <strong>35 a\u00f1os despu\u00e9s<\/strong>, aquel reconocimiento cobra un valor especial. Porque el taekwondo femenino creci\u00f3, se multiplic\u00f3 y se consolid\u00f3. Porque nuevas generaciones compiten sin saber que muchas de esas puertas se abrieron gracias a mujeres como Azucena Zorz\u00f3n.<\/p>\n<p><strong>Un legado que sigue vigente<\/strong><\/p>\n<p>Azucena suele decir que el mayor desaf\u00edo no est\u00e1 s\u00f3lo en la t\u00e9cnica o en el f\u00edsico, sino en <strong>animarse<\/strong>, en atravesar los miedos, en no aflojar cuando las emociones pesan. Su mensaje sigue siendo el mismo: entrenar, fortalecerse y creer.<\/p>\n<p>A 35 a\u00f1os de aquella consagraci\u00f3n, su historia no pertenece s\u00f3lo al pasado. Es memoria viva del deporte chaque\u00f1o. Es identidad. Es ejemplo.<\/p>\n<p><strong>Y es, sobre todo, una de esas historias que merecen ser contadas una y otra vez.<\/strong><\/p>\n<p>NOTA DE 1981 EN DIARIO NORTE<\/p>\n<p>&nbsp;<\/p>\n<p><strong>\u2014\u00bfCu\u00e1ndo comenzaste a practicar este deporte?<\/strong><br \/>\n\u2014Exactamente el 5 de agosto de 1977. Es decir que llevo cuatro a\u00f1os de pr\u00e1ctica activa.<\/p>\n<p><strong>\u2014\u00bfCu\u00e1les fueron los torneos m\u00e1s importantes en que participaste?<\/strong><br \/>\n\u2014En 1978 particip\u00e9 en el Torneo Argentino categor\u00eda femenina \u2014\u00fanico certamen de este tipo que se realiz\u00f3 hasta el momento\u2014. Me clasifiqu\u00e9 cuarta, en esa oportunidad no me fueron bien las cosas. En ese momento ten\u00eda cintur\u00f3n verde.<\/p>\n<p><strong>\u2014\u00bfCu\u00e1ndo llegaste a cintur\u00f3n negro?<\/strong><br \/>\n\u2014El cintur\u00f3n negro lo alcanc\u00e9 hace muy poco, apenas dos meses.<\/p>\n<p><strong>\u2014\u00bfQu\u00e9 te llev\u00f3 a practicar esta disciplina deportiva?<\/strong><br \/>\n\u2014Mir\u00e1, siempre me gust\u00f3 desde muy peque\u00f1a la gimnasia y todo tipo de artes marciales. No sab\u00eda por cu\u00e1l me iba a decidir hasta que fui a ver una clase, cuando se practicaba en Hindu. Luego fui a varias clases m\u00e1s, pero lo que m\u00e1s me gust\u00f3 fue la disciplina, el respeto que se ten\u00eda a los cinturones superiores. El maestro me llev\u00f3 a que me decidiera por el Tae Kwon Do. Te aclaro que no sab\u00eda lo que significaba Tae Kwon Do, lo conoc\u00ed por un alumno de Javier, que era profesor m\u00edo de dactilograf\u00eda. As\u00ed fui conociendo, primero c\u00f3mo se manifestaba, fui a varias clases primero, hasta que me inscrib\u00ed y comenc\u00e9, sin pensar que llegar\u00eda a cintur\u00f3n negro, y nada de eso.<\/p>\n<p><strong>\u2014\u00bfCu\u00e1l fue tu primer profesor?<\/strong><br \/>\n\u2014Mi profesor fue Javier Dacak desde el comienzo.<\/p>\n<p><strong>\u2014\u00bfQu\u00e9 es para vos este deporte?<\/strong><br \/>\n\u2014Es una pregunta que todos la hacen. Para m\u00ed significa muchas cosas, en este momento significa mucho, much\u00edsimo. Es una forma de vida, muchas cosas: disciplina, medio de vida, una orientaci\u00f3n.<\/p>\n<p><strong>\u2014\u00bfCu\u00e1nto tiempo trabaj\u00e1s diariamente?<\/strong><br \/>\n\u2014Casi siempre trabajamos dos horas, ahora cuando hay alg\u00fan torneo lo hacemos un poco m\u00e1s, alcanzamos hasta cuatro horas de pr\u00e1ctica diaria. All\u00ed realizamos trabajo f\u00edsico y luego de t\u00e9cnica, lucha, o de hyones, o de lo que fuera. Si tenemos alg\u00fan torneo se trabaja primeramente en lo f\u00edsico y luego de estar en \u00f3ptimas condiciones se hace lo t\u00e9cnico.<\/p>\n<p><strong>\u2014De las especialidades de lucha, hyones y rotura, \u00bfcu\u00e1l te gusta m\u00e1s y por qu\u00e9?<\/strong><br \/>\n\u2014Hay dos, pero la que m\u00e1s me gusta es lucha; si tuviera que elegir otra ser\u00eda rotura. Mientras que hyon es lo m\u00e1s importante dentro del Tae Kwon Do, lo dejo por la lucha. El hyon es lo m\u00e1s dif\u00edcil realmente, es lo m\u00e1s bello que tiene esta disciplina, es la parte donde se empieza a perfeccionar toda la t\u00e9cnica. All\u00ed entra la belleza, equilibrio, todo se conjuga all\u00ed. Es lo m\u00e1s dif\u00edcil, como te manifest\u00e9 anteriormente, lo que m\u00e1s tiempo lleva. Tambi\u00e9n pienso que una persona que obtiene el t\u00edtulo de campeona mundial en lucha es mucho m\u00e1s importante que el de rotura o de lucha, porque es lo que m\u00e1s cuesta.<\/p>\n<p><strong>\u2014\u00bfPor qu\u00e9 te gusta m\u00e1s la lucha?<\/strong><br \/>\n\u2014Bueno, desde un principio me gust\u00f3 m\u00e1s. Algunos resultados dif\u00edciles, otro de por s\u00ed le gusta perfeccionarse en hyones. Pero a m\u00ed en especial me gusta la lucha.<\/p>\n<p><strong>\u2014\u00bfQu\u00e9 les dir\u00edas a los j\u00f3venes que no practican este deporte?<\/strong><br \/>\n\u2014En primer lugar que el Tae Kwon Do no es tan r\u00fastico como creen muchos, que no es solo para hombres. Este deporte est\u00e1 bien para damas, porque para aquellas que no les guste luchar, est\u00e1 la parte t\u00e9cnica, la parte filos\u00f3fica que les va a gustar mucho. Est\u00e1n adem\u00e1s los hyones, la belleza como expres\u00e9 anteriormente. Asimismo van a tener conocimientos de defensa personal, que es muy importante para la mujer. Por eso los invito a practicar Tae Kwon Do.<\/p>\n<p><strong>\u2014Contanos c\u00f3mo se llega al cintur\u00f3n negro<\/strong><br \/>\n\u2014Comenzamos con el cintur\u00f3n blanco, el equipo que se llama tobbi-cintur\u00f3n blanco. El primer examen es a los dos meses de pr\u00e1ctica, es para punta amarilla. De ah\u00ed ten\u00e9s dos meses m\u00e1s, ahora depende mucho del practicante, hablamos de una persona que cumple con todas las clases normalmente. Entonces esa persona a los nueve meses puede llegar a cintur\u00f3n verde, que sigue despu\u00e9s del punta amarilla, cintur\u00f3n amarillo, punta verde y cintur\u00f3n verde. All\u00ed se queda un poquito m\u00e1s, porque el verde es la mitad de la carrera. Es decir que cuando se llega a verde hay m\u00e1s responsabilidad y tiene que perfeccionar todo lo aprendido. En el verde queda de cuatro a seis meses, luego realiza otro examen y se grad\u00faa en punta azul. All\u00ed se queda de dos a tres meses, luego rendir\u00e1 para cintur\u00f3n azul. All\u00ed se vuelve a quedar un tiempo m\u00e1s largo, porque ese es uno de los m\u00e1s altos, as\u00ed que all\u00ed estar\u00e1 de seis a ocho meses de pr\u00e1ctica. Despu\u00e9s se llega a punta roja para luego seguir con el cintur\u00f3n rojo. En el rojo se queda un a\u00f1o m\u00e1s o menos, porque este es el \u00faltimo paso para llegar a cintur\u00f3n negro, que es el m\u00e1ximo anhelo de todos. En rojo se queda un a\u00f1o m\u00e1s o menos, luego viene el examen para punta negra, all\u00ed se queda otro seis meses para graduarse a negro. La meta so\u00f1ada por todos cuando uno comienza. A partir de all\u00ed vienen los danes, el cintur\u00f3n negro primero, segundo dan, tercero y as\u00ed sucesivamente. En cada dan se hace dos a\u00f1os de pr\u00e1ctica.<\/p>\n<p><strong>\u2014Vayamos ahora al \u00faltimo torneo mundial realizado en Resistencia, al margen del logro del t\u00edtulo \u00bfqu\u00e9 signific\u00f3 para vos ese torneo?<\/strong><br \/>\n\u2014Fue una emoci\u00f3n muy grande. Yo sinceramente no hab\u00eda pensado en alcanzar ese t\u00edtulo. Fue algo realmente inesperado, no porque me ten\u00eda poca confianza, sino porque no estaba asegurada que se realizara el Mundial de damas. Yo me preparaba porque Javier Dacak me dijo que me preparara, que exist\u00eda la posibilidad de realizar el Mundial de damas. Pero no hab\u00eda una seguridad cierta, ya que faltaban muchas cosas y no se sab\u00eda si se realizaba o no. Por eso tambi\u00e9n quiz\u00e1s me ayud\u00f3 un poco a no ponerme nerviosa, porque realmente estuve nerviosa durante el torneo.<\/p>\n<p><strong>\u2014\u00bfQu\u00e9 sentiste al lograr el m\u00e1ximo galard\u00f3n?<\/strong><br \/>\n\u2014Fue una emoci\u00f3n muy grande.<\/p>\n<p><strong>\u2014\u00bfPensaste en alg\u00fan momento salir campeona mundial?<\/strong><br \/>\n\u2014Primeramente no, o sea, no me atrev\u00eda a imaginar que podr\u00eda lograrlo. Ahora cuando faltaban dos d\u00edas para comenzar el torneo y conoc\u00ed a mis rivales, las conoc\u00ed, vi que ten\u00eda esperanzas porque las observ\u00e9 f\u00edsicamente y pens\u00e9 que pod\u00eda estar a la altura de ellas. T\u00e9cnicamente me superaban, eran chicas muy buenas en ese aspecto, pero en lucha f\u00edsica no. All\u00ed fue donde me sent\u00ed segura, porque ellas no me pod\u00edan ganar. Cuando gan\u00e9 el primer combate me sent\u00ed mucho m\u00e1s segura.<\/p>\n<p><strong>\u2014\u00bfQu\u00e9 nos pod\u00e9s decir del nivel t\u00e9cnico?<\/strong><br \/>\n\u2014Si bien ese fue el primer mundial en que particip\u00e9, y el primero que vio Tae Kwon Do, creo que fue bueno. Nuestro profesor Javier Dacak, que ya tuvo oportunidad de estar en cert\u00e1menes de esta categor\u00eda, nos dijo que fue muy bueno. Adem\u00e1s yo, con la poca experiencia, considero que hubo muy buenas t\u00e9cnicas, porque no hubo agresividad, no hubo exceso de violencia. Esas cosas ya en cada mundial se teme, de que haya accidentes. Nosotros hemos tenido la gran suerte de que no ocurri\u00f3 nada de eso. Los participantes demostraron estar bien entrenados.<\/p>\n<p><strong>\u2014\u00bfCre\u00e9s que el p\u00fablico respondi\u00f3?<\/strong><br \/>\n\u2014S\u00ed, aunque en un principio esper\u00e1bamos m\u00e1s. Yo particularmente esperaba m\u00e1s porque el Mundial es un evento muy importante. Ahora en cuanto a conducta me gust\u00f3 mucho, se port\u00f3 muy bien.<\/p>\n<p><strong>\u2014\u00bfCu\u00e1l ser\u00eda tu pr\u00f3xima actividad? \u00bfqu\u00e9 torneos ten\u00e9s en vista?<\/strong><br \/>\n\u2014Por el momento ninguno. S\u00e9 que hay un torneo nacional, pero no se hace en categor\u00eda damas, porque no lo prepar\u00e9. No se realiza, son muy pocos, aunque s\u00ed se hace no voy a poder participar porque tengo una lesi\u00f3n en la rodilla de la cual no estoy recuperada. As\u00ed que por ahora continuar practicando, tratar\u00e9 de continuar aprendiendo.<\/p>\n<p><strong>\u2014\u00bfEl pr\u00f3ximo Mundial?<\/strong><br \/>\n\u2014Tengo entendido que se realiza dentro de tres a\u00f1os, en Inglaterra. Pero falta mucho, la verdad que me gustar\u00eda mucho estar en el mismo. Pero puede suceder muchas cosas, eso no depende de m\u00ed, un poco s\u00ed, pero la designaci\u00f3n no.<\/p>\n<p><strong>\u2014\u00bfCu\u00e1ntos chicos practican Tae Kwon Do ac\u00e1 en Resistencia?<\/strong><br \/>\n\u2014Ac\u00e1 en Resistencia son pocos, no creo que superen a ocho.<\/p>\n<p><strong>\u2014De tu trayectoria, \u00bfqu\u00e9 es lo que m\u00e1s record\u00e1s?<\/strong><br \/>\n\u2014Mi trayectoria es realmente corta, no tengo muchas an\u00e9cdotas para contar. Lo que s\u00ed aconteci\u00f3, no se me olvidar\u00e1 nunca, fue el \u00faltimo torneo.<\/p>\n<p><em>\u201cFue una emoci\u00f3n muy grande haber logrado el t\u00edtulo m\u00e1ximo. Yo sinceramente no hab\u00eda pensado en alcanzar ese t\u00edtulo\u201d<\/em>, expres\u00f3 <strong>Azucena Zorzon<\/strong>, campeona mundial de lucha.<\/p>\n<p><strong>\u00a0<\/strong><\/p>\n<p><strong>\u00a0<\/strong><\/p>\n<p><strong><img loading=\"lazy\" decoding=\"async\" class=\"alignnone  wp-image-29908\" src=\"https:\/\/www.sportchaco.com.ar\/wp-content\/uploads\/2025\/12\/Luis-carita-287x300-1.jpg\" alt=\"\" width=\"98\" height=\"102\" \/>\u00a0POR LUIS DARIO MOLODEZKY<\/strong><\/p>\n<p><strong>\u00a0<\/strong><\/p>\n<p><strong>\u00a0<\/strong><\/p>\n<p><strong>\u00a0<\/strong><\/p>\n<p><strong>\u00a0<\/strong><\/p>\n","protected":false},"excerpt":{"rendered":"<p>&nbsp; \u00a0POR LUIS DARIO MOLODEZKY Hay premios que no s\u00f3lo distinguen a una deportista. Hay consagraciones que marcan una \u00e9poca, que anticipan el futuro y que, con el paso del tiempo, adquieren un valor simb\u00f3lico todav\u00eda mayor. Hace 35 a\u00f1os, el C\u00edrculo de Periodistas Deportivos del Chaco consagraba a Azucena Zorz\u00f3n como Deportista del A\u00f1o, &hellip;<\/p>\n","protected":false},"author":2,"featured_media":30076,"comment_status":"open","ping_status":"open","sticky":false,"template":"","format":"standard","meta":{"footnotes":""},"categories":[62,78],"tags":[],"class_list":["post-30075","post","type-post","status-publish","format-standard","has-post-thumbnail","hentry","category-artes-marciales","category-historias"],"_links":{"self":[{"href":"https:\/\/www.sportchaco.com.ar\/index.php?rest_route=\/wp\/v2\/posts\/30075","targetHints":{"allow":["GET"]}}],"collection":[{"href":"https:\/\/www.sportchaco.com.ar\/index.php?rest_route=\/wp\/v2\/posts"}],"about":[{"href":"https:\/\/www.sportchaco.com.ar\/index.php?rest_route=\/wp\/v2\/types\/post"}],"author":[{"embeddable":true,"href":"https:\/\/www.sportchaco.com.ar\/index.php?rest_route=\/wp\/v2\/users\/2"}],"replies":[{"embeddable":true,"href":"https:\/\/www.sportchaco.com.ar\/index.php?rest_route=%2Fwp%2Fv2%2Fcomments&post=30075"}],"version-history":[{"count":1,"href":"https:\/\/www.sportchaco.com.ar\/index.php?rest_route=\/wp\/v2\/posts\/30075\/revisions"}],"predecessor-version":[{"id":30077,"href":"https:\/\/www.sportchaco.com.ar\/index.php?rest_route=\/wp\/v2\/posts\/30075\/revisions\/30077"}],"wp:featuredmedia":[{"embeddable":true,"href":"https:\/\/www.sportchaco.com.ar\/index.php?rest_route=\/wp\/v2\/media\/30076"}],"wp:attachment":[{"href":"https:\/\/www.sportchaco.com.ar\/index.php?rest_route=%2Fwp%2Fv2%2Fmedia&parent=30075"}],"wp:term":[{"taxonomy":"category","embeddable":true,"href":"https:\/\/www.sportchaco.com.ar\/index.php?rest_route=%2Fwp%2Fv2%2Fcategories&post=30075"},{"taxonomy":"post_tag","embeddable":true,"href":"https:\/\/www.sportchaco.com.ar\/index.php?rest_route=%2Fwp%2Fv2%2Ftags&post=30075"}],"curies":[{"name":"wp","href":"https:\/\/api.w.org\/{rel}","templated":true}]}}