{"id":30078,"date":"2025-12-14T14:30:05","date_gmt":"2025-12-14T17:30:05","guid":{"rendered":"https:\/\/www.sportchaco.com.ar\/?p=30078"},"modified":"2025-12-14T14:31:28","modified_gmt":"2025-12-14T17:31:28","slug":"lucas-carabajal-campeon-del-tc-mouras","status":"publish","type":"post","link":"https:\/\/www.sportchaco.com.ar\/?p=30078","title":{"rendered":"Lucas Carabajal campe\u00f3n del TC Mouras"},"content":{"rendered":"<p><strong>14-12-2025<\/strong><\/p>\n<p><img loading=\"lazy\" decoding=\"async\" class=\"aligncenter size-large wp-image-18449\" src=\"https:\/\/www.sportchaco.com.ar\/wp-content\/uploads\/2025\/04\/320x50-1-2-1024x160.gif\" sizes=\"auto, (max-width: 1024px) 100vw, 1024px\" srcset=\"https:\/\/www.sportchaco.com.ar\/wp-content\/uploads\/2025\/04\/320x50-1-2-1024x160.gif 1024w, https:\/\/www.sportchaco.com.ar\/wp-content\/uploads\/2025\/04\/320x50-1-2-300x47.gif 300w, https:\/\/www.sportchaco.com.ar\/wp-content\/uploads\/2025\/04\/320x50-1-2-768x120.gif 768w\" alt=\"\" width=\"1024\" height=\"160\" \/><\/p>\n<div class=\"center medium m_image\">\n<p>Lucas Carabajal cumpli\u00f3 con la tarea, gan\u00f3 en la \u00faltima fecha y no le dio oportunidad a Eugenio Provens. El chaque\u00f1o, que ya hab\u00eda competido en el TC Mouras pero en 2019, lleg\u00f3 a su quinta victoria en la categor\u00eda y se consagr\u00f3 campe\u00f3n por 5.25 puntos.<\/p>\n<p>Carabajal, por la ma\u00f1ana, ya le hab\u00eda ganado la serie a Provens y all\u00ed tom\u00f3 ventaja. De todas maneras, el chaque\u00f1o ten\u00eda que ratificar todo lo hecho a lo largo del a\u00f1o, si es que quer\u00eda quedarse con el t\u00edtulo. Y as\u00ed lo hizo: se posicion\u00f3 de gran manera en la largada y luego fue determinante para llevarse el triunfo y el t\u00edtulo.<\/p>\n<p>1\u00b0 el piloto de Chaco, con el Ford del Moriatis Competici\u00f3n. Le sac\u00f3 2.801 mil\u00e9simas de diferencia a Provens, que ocup\u00f3 el segundo lugar. Quien se subi\u00f3 al \u00faltimo escal\u00f3n del podio fue Manuel Borgert, con el Ford del Fadel Werner Competici\u00f3n. 4\u00b0 Juan Pablo Guiffrey, 5\u00b0 Francisco Luengo y 6\u00b0 Lucas Bohdanowicz.<\/p>\n<p>Carabajal, post victoria y t\u00edtulo: \u201cEs incre\u00edble todo lo que pas\u00f3 este a\u00f1o. Todo lo que disfrut\u00e9 arriba del auto, lo sufr\u00ed abajo para poder correr, estoy muy contento por eso. Eugenio (Provens) y todo su equipo fueron un gran rival. En cuanto a lo deportivo, es muy importante este t\u00edtulo porque mi carrera empez\u00f3 de gran manera en ascenso, estaba a un pasito del TC, que es mi gran sue\u00f1o y se me derrumb\u00f3 el mundo; estuve abajo 1 a\u00f1o y medio. Hoy volver a estar en esta situaci\u00f3n me emociona much\u00edsimo por el esfuerzo de mis viejos sobre todo\u201d.<\/p>\n<p><img decoding=\"async\" src=\"https:\/\/www.sportchaco.com.ar\/wp-content\/uploads\/2025\/12\/podio-festejo-campeon-lucas-carabaja-14-12-25-780x470.jpg\" \/><\/p>\n<p><strong>AS\u00cd QUED\u00d3 LA COPA CORONACI\u00d3N DE PLATA<\/strong><br \/>\nPos.\u00a0\u00a0\u00a0\u00a0\u00a0\u00a0 N\u00famero\u00a0\u00a0\u00a0\u00a0\u00a0\u00a0\u00a0\u00a0\u00a0\u00a0\u00a0\u00a0\u00a0\u00a0 Piloto\u00a0\u00a0\u00a0\u00a0\u00a0\u00a0\u00a0\u00a0\u00a0\u00a0\u00a0\u00a0\u00a0\u00a0\u00a0\u00a0\u00a0\u00a0\u00a0\u00a0\u00a0\u00a0\u00a0\u00a0\u00a0\u00a0\u00a0\u00a0\u00a0\u00a0\u00a0\u00a0\u00a0 Ptos.<br \/>\n1\u00b0\u00a0\u00a0\u00a0\u00a0\u00a0\u00a0\u00a0\u00a0\u00a0\u00a0 81\u00a0\u00a0\u00a0\u00a0\u00a0\u00a0\u00a0\u00a0\u00a0 Carabajal, Lucas\u00a0\u00a0\u00a0\u00a0\u00a0\u00a0\u00a0\u00a0\u00a0\u00a0\u00a0\u00a0\u00a0\u00a0\u00a0\u00a0\u00a0\u00a0\u00a0\u00a0\u00a0\u00a0\u00a0\u00a0\u00a0\u00a0\u00a0\u00a0 218<br \/>\n2\u00b0\u00a0\u00a0\u00a0\u00a0\u00a0\u00a0\u00a0\u00a0\u00a0\u00a0 53\u00a0\u00a0\u00a0\u00a0\u00a0\u00a0\u00a0\u00a0\u00a0 Provens, Eugenio\u00a0\u00a0\u00a0\u00a0\u00a0\u00a0\u00a0\u00a0\u00a0\u00a0\u00a0\u00a0\u00a0\u00a0\u00a0\u00a0\u00a0\u00a0\u00a0\u00a0\u00a0\u00a0\u00a0\u00a0\u00a0\u00a0\u00a0 212.75<br \/>\n3\u00b0\u00a0\u00a0\u00a0\u00a0\u00a0\u00a0\u00a0\u00a0\u00a0\u00a0 105\u00a0\u00a0\u00a0\u00a0\u00a0\u00a0\u00a0 Borgert, Manuel\u00a0\u00a0\u00a0\u00a0\u00a0\u00a0\u00a0\u00a0\u00a0\u00a0\u00a0\u00a0\u00a0\u00a0\u00a0\u00a0\u00a0\u00a0\u00a0\u00a0\u00a0\u00a0\u00a0\u00a0\u00a0\u00a0\u00a0\u00a0 187.25<br \/>\n4\u00b0\u00a0\u00a0\u00a0\u00a0\u00a0\u00a0\u00a0\u00a0\u00a0\u00a0 61\u00a0\u00a0\u00a0\u00a0\u00a0\u00a0\u00a0\u00a0\u00a0 Bohdanowicz, Lucas\u00a0\u00a0\u00a0\u00a0\u00a0\u00a0\u00a0\u00a0\u00a0\u00a0\u00a0\u00a0\u00a0\u00a0\u00a0\u00a0\u00a0\u00a0\u00a0\u00a0\u00a0 167.75<br \/>\n5\u00b0\u00a0\u00a0\u00a0\u00a0\u00a0\u00a0\u00a0\u00a0\u00a0\u00a0 44\u00a0\u00a0\u00a0\u00a0\u00a0\u00a0\u00a0\u00a0\u00a0 Pozner, Thomas\u00a0\u00a0\u00a0\u00a0\u00a0\u00a0\u00a0\u00a0\u00a0\u00a0\u00a0\u00a0\u00a0\u00a0\u00a0\u00a0\u00a0\u00a0\u00a0\u00a0\u00a0\u00a0\u00a0\u00a0\u00a0\u00a0\u00a0\u00a0\u00a0 149<br \/>\n6\u00b0\u00a0\u00a0\u00a0\u00a0\u00a0\u00a0\u00a0\u00a0\u00a0\u00a0 71\u00a0\u00a0\u00a0\u00a0\u00a0\u00a0\u00a0\u00a0\u00a0 Guiffrey, Juan Pablo\u00a0\u00a0\u00a0\u00a0\u00a0\u00a0\u00a0\u00a0\u00a0\u00a0\u00a0\u00a0\u00a0\u00a0\u00a0\u00a0\u00a0\u00a0\u00a0\u00a0\u00a0\u00a0 142.5<br \/>\n7\u00b0\u00a0\u00a0\u00a0\u00a0\u00a0\u00a0\u00a0\u00a0\u00a0\u00a0 141\u00a0\u00a0\u00a0\u00a0\u00a0\u00a0\u00a0 Luengo, Francisco\u00a0\u00a0\u00a0\u00a0\u00a0\u00a0\u00a0\u00a0\u00a0\u00a0\u00a0\u00a0\u00a0\u00a0\u00a0\u00a0\u00a0\u00a0\u00a0\u00a0\u00a0\u00a0\u00a0\u00a0\u00a0 140.75<br \/>\n8\u00b0\u00a0\u00a0\u00a0\u00a0\u00a0\u00a0\u00a0\u00a0\u00a0\u00a0 43\u00a0\u00a0\u00a0\u00a0\u00a0\u00a0\u00a0\u00a0\u00a0 Ant\u00f3n, Benjam\u00edn\u00a0\u00a0\u00a0\u00a0\u00a0\u00a0\u00a0\u00a0\u00a0\u00a0\u00a0\u00a0\u00a0\u00a0\u00a0\u00a0\u00a0\u00a0\u00a0\u00a0\u00a0\u00a0\u00a0\u00a0\u00a0\u00a0\u00a0\u00a0 138.5<br \/>\n9\u00b0\u00a0\u00a0\u00a0\u00a0\u00a0\u00a0\u00a0\u00a0\u00a0\u00a0 77\u00a0\u00a0\u00a0\u00a0\u00a0\u00a0\u00a0\u00a0\u00a0 Gonz\u00e1lez, Leandro\u00a0\u00a0\u00a0\u00a0\u00a0\u00a0\u00a0\u00a0\u00a0\u00a0\u00a0\u00a0\u00a0\u00a0\u00a0\u00a0\u00a0\u00a0\u00a0\u00a0\u00a0\u00a0\u00a0\u00a0 128<br \/>\n10\u00b0\u00a0\u00a0\u00a0\u00a0\u00a0\u00a0\u00a0\u00a0 177\u00a0\u00a0\u00a0\u00a0\u00a0\u00a0\u00a0 Demarco, Luca\u00a0\u00a0\u00a0\u00a0\u00a0\u00a0\u00a0\u00a0\u00a0\u00a0\u00a0\u00a0\u00a0\u00a0\u00a0\u00a0\u00a0\u00a0\u00a0\u00a0\u00a0\u00a0\u00a0\u00a0\u00a0\u00a0\u00a0\u00a0\u00a0\u00a0\u00a0 124<br \/>\n11\u00b0\u00a0\u00a0\u00a0\u00a0\u00a0\u00a0\u00a0\u00a0 87\u00a0\u00a0\u00a0\u00a0\u00a0\u00a0\u00a0\u00a0\u00a0 Guerra, Lucas\u00a0\u00a0\u00a0\u00a0\u00a0\u00a0\u00a0\u00a0\u00a0\u00a0\u00a0\u00a0\u00a0\u00a0\u00a0\u00a0\u00a0\u00a0\u00a0\u00a0\u00a0\u00a0\u00a0\u00a0\u00a0\u00a0\u00a0\u00a0\u00a0\u00a0\u00a0\u00a0\u00a0 115.5<br \/>\n12\u00b0\u00a0\u00a0\u00a0\u00a0\u00a0\u00a0\u00a0\u00a0 66\u00a0\u00a0\u00a0\u00a0\u00a0\u00a0\u00a0\u00a0\u00a0 Tadei, Gustavo (H)\u00a0\u00a0\u00a0\u00a0\u00a0\u00a0\u00a0\u00a0\u00a0\u00a0\u00a0\u00a0\u00a0\u00a0\u00a0\u00a0\u00a0\u00a0\u00a0\u00a0\u00a0\u00a0\u00a0\u00a0\u00a0 115.25<br \/>\n13\u00b0\u00a0\u00a0\u00a0\u00a0\u00a0\u00a0\u00a0\u00a0 119\u00a0\u00a0\u00a0\u00a0\u00a0\u00a0\u00a0 Ledesma, Facundo\u00a0\u00a0\u00a0\u00a0\u00a0\u00a0\u00a0\u00a0\u00a0\u00a0\u00a0\u00a0\u00a0\u00a0\u00a0\u00a0\u00a0\u00a0\u00a0\u00a0\u00a0\u00a0\u00a0\u00a0 111.5<br \/>\n14\u00b0\u00a0\u00a0\u00a0\u00a0\u00a0\u00a0\u00a0\u00a0 50\u00a0\u00a0\u00a0\u00a0\u00a0\u00a0\u00a0\u00a0\u00a0 Ayala, Agust\u00edn\u00a0\u00a0\u00a0\u00a0\u00a0\u00a0\u00a0\u00a0\u00a0\u00a0\u00a0\u00a0\u00a0\u00a0\u00a0\u00a0\u00a0\u00a0\u00a0\u00a0\u00a0\u00a0\u00a0\u00a0\u00a0\u00a0\u00a0\u00a0\u00a0\u00a0\u00a0\u00a0 27<br \/>\n15\u00b0\u00a0\u00a0\u00a0\u00a0\u00a0\u00a0\u00a0\u00a0 85\u00a0\u00a0\u00a0\u00a0\u00a0\u00a0\u00a0\u00a0\u00a0 Dose, Juan Manuel\u00a0\u00a0\u00a0\u00a0\u00a0\u00a0\u00a0\u00a0\u00a0\u00a0\u00a0\u00a0\u00a0\u00a0\u00a0\u00a0\u00a0\u00a0\u00a0\u00a0\u00a0\u00a0\u00a0\u00a0 23.5<\/p>\n<p><em><strong>Fuente: ACTC Oficial<\/strong><\/em><\/p>\n<\/div>\n<p><img loading=\"lazy\" decoding=\"async\" class=\"aligncenter size-full wp-image-19354\" src=\"https:\/\/www.sportchaco.com.ar\/wp-content\/uploads\/2025\/05\/BANNER-WEB-Qdenga-250x250-1.gif\" alt=\"\" width=\"521\" height=\"521\" \/><\/p>\n","protected":false},"excerpt":{"rendered":"<p>14-12-2025 Lucas Carabajal cumpli\u00f3 con la tarea, gan\u00f3 en la \u00faltima fecha y no le dio oportunidad a Eugenio Provens. El chaque\u00f1o, que ya hab\u00eda competido en el TC Mouras pero en 2019, lleg\u00f3 a su quinta victoria en la categor\u00eda y se consagr\u00f3 campe\u00f3n por 5.25 puntos. Carabajal, por la ma\u00f1ana, ya le hab\u00eda &hellip;<\/p>\n","protected":false},"author":3,"featured_media":30081,"comment_status":"open","ping_status":"open","sticky":false,"template":"","format":"standard","meta":{"footnotes":""},"categories":[2],"tags":[],"class_list":["post-30078","post","type-post","status-publish","format-standard","has-post-thumbnail","hentry","category-automovilismo"],"_links":{"self":[{"href":"https:\/\/www.sportchaco.com.ar\/index.php?rest_route=\/wp\/v2\/posts\/30078","targetHints":{"allow":["GET"]}}],"collection":[{"href":"https:\/\/www.sportchaco.com.ar\/index.php?rest_route=\/wp\/v2\/posts"}],"about":[{"href":"https:\/\/www.sportchaco.com.ar\/index.php?rest_route=\/wp\/v2\/types\/post"}],"author":[{"embeddable":true,"href":"https:\/\/www.sportchaco.com.ar\/index.php?rest_route=\/wp\/v2\/users\/3"}],"replies":[{"embeddable":true,"href":"https:\/\/www.sportchaco.com.ar\/index.php?rest_route=%2Fwp%2Fv2%2Fcomments&post=30078"}],"version-history":[{"count":2,"href":"https:\/\/www.sportchaco.com.ar\/index.php?rest_route=\/wp\/v2\/posts\/30078\/revisions"}],"predecessor-version":[{"id":30084,"href":"https:\/\/www.sportchaco.com.ar\/index.php?rest_route=\/wp\/v2\/posts\/30078\/revisions\/30084"}],"wp:featuredmedia":[{"embeddable":true,"href":"https:\/\/www.sportchaco.com.ar\/index.php?rest_route=\/wp\/v2\/media\/30081"}],"wp:attachment":[{"href":"https:\/\/www.sportchaco.com.ar\/index.php?rest_route=%2Fwp%2Fv2%2Fmedia&parent=30078"}],"wp:term":[{"taxonomy":"category","embeddable":true,"href":"https:\/\/www.sportchaco.com.ar\/index.php?rest_route=%2Fwp%2Fv2%2Fcategories&post=30078"},{"taxonomy":"post_tag","embeddable":true,"href":"https:\/\/www.sportchaco.com.ar\/index.php?rest_route=%2Fwp%2Fv2%2Ftags&post=30078"}],"curies":[{"name":"wp","href":"https:\/\/api.w.org\/{rel}","templated":true}]}}