{"id":30120,"date":"2025-12-15T09:01:14","date_gmt":"2025-12-15T12:01:14","guid":{"rendered":"https:\/\/www.sportchaco.com.ar\/?p=30120"},"modified":"2025-12-15T10:29:25","modified_gmt":"2025-12-15T13:29:25","slug":"carlos-patricio-pato-simoni-el-nombre-propio-de-1991-y-1996-deportista-del-ano","status":"publish","type":"post","link":"https:\/\/www.sportchaco.com.ar\/?p=30120","title":{"rendered":"Carlos Patricio \u201cPato\u201d Simoni: el nombre propio de 1991 y 1996, deportista del a\u00f1o"},"content":{"rendered":"<h2 data-start=\"182\" data-end=\"249\"><\/h2>\n<p>&nbsp;<\/p>\n<h5 data-start=\"3909\" data-end=\"4082\"><img loading=\"lazy\" decoding=\"async\" class=\"alignnone wp-image-29908\" src=\"https:\/\/www.sportchaco.com.ar\/wp-content\/uploads\/2025\/12\/Luis-carita-287x300-1.jpg\" alt=\"\" width=\"77\" height=\"81\" \/>Por Luis Dar\u00edo Molodezky<\/h5>\n<h5 data-start=\"251\" data-end=\"587\"><strong>Hay deportistas que marcan una \u00e9poca. Y hay otros que, adem\u00e1s, definen una identidad. En el b\u00e1squet chaque\u00f1o, Carlos Patricio \u201cPato\u201d Simoni pertenece a esa segunda categor\u00eda: la de los jugadores que no s\u00f3lo brillaron en la cancha, sino que quedaron para siempre ligados a las grandes p\u00e1ginas de la historia deportiva provincial.<\/strong><\/h5>\n<p data-start=\"589\" data-end=\"938\">El <strong data-start=\"592\" data-end=\"619\">13 de diciembre de 1991<\/strong>, durante la tradicional <strong data-start=\"644\" data-end=\"666\">Fiesta del Deporte<\/strong> organizada por el <strong data-start=\"685\" data-end=\"732\">C\u00edrculo de Periodistas Deportivos del Chaco<\/strong>, Simoni fue consagrado <strong data-start=\"756\" data-end=\"778\">Deportista del A\u00f1o<\/strong>. El acto se realiz\u00f3 en el <strong data-start=\"805\" data-end=\"824\">Chaco Golf Club<\/strong> y lo encontr\u00f3 todav\u00eda joven, pero ya consolidado como uno de los m\u00e1ximos exponentes del b\u00e1squet local y nacional.<\/p>\n<p data-start=\"940\" data-end=\"1306\">Aquella noche, comparti\u00f3 el cuadro de honor con figuras destacadas de m\u00faltiples disciplinas, en una ceremonia que reconoci\u00f3 a quienes hab\u00edan dejado huella durante la temporada. En b\u00e1squetbol, el nombre de <strong data-start=\"1145\" data-end=\"1171\">Carlos Patricio Simoni<\/strong> se destac\u00f3 junto al de <strong data-start=\"1195\" data-end=\"1215\">Rub\u00e9n Wolkowyski<\/strong>, anticipando lo que el tiempo confirmar\u00eda: el Chaco estaba produciendo jugadores de \u00e9lite.<\/p>\n<p data-start=\"940\" data-end=\"1306\"><img decoding=\"async\" src=\"https:\/\/www.sportchaco.com.ar\/wp-content\/uploads\/2025\/06\/5FUH-SIMONI-780x470.jpg\" \/><\/p>\n<h3 data-start=\"1308\" data-end=\"1351\"><strong data-start=\"1312\" data-end=\"1351\">El premio que volvi\u00f3 hecho historia<\/strong><\/h3>\n<p data-start=\"1353\" data-end=\"1686\">Cinco a\u00f1os m\u00e1s tarde, en <strong data-start=\"1378\" data-end=\"1386\">1996<\/strong>, el destino le reserv\u00f3 a \u201cPato\u201d una consagraci\u00f3n a\u00fan m\u00e1s profunda. Volvi\u00f3 a ser elegido <strong data-start=\"1475\" data-end=\"1497\">Deportista del A\u00f1o<\/strong>, pero esta vez con un valor simb\u00f3lico inmenso: como <strong data-start=\"1550\" data-end=\"1587\">capit\u00e1n del seleccionado chaque\u00f1o<\/strong> que logr\u00f3, por <strong data-start=\"1603\" data-end=\"1618\">primera vez<\/strong>, el t\u00edtulo en el <strong data-start=\"1636\" data-end=\"1685\">Campeonato Argentino de Mayores de B\u00e1squetbol<\/strong>.<\/p>\n<p data-start=\"1688\" data-end=\"1989\">Y no fue en cualquier lugar. Fue <strong data-start=\"1721\" data-end=\"1732\">en casa<\/strong>, en un <strong data-start=\"1740\" data-end=\"1782\">estadio de Regatas Resistencia colmado<\/strong>, donde el b\u00e1squet chaque\u00f1o vivi\u00f3 su <strong data-start=\"1819\" data-end=\"1841\">primera gran gesta<\/strong>. El triunfo categ\u00f3rico ante <strong data-start=\"1870\" data-end=\"1895\">Santa Fe por 100 a 75<\/strong> en la final sell\u00f3 una campa\u00f1a inolvidable y coloc\u00f3 al Chaco en lo m\u00e1s alto del mapa nacional.<\/p>\n<p data-start=\"1991\" data-end=\"2228\">A\u00f1os despu\u00e9s, Simoni lo resumir\u00eda con palabras sencillas pero cargadas de emoci\u00f3n: <em data-start=\"2074\" data-end=\"2149\">\u201cFue una alegr\u00eda doble, campeones de local y en el club que me vio nacer\u201d<\/em>. Una frase que explica por qu\u00e9 aquel t\u00edtulo trascendi\u00f3 el resultado deportivo.<\/p>\n<p data-start=\"1991\" data-end=\"2228\"><img decoding=\"async\" src=\"https:\/\/www.diarionorte.com\/content\/bucket\/1\/240231w790h527c.jpg.webp\" \/><\/p>\n<h3 data-start=\"2230\" data-end=\"2271\"><strong data-start=\"2234\" data-end=\"2271\">L\u00edder dentro y fuera de la cancha<\/strong><\/h3>\n<p>&nbsp;<\/p>\n<p data-start=\"2273\" data-end=\"2605\">Ese equipo campe\u00f3n de 1996 tuvo talento, car\u00e1cter y convicci\u00f3n. Pero tambi\u00e9n tuvo liderazgo. Y ah\u00ed apareci\u00f3 la figura de Simoni, no s\u00f3lo con su jerarqu\u00eda t\u00e9cnica, sino con su capacidad para <strong data-start=\"2463\" data-end=\"2494\">entender el rol de cada uno<\/strong>, para empujar al grupo en los momentos decisivos y para asumir la responsabilidad cuando el partido lo exig\u00eda.<\/p>\n<p data-start=\"2607\" data-end=\"2772\">Basta recordar la semifinal ante C\u00f3rdoba, resuelta con un <strong data-start=\"2665\" data-end=\"2700\">doble ag\u00f3nico del propio Simoni<\/strong>, para entender por qu\u00e9 su nombre qued\u00f3 grabado en la memoria colectiva.<\/p>\n<p data-start=\"2774\" data-end=\"3000\">Con el paso del tiempo, el propio \u201cPato\u201d reconocer\u00eda que aquel logro <strong data-start=\"2843\" data-end=\"2872\">cobr\u00f3 a\u00fan mayor dimensi\u00f3n<\/strong>, porque fue el punto de partida de una historia que luego tendr\u00eda continuidad, como el segundo t\u00edtulo chaque\u00f1o logrado en 2012.<\/p>\n<p data-start=\"2774\" data-end=\"3000\"><img decoding=\"async\" src=\"https:\/\/www.diarionorte.com\/content\/bucket\/3\/240233w790h475c.jpg.webp\" \/><\/p>\n<h3 data-start=\"3002\" data-end=\"3050\"><strong data-start=\"3006\" data-end=\"3050\">Una trayectoria que trascendi\u00f3 fronteras<\/strong><\/h3>\n<p data-start=\"3052\" data-end=\"3330\">Nacido en Resistencia el <strong data-start=\"3077\" data-end=\"3104\">3 de septiembre de 1971<\/strong>, Simoni se form\u00f3 en <strong data-start=\"3125\" data-end=\"3148\">Regatas Resistencia<\/strong>, el club de sus amores, y construy\u00f3 una carrera notable en la <strong data-start=\"3211\" data-end=\"3239\">Liga Nacional de B\u00e1squet<\/strong>, donde disput\u00f3 <strong data-start=\"3255\" data-end=\"3290\">catorce temporadas consecutivas<\/strong> en instituciones emblem\u00e1ticas del pa\u00eds.<\/p>\n<p data-start=\"3332\" data-end=\"3612\">Fue <strong data-start=\"3336\" data-end=\"3386\">campe\u00f3n de la LNB con Pe\u00f1arol de Mar del Plata<\/strong> en la temporada 1993\/94, integr\u00f3 selecciones juveniles y mayores de la Argentina y represent\u00f3 al pa\u00eds en Sudamericanos, Panamericanos y en el <strong data-start=\"3529\" data-end=\"3555\">Mundial de Grecia 1998<\/strong>, siempre llevando consigo el sello del b\u00e1squet chaque\u00f1o.<\/p>\n<p data-start=\"3332\" data-end=\"3612\">\n<h3 data-start=\"3614\" data-end=\"3631\"><strong data-start=\"3618\" data-end=\"3631\">El legado<\/strong><\/h3>\n<p data-start=\"3633\" data-end=\"3907\">Las distinciones de <strong data-start=\"3653\" data-end=\"3668\">1991 y 1996<\/strong> no fueron premios aislados. Fueron el reconocimiento a una carrera construida con esfuerzo, compromiso y amor por la camiseta. Y, sobre todo, a un deportista que supo estar a la altura cuando el Chaco necesit\u00f3 escribir su historia grande.<\/p>\n<p data-start=\"3909\" data-end=\"4082\" data-is-last-node=\"\" data-is-only-node=\"\">Hoy, al evocarlo, <strong data-start=\"3927\" data-end=\"3960\">Carlos Patricio \u201cPato\u201d Simoni<\/strong> no es s\u00f3lo un nombre en una lista de ganadores. Es sin\u00f3nimo de liderazgo, pertenencia y gesta. De esas que no se olvidan.<\/p>\n<h5 data-start=\"3909\" data-end=\"4082\"><img loading=\"lazy\" decoding=\"async\" class=\"alignnone wp-image-29908\" src=\"https:\/\/www.sportchaco.com.ar\/wp-content\/uploads\/2025\/12\/Luis-carita-287x300-1.jpg\" alt=\"\" width=\"77\" height=\"81\" \/>Por Luis Dar\u00edo Molodezky<\/h5>\n<p>&nbsp;<\/p>\n<p>5 FOTOS UNA HISTORIA<\/p>\n<p>&nbsp;<\/p>\n<p><strong>Bloque 1<\/strong><\/p>\n<p><strong><a href=\"https:\/\/youtu.be\/7hHVPAf9eGs?si=WEKXtGN4OK5o41I7\">https:\/\/youtu.be\/7hHVPAf9eGs?si=WEKXtGN4OK5o41I7<\/a><\/strong><\/p>\n<p><strong>\u00a0<\/strong><\/p>\n<p><strong>Bloque 2<\/strong><\/p>\n<p><strong><a href=\"https:\/\/youtu.be\/bBDr5xbeq_I?si=oozUC4dDXnR1NYpb\">https:\/\/youtu.be\/bBDr5xbeq_I?si=oozUC4dDXnR1NYpb<\/a><\/strong><\/p>\n<p><strong>Bloque 3<\/strong><\/p>\n<p><strong><a href=\"https:\/\/youtu.be\/OdYgMcnFAdY?si=DuUi3wwC86UnMNLM\">https:\/\/youtu.be\/OdYgMcnFAdY?si=DuUi3wwC86UnMNLM<\/a><\/strong><\/p>\n<p><strong>\u00a0<\/strong><\/p>\n<header class=\"mw-body-header vector-page-titlebar no-font-mode-scale\">\n<h1 id=\"firstHeading\" class=\"firstHeading mw-first-heading\"><span class=\"mw-page-title-main\">Carlos Patricio Simoni<\/span><\/h1>\n<\/header>\n<div class=\"vector-page-toolbar vector-feature-custom-font-size-clientpref--excluded\">\n<div class=\"vector-page-toolbar-container\">\n<div id=\"right-navigation\" class=\"vector-collapsible\">\n<nav aria-label=\"Vistas\">\n<div id=\"p-views\" class=\"vector-menu vector-menu-tabs mw-portlet mw-portlet-views\">\n<div class=\"vector-menu-content\"><\/div>\n<\/div>\n<\/nav>\n<nav class=\"vector-page-tools-landmark\" aria-label=\"P\u00e1gina de herramientas\">\n<div id=\"vector-page-tools-dropdown\" class=\"vector-dropdown vector-page-tools-dropdown\"><label id=\"vector-page-tools-dropdown-label\" class=\"vector-dropdown-label cdx-button cdx-button--fake-button cdx-button--fake-button--enabled cdx-button--weight-quiet\" for=\"vector-page-tools-dropdown-checkbox\" aria-hidden=\"true\"><\/label><\/p>\n<div class=\"vector-dropdown-content\">\n<div id=\"vector-page-tools-unpinned-container\" class=\"vector-unpinned-container\">\n<div id=\"vector-page-tools\" class=\"vector-page-tools vector-pinnable-element\">\n<div class=\"vector-pinnable-header vector-page-tools-pinnable-header vector-pinnable-header-unpinned\" data-feature-name=\"page-tools-pinned\" data-pinnable-element-id=\"vector-page-tools\" data-pinned-container-id=\"vector-page-tools-pinned-container\" data-unpinned-container-id=\"vector-page-tools-unpinned-container\" data-saved-pinned-state=\"false\"><\/div>\n<div id=\"p-tb\" class=\"vector-menu mw-portlet mw-portlet-tb\">\n<div class=\"vector-menu-content\"><\/div>\n<\/div>\n<div id=\"p-wikibase-otherprojects\" class=\"vector-menu mw-portlet mw-portlet-wikibase-otherprojects\"><\/div>\n<\/div>\n<\/div>\n<\/div>\n<\/div>\n<\/nav>\n<\/div>\n<\/div>\n<\/div>\n<div class=\"vector-column-end no-font-mode-scale\">\n<div class=\"vector-sticky-pinned-container\">\n<nav class=\"vector-appearance-landmark\" aria-label=\"Apariencia\">\n<div id=\"vector-appearance-pinned-container\" class=\"vector-pinned-container\">\n<div id=\"vector-appearance\" class=\"vector-appearance vector-pinnable-element\">\n<div id=\"skin-client-prefs-vector-feature-custom-font-size\" class=\"mw-portlet mw-portlet-skin-client-prefs-vector-feature-custom-font-size vector-menu\">\n<div class=\"vector-menu-content\">\n<p>&nbsp;<\/p>\n<\/div>\n<\/div>\n<\/div>\n<\/div>\n<\/nav>\n<\/div>\n<\/div>\n<div id=\"bodyContent\" class=\"vector-body ve-init-mw-desktopArticleTarget-targetContainer\" aria-labelledby=\"firstHeading\" data-mw-ve-target-container=\"\">\n<div class=\"vector-body-before-content\">\n<div class=\"mw-indicators\"><\/div>\n<\/div>\n<div id=\"contentSub\">\n<div id=\"mw-content-subtitle\"><\/div>\n<\/div>\n<div id=\"mw-content-text\" class=\"mw-body-content\">\n<div class=\"mw-content-ltr mw-parser-output\" dir=\"ltr\" lang=\"es\">\n<p><span style=\"color: #000000;\"><b>Patricio Simoni<\/b>\u00a0(<a class=\"mw-redirect\" style=\"color: #000000;\" title=\"Resistencia (Argentina)\" href=\"https:\/\/es.wikipedia.org\/wiki\/Resistencia_(Argentina)\">Resistencia<\/a>,\u00a0<a style=\"color: #000000;\" title=\"Provincia del Chaco\" href=\"https:\/\/es.wikipedia.org\/wiki\/Provincia_del_Chaco\">Chaco<\/a>, 3 de septiembre de 1971) es un ex-<a class=\"mw-redirect\" style=\"color: #000000;\" title=\"Baloncestista\" href=\"https:\/\/es.wikipedia.org\/wiki\/Baloncestista\">baloncestista<\/a>\u00a0argentino. Hizo una larga carrera como profesional en diversos clubes de su pa\u00eds, llegando a actuar durante 14 temporadas en la\u00a0<a style=\"color: #000000;\" title=\"Liga Nacional de B\u00e1squet\" href=\"https:\/\/es.wikipedia.org\/wiki\/Liga_Nacional_de_B%C3%A1squet\">Liga Nacional de B\u00e1squet<\/a>, el torneo m\u00e1s importante del baloncesto profesional argentino. Tambi\u00e9n integr\u00f3 en varias ocasiones a la\u00a0<a class=\"mw-redirect\" style=\"color: #000000;\" title=\"Selecci\u00f3n de b\u00e1squet de Argentina\" href=\"https:\/\/es.wikipedia.org\/wiki\/Selecci%C3%B3n_de_b%C3%A1squet_de_Argentina\">selecci\u00f3n de b\u00e1squet de Argentina<\/a>, siendo convocado para participar del\u00a0<a style=\"color: #000000;\" title=\"Campeonato FIBA Am\u00e9ricas de 1997\" href=\"https:\/\/es.wikipedia.org\/wiki\/Campeonato_FIBA_Am%C3%A9ricas_de_1997\">Campeonato FIBA Am\u00e9ricas de 1997<\/a>\u00a0de\u00a0<a style=\"color: #000000;\" title=\"Uruguay\" href=\"https:\/\/es.wikipedia.org\/wiki\/Uruguay\">Uruguay<\/a>\u00a0y de la\u00a0<a class=\"mw-redirect\" style=\"color: #000000;\" title=\"Copa Mundial de Baloncesto de 1998\" href=\"https:\/\/es.wikipedia.org\/wiki\/Copa_Mundial_de_Baloncesto_de_1998\">Copa Mundial de Baloncesto de 1998<\/a>\u00a0de\u00a0<a style=\"color: #000000;\" title=\"Grecia\" href=\"https:\/\/es.wikipedia.org\/wiki\/Grecia\">Grecia<\/a>.<\/span><\/p>\n<div class=\"mw-heading mw-heading2\">\n<h2 id=\"Trayectoria\"><span style=\"color: #000000;\">Trayectoria<\/span><\/h2>\n<\/div>\n<div class=\"mw-heading mw-heading3\">\n<h3 id=\"Inicios\"><span style=\"color: #000000;\">Inicios<\/span><\/h3>\n<\/div>\n<p><span style=\"color: #000000;\">Formado en la cantera de\u00a0<a style=\"color: #000000;\" title=\"Club de Regatas Resistencia\" href=\"https:\/\/es.wikipedia.org\/wiki\/Club_de_Regatas_Resistencia\">Regatas Resistencia<\/a>, fue reclutado a sus 17 a\u00f1os por el club\u00a0<a class=\"new\" style=\"color: #000000;\" title=\"Ersonal de Cosecha (Resistencia) (a\u00fan no redactado)\" href=\"https:\/\/es.wikipedia.org\/w\/index.php?title=Ersonal_de_Cosecha_(Resistencia)&amp;action=edit&amp;redlink=1\">Personal de Cosecha<\/a>. Con esa instituci\u00f3n particip\u00f3 de los torneos nacionales del ascenso, demostrando su talento para el juego (de hecho el C\u00edrculo de Periodistas Deportivos del Chaco lo nombr\u00f3 Deportista del A\u00f1o en 1991).<sup id=\"cite_ref-1\" class=\"mw-references reference separada\"><a style=\"color: #000000;\" href=\"https:\/\/es.wikipedia.org\/wiki\/Patricio_Simoni#cite_note-1\"><span class=\"cite-bracket\">[<\/span>1<span class=\"cite-bracket\">]<\/span><\/a><\/sup>\u200b<\/span><\/p>\n<div class=\"mw-heading mw-heading3\">\n<h3 id=\"Liga_Nacional_de_B\u00e1squet\"><span style=\"color: #000000;\"><span id=\"Liga_Nacional_de_B.C3.A1squet\"><\/span>Liga Nacional de B\u00e1squet<\/span><\/h3>\n<\/div>\n<p><span style=\"color: #000000;\">Debut\u00f3 en la\u00a0<a style=\"color: #000000;\" title=\"Liga Nacional de B\u00e1squet\" href=\"https:\/\/es.wikipedia.org\/wiki\/Liga_Nacional_de_B%C3%A1squet\">Liga Nacional de B\u00e1squet<\/a>\u00a0jugando para\u00a0<a class=\"mw-redirect\" style=\"color: #000000;\" title=\"Pe\u00f1arol de Mar del Plata\" href=\"https:\/\/es.wikipedia.org\/wiki\/Pe%C3%B1arol_de_Mar_del_Plata\">Pe\u00f1arol de Mar del Plata<\/a>\u00a0durante la\u00a0<a style=\"color: #000000;\" title=\"Liga Nacional de B\u00e1squet 1993-94\" href=\"https:\/\/es.wikipedia.org\/wiki\/Liga_Nacional_de_B%C3%A1squet_1993-94\">temporada 1993-94<\/a>, en la que su equipo, dirigido por\u00a0<a style=\"color: #000000;\" title=\"N\u00e9stor Garc\u00eda\" href=\"https:\/\/es.wikipedia.org\/wiki\/N%C3%A9stor_Garc%C3%ADa\">N\u00e9stor Garc\u00eda<\/a>, se consagrar\u00eda campe\u00f3n.<\/span><\/p>\n<p><span style=\"color: #000000;\">Pas\u00f3 luego por\u00a0<a class=\"new\" style=\"color: #000000;\" title=\"Deportivo Valle Inferior (a\u00fan no redactado)\" href=\"https:\/\/es.wikipedia.org\/w\/index.php?title=Deportivo_Valle_Inferior&amp;action=edit&amp;redlink=1\">Deportivo Valle Inferior<\/a>\u00a0y\u00a0<a class=\"mw-redirect\" style=\"color: #000000;\" title=\"Gimnasia y Esgrima de Comodoro Rivadavia\" href=\"https:\/\/es.wikipedia.org\/wiki\/Gimnasia_y_Esgrima_de_Comodoro_Rivadavia\">Gimnasia y Esgrima de Comodoro Rivadavia<\/a>, en donde pudo ganarse la titularidad.<\/span><\/p>\n<p><span style=\"color: #000000;\">En 1996 fue parte de la selecci\u00f3n de Chaco que conquist\u00f3 la edici\u00f3n de ese a\u00f1o del\u00a0<a style=\"color: #000000;\" title=\"Campeonato Argentino de B\u00e1squet\" href=\"https:\/\/es.wikipedia.org\/wiki\/Campeonato_Argentino_de_B%C3%A1squet\">Campeonato Argentino de B\u00e1squet<\/a>, siendo adem\u00e1s nombrado MVP del torneo.<sup id=\"cite_ref-2\" class=\"mw-references reference separada\"><a style=\"color: #000000;\" href=\"https:\/\/es.wikipedia.org\/wiki\/Patricio_Simoni#cite_note-2\"><span class=\"cite-bracket\">[<\/span>2<span class=\"cite-bracket\">]<\/span><\/a><\/sup>\u200b<sup id=\"cite_ref-3\" class=\"mw-references reference separada\"><a style=\"color: #000000;\" href=\"https:\/\/es.wikipedia.org\/wiki\/Patricio_Simoni#cite_note-3\"><span class=\"cite-bracket\">[<\/span>3<span class=\"cite-bracket\">]<\/span><\/a><\/sup>\u200b<\/span><\/p>\n<p><span style=\"color: #000000;\">Su actuaci\u00f3n en\u00a0<a style=\"color: #000000;\" title=\"Andino Sport Club\" href=\"https:\/\/es.wikipedia.org\/wiki\/Andino_Sport_Club\">Andino<\/a>\u00a0entre 1997 y 1999 lo catapult\u00f3 a la\u00a0<a class=\"mw-redirect\" style=\"color: #000000;\" title=\"Selecci\u00f3n de b\u00e1squet de Argentina\" href=\"https:\/\/es.wikipedia.org\/wiki\/Selecci%C3%B3n_de_b%C3%A1squet_de_Argentina\">selecci\u00f3n de b\u00e1squet de Argentina<\/a>. La\u00a0<a style=\"color: #000000;\" title=\"Liga Nacional de B\u00e1squet 1999-2000\" href=\"https:\/\/es.wikipedia.org\/wiki\/Liga_Nacional_de_B%C3%A1squet_1999-2000\">temporada 1999-2000 de la LNB<\/a>\u00a0la disput\u00f3 con la camiseta de\u00a0<a class=\"mw-redirect\" style=\"color: #000000;\" title=\"Pico Football Club\" href=\"https:\/\/es.wikipedia.org\/wiki\/Pico_Football_Club\">Pico Football Club<\/a>, volviendo al t\u00e9rmino de la misma a Andino, donde jugar\u00eda dos a\u00f1os m\u00e1s.<\/span><\/p>\n<p><span style=\"color: #000000;\">En 2002 retorn\u00f3 a su provincia natal para guiar a\u00a0<a class=\"mw-redirect\" style=\"color: #000000;\" title=\"Hind\u00fa Club (Resistencia)\" href=\"https:\/\/es.wikipedia.org\/wiki\/Hind%C3%BA_Club_(Resistencia)\">Hind\u00fa de Resistencia<\/a>\u00a0a la\u00a0<a class=\"mw-redirect\" style=\"color: #000000;\" title=\"Liga B\" href=\"https:\/\/es.wikipedia.org\/wiki\/Liga_B\">Liga B<\/a>.<\/span><\/p>\n<p><span style=\"color: #000000;\">Luego de esa experiencia jug\u00f3 las siguientes cinco temporadas en la LNB defendiendo los colores de\u00a0<a class=\"mw-redirect\" style=\"color: #000000;\" title=\"Quilmes de Mar del Plata\" href=\"https:\/\/es.wikipedia.org\/wiki\/Quilmes_de_Mar_del_Plata\">Quilmes de Mar del Plata<\/a>, nuevamente\u00a0<a class=\"mw-redirect\" style=\"color: #000000;\" title=\"Gimnasia y Esgrima de Comodoro Rivadavia\" href=\"https:\/\/es.wikipedia.org\/wiki\/Gimnasia_y_Esgrima_de_Comodoro_Rivadavia\">Gimnasia y Esgrima de Comodoro Rivadavia<\/a>\u00a0y\u00a0<a style=\"color: #000000;\" title=\"Club Central Entrerriano\" href=\"https:\/\/es.wikipedia.org\/wiki\/Club_Central_Entrerriano\">Central Entrerriano<\/a>.<\/span><\/p>\n<div class=\"mw-heading mw-heading3\">\n<h3 id=\"\u00daltimos_a\u00f1os\"><span style=\"color: #000000;\"><span id=\".C3.9Altimos_a.C3.B1os\"><\/span>\u00daltimos a\u00f1os<\/span><\/h3>\n<\/div>\n<p><span style=\"color: #000000;\">Aquejado por una lesi\u00f3n, decidi\u00f3 dejar el baloncesto competitivo en 2007. Sin embargo, poco despu\u00e9s de hacer el anuncio, reapareci\u00f3 jugando para\u00a0<a class=\"mw-redirect\" style=\"color: #000000;\" title=\"Club Atl\u00e9tico Adelante\" href=\"https:\/\/es.wikipedia.org\/wiki\/Club_Atl%C3%A9tico_Adelante\">Adelante<\/a>\u00a0en el Campeonato Argentino de Clubes de B\u00e1squetbol, la cuarta categor\u00eda nacional.<\/span><\/p>\n<p><span style=\"color: #000000;\">Sus \u00faltimos a\u00f1os como jugador transcurrieron en\u00a0<a style=\"color: #000000;\" title=\"Club de Regatas Resistencia\" href=\"https:\/\/es.wikipedia.org\/wiki\/Club_de_Regatas_Resistencia\">Regatas Resistencia<\/a>, donde consigui\u00f3 el ascenso al\u00a0<a class=\"mw-redirect\" style=\"color: #000000;\" title=\"Torneo Federal de B\u00e1squetbol\" href=\"https:\/\/es.wikipedia.org\/wiki\/Torneo_Federal_de_B%C3%A1squetbol\">Torneo Federal de B\u00e1squetbol<\/a>\u00a0en 2010 (sin embargo el club opt\u00f3 por no jugar el certamen debido a sus dificultades econ\u00f3micas).<\/span><\/p>\n<p><span style=\"color: #000000;\">En 2011 se anunci\u00f3 el fichaje de Simoni en\u00a0<a class=\"mw-redirect\" style=\"color: #000000;\" title=\"Sarmiento de Resistencia\" href=\"https:\/\/es.wikipedia.org\/wiki\/Sarmiento_de_Resistencia\">Sarmiento de Resistencia<\/a>\u00a0para jugar en el TFB,<sup id=\"cite_ref-4\" class=\"mw-references reference separada\"><a style=\"color: #000000;\" href=\"https:\/\/es.wikipedia.org\/wiki\/Patricio_Simoni#cite_note-4\"><span class=\"cite-bracket\">[<\/span>4<span class=\"cite-bracket\">]<\/span><\/a><\/sup>\u200b sin embargo una afecci\u00f3n card\u00edaca lo oblig\u00f3 a renunciar al equipo durante la pretemporada.<\/span><\/p>\n<p><span style=\"color: #000000;\">Al abandonar definitivamente la pr\u00e1ctica del baloncesto competitivo, Simoni se convirti\u00f3 en dirigente de\u00a0<a class=\"mw-redirect\" style=\"color: #000000;\" title=\"Sarmiento de Resistencia\" href=\"https:\/\/es.wikipedia.org\/wiki\/Sarmiento_de_Resistencia\">Sarmiento de Resistencia<\/a>.<\/span><\/p>\n<div class=\"mw-heading mw-heading2\">\n<h2 id=\"Selecci\u00f3n_nacional\"><span style=\"color: #000000;\"><span id=\"Selecci.C3.B3n_nacional\"><\/span>Selecci\u00f3n nacional<\/span><\/h2>\n<\/div>\n<p><span style=\"color: #000000;\">Simoni fue miembro de los seleccionados juveniles de baloncesto de Argentina, llegando a disputar el\u00a0<a class=\"new\" style=\"color: #000000;\" title=\"Campeonato Mundial de Baloncesto Sub-19 de 1991 (a\u00fan no redactado)\" href=\"https:\/\/es.wikipedia.org\/w\/index.php?title=Campeonato_Mundial_de_Baloncesto_Sub-19_de_1991&amp;action=edit&amp;redlink=1\">Campeonato Mundial de Baloncesto Sub-19 de 1991<\/a>\u00a0(en el cual la Argentina termin\u00f3 tercera).<\/span><\/p>\n<p><span style=\"color: #000000;\">Con la\u00a0<a class=\"mw-redirect\" style=\"color: #000000;\" title=\"Selecci\u00f3n de b\u00e1squet de Argentina\" href=\"https:\/\/es.wikipedia.org\/wiki\/Selecci%C3%B3n_de_b%C3%A1squet_de_Argentina\">selecci\u00f3n mayor<\/a>\u00a0actu\u00f3 en el\u00a0<a style=\"color: #000000;\" title=\"Campeonato Sudamericano de Baloncesto de 1993\" href=\"https:\/\/es.wikipedia.org\/wiki\/Campeonato_Sudamericano_de_Baloncesto_de_1993\">Campeonato Sudamericano de Baloncesto de 1993<\/a>, el\u00a0<a style=\"color: #000000;\" title=\"Campeonato FIBA Am\u00e9ricas de 1997\" href=\"https:\/\/es.wikipedia.org\/wiki\/Campeonato_FIBA_Am%C3%A9ricas_de_1997\">Campeonato FIBA Am\u00e9ricas de 1997<\/a>, los\u00a0<a class=\"mw-redirect\" style=\"color: #000000;\" title=\"Juegos de la Buena Voluntad\" href=\"https:\/\/es.wikipedia.org\/wiki\/Juegos_de_la_Buena_Voluntad\">Juegos de la Buena Voluntad<\/a>\u00a0de 1997 y la\u00a0<a class=\"mw-redirect\" style=\"color: #000000;\" title=\"Copa Mundial de Baloncesto de 1998\" href=\"https:\/\/es.wikipedia.org\/wiki\/Copa_Mundial_de_Baloncesto_de_1998\">Copa Mundial de Baloncesto de 1998<\/a>.<\/span><\/p>\n<\/div>\n<\/div>\n<\/div>\n<p>&nbsp;<\/p>\n<table class=\"infobox\">\n<tbody>\n<tr>\n<th class=\"cabecera persona\" colspan=\"3\"><span style=\"color: #000000;\">Carlos Patricio Simoni<\/span><\/th>\n<\/tr>\n<tr>\n<th colspan=\"3\"><span style=\"color: #000000;\">Datos personales<\/span><\/th>\n<\/tr>\n<tr>\n<th scope=\"row\"><span style=\"color: #000000;\">Nombre\u00a0completo<\/span><\/th>\n<td colspan=\"2\"><span style=\"color: #000000;\">Carlos Patricio Simoni<\/span><\/td>\n<\/tr>\n<tr>\n<th scope=\"row\"><span style=\"color: #000000;\">Apodo(s)<\/span><\/th>\n<td colspan=\"2\"><span style=\"color: #000000;\"><i>Pato<\/i><\/span><\/td>\n<\/tr>\n<tr>\n<th scope=\"row\"><span style=\"color: #000000;\">Nacimiento<\/span><\/th>\n<td colspan=\"2\"><span style=\"color: #000000;\"><a class=\"mw-redirect\" style=\"color: #000000;\" title=\"Resistencia (Argentina)\" href=\"https:\/\/es.wikipedia.org\/wiki\/Resistencia_(Argentina)\">Resistencia<\/a>,\u00a0<span class=\"flagicon\"><span class=\"mw-image-border notpageimage noviewer\"><a class=\"mw-file-description\" style=\"color: #000000;\" title=\"Bandera de la Provincia del Chaco\" href=\"https:\/\/commons.wikimedia.org\/wiki\/File:Bandera_de_la_Provincia_del_Chaco.svg\"><img loading=\"lazy\" decoding=\"async\" class=\"mw-file-element\" src=\"https:\/\/upload.wikimedia.org\/wikipedia\/commons\/thumb\/3\/33\/Bandera_de_la_Provincia_del_Chaco.svg\/20px-Bandera_de_la_Provincia_del_Chaco.svg.png\" srcset=\"\/\/upload.wikimedia.org\/wikipedia\/commons\/thumb\/3\/33\/Bandera_de_la_Provincia_del_Chaco.svg\/40px-Bandera_de_la_Provincia_del_Chaco.svg.png 1.5x\" alt=\"Bandera de la Provincia del Chaco\" width=\"20\" height=\"13\" data-file-width=\"728\" data-file-height=\"485\" \/><\/a><\/span>\u00a0<\/span><a style=\"color: #000000;\" title=\"Provincia del Chaco\" href=\"https:\/\/es.wikipedia.org\/wiki\/Provincia_del_Chaco\">Chaco<\/a><\/span><br \/>\n<span style=\"color: #000000;\">3 de septiembre de 1971 (54\u00a0a\u00f1os)<\/span><\/td>\n<\/tr>\n<tr>\n<th scope=\"row\"><span style=\"color: #000000;\">Nacionalidad(es)<\/span><\/th>\n<td colspan=\"2\"><span style=\"color: #000000;\"><span class=\"flagicon\"><span class=\"mw-image-border notpageimage noviewer\"><a class=\"mw-file-description\" style=\"color: #000000;\" title=\"Bandera de Argentina\" href=\"https:\/\/commons.wikimedia.org\/wiki\/File:Flag_of_Argentina.svg\"><img loading=\"lazy\" decoding=\"async\" class=\"mw-file-element\" src=\"https:\/\/upload.wikimedia.org\/wikipedia\/commons\/thumb\/1\/1a\/Flag_of_Argentina.svg\/20px-Flag_of_Argentina.svg.png\" srcset=\"\/\/upload.wikimedia.org\/wikipedia\/commons\/thumb\/1\/1a\/Flag_of_Argentina.svg\/40px-Flag_of_Argentina.svg.png 1.5x\" alt=\"Bandera de Argentina\" width=\"20\" height=\"13\" data-file-width=\"800\" data-file-height=\"500\" \/><\/a><\/span>\u00a0<\/span><a style=\"color: #000000;\" title=\"Argentina\" href=\"https:\/\/es.wikipedia.org\/wiki\/Argentina\">Argentina<\/a><\/span><\/td>\n<\/tr>\n<tr>\n<th scope=\"row\"><span style=\"color: #000000;\">Altura<\/span><\/th>\n<td colspan=\"2\"><span style=\"color: #000000;\">2,00\u00a0<a style=\"color: #000000;\" title=\"Metro\" href=\"https:\/\/es.wikipedia.org\/wiki\/Metro\">m<\/a>\u00a0(6<a style=\"color: #000000;\" title=\"Pie (unidad)\" href=\"https:\/\/es.wikipedia.org\/wiki\/Pie_(unidad)\">\u2032<\/a>\u00a07<a style=\"color: #000000;\" title=\"Pulgada\" href=\"https:\/\/es.wikipedia.org\/wiki\/Pulgada\">\u2033<\/a>)<\/span><\/td>\n<\/tr>\n<tr>\n<th colspan=\"3\"><span style=\"color: #000000;\">Carrera deportiva<\/span><\/th>\n<\/tr>\n<tr>\n<th scope=\"row\"><span style=\"color: #000000;\">Deporte<\/span><\/th>\n<td colspan=\"2\"><span style=\"color: #000000;\"><a style=\"color: #000000;\" title=\"Baloncesto\" href=\"https:\/\/es.wikipedia.org\/wiki\/Baloncesto\">Baloncesto<\/a><\/span><\/td>\n<\/tr>\n<tr>\n<th colspan=\"3\"><span style=\"color: #000000;\">Club profesional<\/span><\/th>\n<\/tr>\n<tr>\n<th scope=\"row\"><span style=\"color: #000000;\">Club<\/span><\/th>\n<td colspan=\"2\"><span style=\"color: #000000;\">Retirado<\/span><\/td>\n<\/tr>\n<tr>\n<th scope=\"row\"><span style=\"color: #000000;\">Posici\u00f3n<\/span><\/th>\n<td colspan=\"2\"><span style=\"color: #000000;\"><a style=\"color: #000000;\" title=\"Ala-p\u00edvot\" href=\"https:\/\/es.wikipedia.org\/wiki\/Ala-p%C3%ADvot\">Ala-Pivot<\/a>\u00a0o\u00a0<a style=\"color: #000000;\" title=\"P\u00edvot\" href=\"https:\/\/es.wikipedia.org\/wiki\/P%C3%ADvot\">P\u00edvot<\/a><\/span><\/td>\n<\/tr>\n<tr>\n<th scope=\"row\"><span style=\"color: #000000;\">Selecci\u00f3n<\/span><\/th>\n<td colspan=\"2\"><span style=\"color: #000000;\"><span class=\"flagicon\"><span class=\"mw-image-border notpageimage noviewer\"><a class=\"mw-file-description\" style=\"color: #000000;\" title=\"Bandera de Argentina\" href=\"https:\/\/commons.wikimedia.org\/wiki\/File:Flag_of_Argentina.svg\"><img loading=\"lazy\" decoding=\"async\" class=\"mw-file-element\" src=\"https:\/\/upload.wikimedia.org\/wikipedia\/commons\/thumb\/1\/1a\/Flag_of_Argentina.svg\/20px-Flag_of_Argentina.svg.png\" srcset=\"\/\/upload.wikimedia.org\/wikipedia\/commons\/thumb\/1\/1a\/Flag_of_Argentina.svg\/40px-Flag_of_Argentina.svg.png 1.5x\" alt=\"Bandera de Argentina\" width=\"20\" height=\"13\" data-file-width=\"800\" data-file-height=\"500\" \/><\/a><\/span><\/span>\u00a0<a class=\"mw-redirect\" style=\"color: #000000;\" title=\"Selecci\u00f3n de baloncesto de Argentina\" href=\"https:\/\/es.wikipedia.org\/wiki\/Selecci%C3%B3n_de_baloncesto_de_Argentina\">Argentina<\/a><\/span><\/td>\n<\/tr>\n<tr>\n<th colspan=\"3\"><span style=\"color: #000000;\">Trayectoria<\/span><\/th>\n<\/tr>\n<tr>\n<td colspan=\"3\">\n<div>\n<ul>\n<li><span style=\"color: #000000;\"><a style=\"color: #000000;\" title=\"Club de Regatas Resistencia\" href=\"https:\/\/es.wikipedia.org\/wiki\/Club_de_Regatas_Resistencia\">Regatas Resistencia<\/a>\u00a0(1987-1988)<\/span><\/li>\n<li><span style=\"color: #000000;\"><a class=\"new\" style=\"color: #000000;\" title=\"Personal de Cosecha (Resistencia) (a\u00fan no redactado)\" href=\"https:\/\/es.wikipedia.org\/w\/index.php?title=Personal_de_Cosecha_(Resistencia)&amp;action=edit&amp;redlink=1\">Personal de Cosecha<\/a>\u00a0(1989-1993)<\/span><\/li>\n<li><span style=\"color: #000000;\"><a class=\"mw-redirect\" style=\"color: #000000;\" title=\"Pe\u00f1arol de Mar del Plata\" href=\"https:\/\/es.wikipedia.org\/wiki\/Pe%C3%B1arol_de_Mar_del_Plata\">Pe\u00f1arol de Mar del Plata<\/a>\u00a0(1993-1994)<\/span><\/li>\n<li><span style=\"color: #000000;\"><a class=\"new\" style=\"color: #000000;\" title=\"Deportivo Valle Inferior (a\u00fan no redactado)\" href=\"https:\/\/es.wikipedia.org\/w\/index.php?title=Deportivo_Valle_Inferior&amp;action=edit&amp;redlink=1\">Deportivo Valle Inferior<\/a>\u00a0(1994-1995)<\/span><\/li>\n<li><span style=\"color: #000000;\"><a class=\"mw-redirect\" style=\"color: #000000;\" title=\"Gimnasia y Esgrima de Comodoro Rivadavia\" href=\"https:\/\/es.wikipedia.org\/wiki\/Gimnasia_y_Esgrima_de_Comodoro_Rivadavia\">Gimnasia de Comodoro Rivadavia<\/a>\u00a0(1995-1997)<\/span><\/li>\n<li><span style=\"color: #000000;\"><a style=\"color: #000000;\" title=\"Andino Sport Club\" href=\"https:\/\/es.wikipedia.org\/wiki\/Andino_Sport_Club\">Andino<\/a>\u00a0(1997-1999)<\/span><\/li>\n<li><span style=\"color: #000000;\"><a class=\"mw-redirect\" style=\"color: #000000;\" title=\"Pico Football Club\" href=\"https:\/\/es.wikipedia.org\/wiki\/Pico_Football_Club\">Pico Football Club<\/a>\u00a0(1999-2000)<\/span><\/li>\n<li><span style=\"color: #000000;\"><a style=\"color: #000000;\" title=\"Andino Sport Club\" href=\"https:\/\/es.wikipedia.org\/wiki\/Andino_Sport_Club\">Andino<\/a>\u00a0(2000-2002)<\/span><\/li>\n<li><span style=\"color: #000000;\"><a class=\"mw-redirect\" style=\"color: #000000;\" title=\"Hind\u00fa Club (Resistencia)\" href=\"https:\/\/es.wikipedia.org\/wiki\/Hind%C3%BA_Club_(Resistencia)\">Hind\u00fa<\/a>\u00a0(2002)<\/span><\/li>\n<li><span style=\"color: #000000;\"><a class=\"mw-redirect\" style=\"color: #000000;\" title=\"Quilmes de Mar del Plata\" href=\"https:\/\/es.wikipedia.org\/wiki\/Quilmes_de_Mar_del_Plata\">Quilmes de Mar del Plata<\/a>\u00a0(2002-2003)<\/span><\/li>\n<li><span style=\"color: #000000;\"><a style=\"color: #000000;\" title=\"Club Central Entrerriano\" href=\"https:\/\/es.wikipedia.org\/wiki\/Club_Central_Entrerriano\">Central Entrerriano<\/a>\u00a0(2003-2004)<\/span><\/li>\n<li><span style=\"color: #000000;\"><a class=\"mw-redirect\" style=\"color: #000000;\" title=\"Gimnasia y Esgrima de Comodoro Rivadavia\" href=\"https:\/\/es.wikipedia.org\/wiki\/Gimnasia_y_Esgrima_de_Comodoro_Rivadavia\">Gimnasia de Comodoro Rivadavia<\/a>\u00a0(2004-2005)<\/span><\/li>\n<li><span style=\"color: #000000;\"><a style=\"color: #000000;\" title=\"Club Central Entrerriano\" href=\"https:\/\/es.wikipedia.org\/wiki\/Club_Central_Entrerriano\">Central Entrerriano<\/a>\u00a0(2005-2007)<\/span><\/li>\n<li><span style=\"color: #000000;\"><a class=\"mw-redirect\" style=\"color: #000000;\" title=\"Club Atl\u00e9tico Adelante\" href=\"https:\/\/es.wikipedia.org\/wiki\/Club_Atl%C3%A9tico_Adelante\">Adelante<\/a>\u00a0(2007-2008)<\/span><\/li>\n<li><span style=\"color: #000000;\"><a style=\"color: #000000;\" title=\"Club de Regatas Resistencia\" href=\"https:\/\/es.wikipedia.org\/wiki\/Club_de_Regatas_Resistencia\">Regatas Resistencia<\/a>\u00a0(2008-2011)<\/span><\/li>\n<\/ul>\n<\/div>\n<\/td>\n<\/tr>\n<tr>\n<td class=\"noprint\" colspan=\"3\">\n<div class=\"plainlinks wikidata-link\">[<a class=\"extiw\" title=\"d:Q52199754\" href=\"https:\/\/www.wikidata.org\/wiki\/Q52199754\">editar datos en Wikidata<\/a>]<\/div>\n<\/td>\n<\/tr>\n<\/tbody>\n<\/table>\n<p><b>Patricio Simoni<\/b>\u00a0(<a class=\"mw-redirect\" title=\"Resistencia (Argentina)\" href=\"https:\/\/es.wikipedia.org\/wiki\/Resistencia_(Argentina)\">Resistencia<\/a>,\u00a0<a title=\"Provincia del Chaco\" href=\"https:\/\/es.wikipedia.org\/wiki\/Provincia_del_Chaco\">Chaco<\/a>, 3 de septiembre de 1971) es<\/p>\n","protected":false},"excerpt":{"rendered":"<p>&nbsp; Por Luis Dar\u00edo Molodezky Hay deportistas que marcan una \u00e9poca. Y hay otros que, adem\u00e1s, definen una identidad. En el b\u00e1squet chaque\u00f1o, Carlos Patricio \u201cPato\u201d Simoni pertenece a esa segunda categor\u00eda: la de los jugadores que no s\u00f3lo brillaron en la cancha, sino que quedaron para siempre ligados a las grandes p\u00e1ginas de la &hellip;<\/p>\n","protected":false},"author":2,"featured_media":30121,"comment_status":"open","ping_status":"open","sticky":false,"template":"","format":"standard","meta":{"footnotes":""},"categories":[3,78],"tags":[],"class_list":["post-30120","post","type-post","status-publish","format-standard","has-post-thumbnail","hentry","category-basquetbol","category-historias"],"_links":{"self":[{"href":"https:\/\/www.sportchaco.com.ar\/index.php?rest_route=\/wp\/v2\/posts\/30120","targetHints":{"allow":["GET"]}}],"collection":[{"href":"https:\/\/www.sportchaco.com.ar\/index.php?rest_route=\/wp\/v2\/posts"}],"about":[{"href":"https:\/\/www.sportchaco.com.ar\/index.php?rest_route=\/wp\/v2\/types\/post"}],"author":[{"embeddable":true,"href":"https:\/\/www.sportchaco.com.ar\/index.php?rest_route=\/wp\/v2\/users\/2"}],"replies":[{"embeddable":true,"href":"https:\/\/www.sportchaco.com.ar\/index.php?rest_route=%2Fwp%2Fv2%2Fcomments&post=30120"}],"version-history":[{"count":3,"href":"https:\/\/www.sportchaco.com.ar\/index.php?rest_route=\/wp\/v2\/posts\/30120\/revisions"}],"predecessor-version":[{"id":30133,"href":"https:\/\/www.sportchaco.com.ar\/index.php?rest_route=\/wp\/v2\/posts\/30120\/revisions\/30133"}],"wp:featuredmedia":[{"embeddable":true,"href":"https:\/\/www.sportchaco.com.ar\/index.php?rest_route=\/wp\/v2\/media\/30121"}],"wp:attachment":[{"href":"https:\/\/www.sportchaco.com.ar\/index.php?rest_route=%2Fwp%2Fv2%2Fmedia&parent=30120"}],"wp:term":[{"taxonomy":"category","embeddable":true,"href":"https:\/\/www.sportchaco.com.ar\/index.php?rest_route=%2Fwp%2Fv2%2Fcategories&post=30120"},{"taxonomy":"post_tag","embeddable":true,"href":"https:\/\/www.sportchaco.com.ar\/index.php?rest_route=%2Fwp%2Fv2%2Ftags&post=30120"}],"curies":[{"name":"wp","href":"https:\/\/api.w.org\/{rel}","templated":true}]}}