{"id":30135,"date":"2025-12-15T23:11:31","date_gmt":"2025-12-16T02:11:31","guid":{"rendered":"https:\/\/www.sportchaco.com.ar\/?p=30135"},"modified":"2025-12-15T23:12:22","modified_gmt":"2025-12-16T02:12:22","slug":"efemerides-del-16-de-diciembre-3","status":"publish","type":"post","link":"https:\/\/www.sportchaco.com.ar\/?p=30135","title":{"rendered":"Efem\u00e9rides del 16 de diciembre"},"content":{"rendered":"<div class=\"container fullwidth-entry-title-wrapper\">\n<div class=\"container-wrapper fullwidth-entry-title\">\n<header class=\"entry-header-outer\">\n<div class=\"entry-header\">\n<h1 class=\"post-title entry-title\"><\/h1>\n<div class=\"single-post-meta post-meta clearfix\">\n<div class=\"tie-alignright\"><\/div>\n<\/div>\n<\/div>\n<\/header>\n<\/div>\n<\/div>\n<div id=\"content\" class=\"site-content container\">\n<div id=\"main-content-row\" class=\"tie-row main-content-row\">\n<div class=\"main-content tie-col-md-8 tie-col-xs-12\" role=\"main\">\n<article id=\"the-post\" class=\"container-wrapper post-content tie-standard\">\n<div class=\"featured-area\">\n<div class=\"featured-area-inner\">\n<figure class=\"single-featured-image\"><strong>Foto portada: Encuentro de los\u00a0 campeones de la Copa Presdiente y Adri\u00e1n Beccar Varela en 2017: Carlos Sandoval, Roberto Cassiet, Ram\u00f3n Villanueva, Tancho Romero, Carlos Ben\u00b4pitez, An\u00edbal Deiber, Pacheco, Carrara, Estanislao Gonz\u00e1lez y Ra\u00fa Centra; \u00d1eco Murgu\u00eda, Hugo Villagra, Ram\u00f3n Gerber, Ram\u00f3n Garc\u00eda, Eduardo Maglionio, Miguel Meza, William Sena y Ram\u00f3n Robledo.\u00a0<\/strong><\/figure>\n<\/div>\n<\/div>\n<div class=\"entry-content entry clearfix\">\n<div class=\"container fullwidth-entry-title-wrapper\">\n<div class=\"container-wrapper fullwidth-entry-title\">\n<header class=\"entry-header-outer\">\n<div class=\"entry-header\">\n<h2 class=\"entry-sub-title\"><\/h2>\n<div class=\"single-post-meta post-meta clearfix\"><\/div>\n<\/div>\n<\/header>\n<\/div>\n<\/div>\n<div id=\"content\" class=\"site-content container\">\n<div id=\"main-content-row\" class=\"tie-row main-content-row\">\n<div class=\"main-content tie-col-md-8 tie-col-xs-12\" role=\"main\">\n<article id=\"the-post\" class=\"container-wrapper post-content tie-standard\">\n<div class=\"featured-area\">\n<h5 class=\"featured-area-inner\"><\/h5>\n<\/div>\n<div class=\"entry-content entry clearfix\">\n<h5><strong>Estas son las efem\u00e9rides de un 16 de diciembre, del libro \u00ab100 a\u00f1os de historia del deporte en el Chaco\u00bb, del periodista Luis Dar\u00edo Molodezky. Foto portada de los jugadores campeones 1968 en el monumento de Mendoza<\/strong><\/h5>\n<p><img decoding=\"async\" class=\"aligncenter\" src=\"https:\/\/www.sportchaco.com.ar\/wp-content\/uploads\/2023\/11\/Luis-D-SP-199x300.jpg\" \/><\/p>\n<p><strong>16 de diciembre<\/strong><\/p>\n<p><strong>1968 \/<\/strong> El Seleccionado de la Liga Chaque\u00f1a de F\u00fatbol se consagra campe\u00f3n del torneo argentino Copa Adri\u00e1n B\u00e9ccar Varela, durante el cuadrangular final disputado en Mendoza. Participaron de las finales y etapa previa estos jugadores: Luis Lutringer, Deiber, Ram\u00f3n Villanueva, William Sena, Pacheco, Domingo Rotger, Ram\u00f3n Garc\u00eda, Villagra, Eduardo Andr\u00e9s Maglioni, Roque Murgu\u00eda, Pedro Olivera, Estanislao Maidana, Ra\u00fal M\u00e1ntaras, Roque L\u00f3pez\u00a0 Lottero, Isidoro Cabrera, Ricardo Romero, Teodoro D\u00edaz, Miguel Esquivel, Ram\u00f3n Robledo y Ram\u00f3n Gerber, Oscar Pisizceck, Carlos Ben\u00edtez, Ra\u00fal Cendra, Carlos Sandoval, Santiago Fern\u00e1ndez, Miguel Meza, Guillermo Ag\u00fcero, Jorge Molina y Jos\u00e9 Duarte. DT: Antonio Ruiz D\u00edaz. M\u00e9dico: Francisco M\u00e1rcico Prieto. Kinesi\u00f3logo: Carrara. Utilero: Zurdo S\u00e1nchez. Dirigentes: Luis de las Casas y Rub\u00e9n Dar\u00edo Torres presidente de la subcomisi\u00f3n de f\u00fatbol H\u00e9ctor Basilio Silva.<\/p>\n<p><img decoding=\"async\" class=\"aligncenter\" src=\"https:\/\/www.sportchaco.com.ar\/wp-content\/uploads\/2024\/12\/Liga-Chaquena-1968-en-monumento-433x470.jpg\" \/><\/p>\n<p><strong>1989 \/<\/strong> El futbolista Celso Antonio Freyre es consagrado Deportista del A\u00f1o, en la octava edici\u00f3n de la Fiesta del Deporte, que se realiz\u00f3 en la Casa del M\u00e9dico. Los distinguidos en las distintas disciplinas: ajedrez Florentino Quiroz, atletismo Miguel P\u00e9rez, automovilismo Abel Ocantos, b\u00e1squetbol Patricio Simoni, bochas Sergio Romero, boxeo Carlos Salazar, canotaje Juan C\u00e1ceres, caza Eliseo Gay, ciclismo Ra\u00fal Cisneros, dirigente Juan Buffa, f\u00fatbol nacional Celso Freyre, f\u00fatbol provincial Sergio Geiser, gimnasia art\u00edstica Sebasti\u00e1n Eidman, golf Ra\u00fal C\u00e1ceres (h), Handball Javier P\u00e9rez Kout, hockey Diego Vera, homenaje Eduardo Carauni, Marat\u00f3n Rub\u00e9n Sol\u00eds, motociclismo Fernando Villa, Nataci\u00f3n Carlos Romero, p\u00e1del Jos\u00e9 Viturro, pelota Alberto Vicente, pesca Alfredo Bernard, regularidad Sol\u00eds-Mart\u00ednez, rugby Santiago Galassi, tenis Mart\u00edn Mignoni, tenis de mesa Ernesto Ambos, tiro Pacho Rodr\u00edguez, v\u00edleibol Jos\u00e9 Meana.<\/p>\n<p><strong>1996 \/<\/strong> El basquetbolista Carlos Patricio Simoni es consagrado por segunda vez deportista del a\u00f1o por el C\u00edrculo de Periodistas Deportivos del Chaco, durante la Fiesta Anual realizada en el Puerto de Barranqueras. La n\u00f3mina de atletas distingui- dos es: ajedrez Mauricio Ismael Dor\u00edn, \u00e1rbitro Daniel Orlando Gim\u00e9nez, artes marciales Aldo Omar Schneider, atletismo Marcelo Alassia Piccilli, automovilismo Silvina Genjo, b\u00e1squetbol CarlosPatricio Simoni, bochas Domingo Sona, boxeo Ernesto Bombardero Sena, canotaje Marisol Itat\u00ed Villa, caza Nelson Humberto Mandrile, ciclismo Coraz\u00f3n de Jes\u00fas Pav\u00f3n, dirigente Carlos Omar Bruno, equitaci\u00f3n Nicol\u00e1s Frangioli, f\u00fatbol Sergio Rojas, gimnasia art\u00edstica Paula Aguilar, golf Leandro Alem, handball Fabi\u00e1n Castro, hockey Mariana Oshe, homenaje Conrado C\u00e9sar Giuliano, karting Mat\u00edas Borchichi, marat\u00f3n Sergio Romero, motociclismo Germ\u00e1n Mora, nataci\u00f3n Franco Galiano, p\u00e1del Ana Mar\u00eda Rol\u00f3n, pelota Octavio Bistolfi, patinaje art\u00edstico Juan Jos\u00e9 Cinat, pesca Ethel Meneghini, rugby Alejandro Agust\u00edn Aguirre, socio honorario Ram\u00f3n Gonz\u00e1lez, tenis Edgardo Massa, tiro Hugo Delgiorggio, velerismo Norberto Pablo Donnet, voleibol Manuel Zarza.<\/p>\n<p><strong>2006 \/<\/strong> Se entregaron los t\u00edtulos a la nueva promoci\u00f3n de directores t\u00e9cnicos, de la Escuela de F\u00fatbol 76 \u201cAntonio Arancibia\u201d: Oscar Arnaldo Avalos, Alfredo Omar Blanco, Jos\u00e9<br \/>\nManuel Fern\u00e1ndez, Miguel Orlando L\u00f3pez, Julio C\u00e9sar Mendoza, Euclides Ram\u00f3n Mi\u00f1o, David Eduardo Mora, Gerardo Antonio Ojeda, Rolando Romero, Juan Alejandro S\u00e1nchez, Walter Manuel Sassari, H\u00e9ctor Omar Sol\u00eds, Juan Antonio. En la n\u00f3mina de instructores nacionales infanto-juvenil, primer a\u00f1o, figuran: Walter Daniel B\u00e1ez, Alejandro Ariel Ben\u00edtez, Rub\u00e9n Echezarreta, Fabi\u00e1n Alberto Enrique, Rodolfo Orlando Feldmann, Rafael Esteban Vicente Juric, Carlos Alberto Maidana, David Alfredo Moreno, Luis Vence y Fabio Ceferino Z\u00e1rate.<\/p>\n<p><strong>2006 \/<\/strong> La Federaci\u00f3n Chaque\u00f1a de Automovilismo coron\u00f3 a sus campeones tras la \u00faltima fecha disputada en S\u00e1enz Pe\u00f1a, entregando premios a los tres mejores de cada categor\u00eda: En la Clase A lo recibieron el campe\u00f3n Alexis Moschen, el subcampe\u00f3n Labib \u00c1lvarez y el tercero Nicol\u00e1s Parij; en la B, Rodolfo Corredera, Juan Carlos Iglesias y Germ\u00e1n Villarreal; y en la D Juan Carlos Polini, Marcelo Maldonado y Fernando Mart\u00ednez.<\/p>\n<p><strong>2006 \/<\/strong> Alejandro Frangioli se consagra bicampe\u00f3n del Turismo Internacional, tras disputarse la \u00faltima fecha de la temporada en el aut\u00f3dromo \u201cRoberto Mouras\u201d de La Plata y que fue ganada por Carlos Arra\u00f1a.<\/p>\n<p><strong>2009 \/<\/strong> El campe\u00f3n del mundo en 1980 de los supergallos Sergio V\u00edctor Palma, obsequia el cintur\u00f3n que logr\u00f3 en el ring, al pueblo que lo vio nacer, La Tigra, valorado como un<br \/>\nacto de desprendimiento y calificado por el protagonista como una devoluci\u00f3n del afecto a su gente.<\/p>\n<p><strong>2009 \/<\/strong> Regatas Resistencia se consagra campe\u00f3n del Provincial de b\u00e1squetbol al vencer en la \u00faltima fecha a Social las Bre\u00f1as 95-75. Al llegar a este partido, ya estaban clasificados al Argentino de Clubes adem\u00e1s de Regatas, Social, Villa San Mart\u00edn e Hind\u00fa. El plantel dirigido por Guillermo Ar\u00e9valo, tuvo como estandarte a Patricio Simoni y el plantel estuvo integrado por F\u00e9lix Vargas, Juan Toloza, Mauro La Regina, Dar\u00edo Vega, Pedro Mach\u00edn, Carlos G\u00f3mez Jovanovich, Tortella, Mart\u00ednez, Novo y Segovia.<\/p>\n<p><strong>2016 \/<\/strong>\u00a0El golfista Fabi\u00e1n G\u00f3mez fue consagrado Deportista del A\u00f1o 2016 en la 35\u00aa Fiesta Anual realizada en el Sindicato de Prensa. Los nominados del C\u00edrculo de Periodistas Deportivos del Chaco, fueron en Ajedrez: Alesandro Manzone. \u00c1rbitro: Pablo G\u00f3mez . Atletismo: Liliana Montenegro de Tirol. Artes Marciales: Milagros Acosta. Automovilismo: Tadeo Vicente. Basquetbol: C\u00e9sar Avalle. Bochas: Nora Yanina Ordiz. Boxeo: Lucas Gallo. Canotaje: Sergio Agust\u00edn Quenardelle. Caza: Walter Cristaldo. Ciclismo: Rolando Ahumada. Fisicoculturismo: Berenice Aguirre. F\u00fatbol: Gustavo Carballo. Gimnasia Art\u00edstica: Juan Agust\u00edn Zampayo. Golf: Fabi\u00e1n G\u00f3mez. Handball: David Fern\u00e1ndez. Hockey: Mat\u00edas Fern\u00e1ndez de Cune. Karting: Luca Longhi. Marat\u00f3n: Claudia Villaboa Barbetti. Motociclismo: Maximiliano M\u00e9ndola. Nataci\u00f3n: Julieta Ruiz D\u00edaz. P\u00e1del: Virginia Riera. Pesas Levantamiento Ol\u00edmpico de Pesas: Alejo G\u00f3mez Franco. Pesca: Edith Guadalupe Ibarra. Rugby: Alejandro Luis Santill\u00e1n. Squash: Ian Zurano. Tenis: Octavio Volpi. Tenis de Mesa: Ana Codina. Tiro: Walter Soria. Triatl\u00f3n: Ignacio Zurlo. Voley: Tiziana Puljiz. Deportes Especiales: \u00c1ngel Deld\u00f3. Dirigente: Horacio Mansilla. Distinci\u00f3n: H\u00e9ctor G\u00f3mez. Homenaje: Wilfredo Simoni. Instituciones: Club Sportivo de Hermoso Campo. Sportivo Plaza. La Villa B\u00e1sket, Regatas Resistencia, Villa San Mart\u00edn, Hind\u00fa Club, Club Sarmiento, Villa Alvear, Cune, Cultural de Castelli. Veteranos: Filial 12.<\/p>\n<p><strong>2022 \/<\/strong> El saenzpe\u00f1ense Pablo Zacar\u00edas deportista del a\u00f1o En el marco de la 40\u00b0 edici\u00f3n de la Fiesta del Deporte chaque\u00f1o, el piloto saenzpe\u00f1ense Pablo Zacar\u00edas, fue consagrado anoche como el deportista del a\u00f1o 2022 por el C\u00edrculo de Peridista Deportivos. El evento se realiz\u00f3 en los playones del polideportivo Jaime Zapata. En la ocasi\u00f3n se entregaron las nuevas estatuillas, cuyo dise\u00f1o y elaboraci\u00f3n integral es obra del dise\u00f1ador Marcelo Ben\u00edtez. Al cierre el m\u00e1ximo galardon fue el cop\u00f3n del Joyer\u00edas Antuan. En lo que hace a Zacar\u00edas, elmismo debut\u00f3 en 2004 en el automovilismo chaque\u00f1o. Fue subcampe\u00f3n en 2007 y 2015 y logr\u00f3 sendos t\u00edtulos en 2012, 2014 y 2022, siempre en la clase 2. En la presente temporada, gano tres finales, seis series adem\u00e1s de lograr siete poles. En la ocasi\u00f3n hablaron el prsidente del C\u00edrculo Miguel Omar Retamozo y el presidente del Instituto del Deporte del Chaco, cerrando antes de la entrega del premio mayor, el gobernador de la provincia Jorge Miton Capitanich, quien ratific\u00f3 al deporte como pol\u00edtica de estado, destacando los nuevos programas lanzado para la incusi\u00f3n de todos los ni\u00f1os y j\u00f3venes<br \/>\nLOS DISTINGUIDOS<br \/>\nAjedrez: Alessandro Manzone.<br \/>\n\u00c1rbitro: Mariana Dur\u00e9.<br \/>\nArtes Marciales: Malena Silvina Morales.<br \/>\nAtletismo: Mateo Luciani.<br \/>\nAutomovilismo: Pablo Zacar\u00edas.<br \/>\nB\u00e1squet: \u00c1lvaro Ghidini.<br \/>\nB\u00e1squet Femenino: Aldana Duarte.<br \/>\nBochas: Antonio Vargas.<br \/>\nBoxeo: Alex Meza.<br \/>\nCaza: Diego Cuellar.<br \/>\nCiclismo: Ramiro Exequiel Bonillo.<br \/>\nEvita Deporte Adaptado: Maia Lutmila Aguirre.<br \/>\nF\u00fatbol: Mariano Villalba.<br \/>\nF\u00fatbol Femenino: Virginia Su\u00e1rez.<br \/>\nFutsal (F\u00fatbol de Sal\u00f3n): Fabi\u00e1n Molina.<br \/>\nGimnasia: Tob\u00edas Gonz\u00e1lez Vallejos.<br \/>\nGolf: Leonardo Rivas.<br \/>\nHandball: Agustina Treppo Falc\u00f3n.<br \/>\nHockey: Jerem\u00edas Doubouloy.<br \/>\nKarting: Tom\u00e1s Bergallo.<br \/>\nLevantamiento Ol\u00edmpico de Pesas: Milena Madelein Ayala.<br \/>\nMarat\u00f3n: Evangelina Mireya Defagot.<br \/>\nMotociclismo: Andr\u00e9s Gandola.<br \/>\nNataci\u00f3n: Lucas Romero.<br \/>\nP\u00e1del: Santiago Frugoni.<br \/>\nPesca: V\u00edctor Romeo.<br \/>\nRugby: Ignacio Biscay.<br \/>\nTenis: Juli\u00e1n Cundom.<br \/>\nTenis de Mesa: Juan Cruz Axon.<br \/>\nTiro con arco: Daniela Arguello.<br \/>\nTriatl\u00f3n: Pedro Ginocchi.<br \/>\nV\u00f3ley: Guadalupe Ludmila Salto.<br \/>\nInstituciones: Club Regional; Club Juventud de Puerto Tirol; Hind\u00fa Club; Defensores de Vilelas; Asociaci\u00f3n Centro chaque\u00f1a de F\u00fatbol de Veteranos; Italiana de Charata<br \/>\nReconocimientos: Mauro Passarino; Daniel Cravero; Walter Lencovich; Carlos Verza; C\u00e9sar Centanaro; Alejandro Pirota.<br \/>\nDirigente: Ram\u00f3n Alberto Flores.<\/p>\n<p>&nbsp;<\/p>\n<div class=\"post-bottom-meta post-bottom-edit\"><\/div>\n<\/div>\n<\/article>\n<\/div>\n<\/div>\n<\/div>\n<\/div>\n<\/article>\n<\/div>\n<\/div>\n<\/div>\n","protected":false},"excerpt":{"rendered":"<p>Foto portada: Encuentro de los\u00a0 campeones de la Copa Presdiente y Adri\u00e1n Beccar Varela en 2017: Carlos Sandoval, Roberto Cassiet, Ram\u00f3n Villanueva, Tancho Romero, Carlos Ben\u00b4pitez, An\u00edbal Deiber, Pacheco, Carrara, Estanislao Gonz\u00e1lez y Ra\u00fa Centra; \u00d1eco Murgu\u00eda, Hugo Villagra, Ram\u00f3n Gerber, Ram\u00f3n Garc\u00eda, Eduardo Maglionio, Miguel Meza, William Sena y Ram\u00f3n Robledo.\u00a0 Estas son las &hellip;<\/p>\n","protected":false},"author":2,"featured_media":30140,"comment_status":"open","ping_status":"open","sticky":false,"template":"","format":"standard","meta":{"footnotes":""},"categories":[42,45],"tags":[],"class_list":["post-30135","post","type-post","status-publish","format-standard","has-post-thumbnail","hentry","category-diciembre","category-efemerides-dia-por-dia"],"_links":{"self":[{"href":"https:\/\/www.sportchaco.com.ar\/index.php?rest_route=\/wp\/v2\/posts\/30135","targetHints":{"allow":["GET"]}}],"collection":[{"href":"https:\/\/www.sportchaco.com.ar\/index.php?rest_route=\/wp\/v2\/posts"}],"about":[{"href":"https:\/\/www.sportchaco.com.ar\/index.php?rest_route=\/wp\/v2\/types\/post"}],"author":[{"embeddable":true,"href":"https:\/\/www.sportchaco.com.ar\/index.php?rest_route=\/wp\/v2\/users\/2"}],"replies":[{"embeddable":true,"href":"https:\/\/www.sportchaco.com.ar\/index.php?rest_route=%2Fwp%2Fv2%2Fcomments&post=30135"}],"version-history":[{"count":5,"href":"https:\/\/www.sportchaco.com.ar\/index.php?rest_route=\/wp\/v2\/posts\/30135\/revisions"}],"predecessor-version":[{"id":30142,"href":"https:\/\/www.sportchaco.com.ar\/index.php?rest_route=\/wp\/v2\/posts\/30135\/revisions\/30142"}],"wp:featuredmedia":[{"embeddable":true,"href":"https:\/\/www.sportchaco.com.ar\/index.php?rest_route=\/wp\/v2\/media\/30140"}],"wp:attachment":[{"href":"https:\/\/www.sportchaco.com.ar\/index.php?rest_route=%2Fwp%2Fv2%2Fmedia&parent=30135"}],"wp:term":[{"taxonomy":"category","embeddable":true,"href":"https:\/\/www.sportchaco.com.ar\/index.php?rest_route=%2Fwp%2Fv2%2Fcategories&post=30135"},{"taxonomy":"post_tag","embeddable":true,"href":"https:\/\/www.sportchaco.com.ar\/index.php?rest_route=%2Fwp%2Fv2%2Ftags&post=30135"}],"curies":[{"name":"wp","href":"https:\/\/api.w.org\/{rel}","templated":true}]}}