{"id":30152,"date":"2025-12-15T20:51:38","date_gmt":"2025-12-15T23:51:38","guid":{"rendered":"https:\/\/www.sportchaco.com.ar\/?p=30152"},"modified":"2025-12-15T20:51:38","modified_gmt":"2025-12-15T23:51:38","slug":"el-basquet-formativo-de-sarmiento-cerro-un-gran-ano","status":"publish","type":"post","link":"https:\/\/www.sportchaco.com.ar\/?p=30152","title":{"rendered":"El b\u00e1squet formativo de Sarmiento cerr\u00f3 un gran a\u00f1o"},"content":{"rendered":"<p><strong>15-12-2025<\/strong><\/p>\n<p>&nbsp;<\/p>\n<p><img loading=\"lazy\" decoding=\"async\" class=\"aligncenter size-large wp-image-19472\" src=\"https:\/\/www.sportchaco.com.ar\/wp-content\/uploads\/2025\/05\/Red-de-empeleos-1200x200-1-1024x171.gif\" alt=\"\" width=\"1024\" height=\"171\" srcset=\"https:\/\/www.sportchaco.com.ar\/wp-content\/uploads\/2025\/05\/Red-de-empeleos-1200x200-1-1024x171.gif 1024w, https:\/\/www.sportchaco.com.ar\/wp-content\/uploads\/2025\/05\/Red-de-empeleos-1200x200-1-300x50.gif 300w, https:\/\/www.sportchaco.com.ar\/wp-content\/uploads\/2025\/05\/Red-de-empeleos-1200x200-1-768x128.gif 768w, https:\/\/www.sportchaco.com.ar\/wp-content\/uploads\/2025\/05\/Red-de-empeleos-1200x200-1-1536x256.gif 1536w, https:\/\/www.sportchaco.com.ar\/wp-content\/uploads\/2025\/05\/Red-de-empeleos-1200x200-1-2048x341.gif 2048w\" sizes=\"auto, (max-width: 1024px) 100vw, 1024px\" \/><\/p>\n<div id=\"tps_slideContainer_29465\" class=\"theiaPostSlider_slides\">\n<p>Durante este 2025, las categor\u00edas femeninas formativas de Sarmiento Resistencia tuvieron una gran performance y despliegue a nivel provincial y nacional, no dejando dudas en la provincia, como as\u00ed tambi\u00e9n en los planos nacionales teniendo una gran participaci\u00f3n.<\/p>\n<p>\u201cDurante este a\u00f1o trabajamos\u00a0codo a codo con la nueva Comisi\u00f3n, la cual nos ha facilitado bastante la organizaci\u00f3n de todos los compromisos y con resultados m\u00e1s que positivos\u00a0\u201d, expres\u00f3 el entrenador principal de esta rama, Marcelo Mart\u00ednez.<\/p>\n<p>Con respecto a las categor\u00edas formativas en lo que fue el Pre \u2013 Federal 2025, el U13 no dej\u00f3 dudas, cumpli\u00f3 y gan\u00f3 una plaza para la Liga Federal 2025. Cabe destacar que las categor\u00edas U15 y U17 tambi\u00e9n jugaron el Final Four de sus categor\u00edas, terminando en el tercer puesto en ambas, obteniendo un lugar tambi\u00e9n en La Liga Federal por estas categor\u00edas.<\/p>\n<figure class=\"wp-block-image size-large\"><a href=\"https:\/\/baskettotal.com.ar\/wp-content\/uploads\/2025\/12\/CAS-1.jpg\"><img loading=\"lazy\" decoding=\"async\" class=\"lazy wp-image-29466 lazy-loaded\" src=\"https:\/\/baskettotal.com.ar\/wp-content\/uploads\/2025\/12\/CAS-1-1024x770.jpg\" sizes=\"auto, (max-width: 1024px) 100vw, 1024px\" srcset=\"https:\/\/baskettotal.com.ar\/wp-content\/uploads\/2025\/12\/CAS-1-1024x770.jpg 1024w, https:\/\/baskettotal.com.ar\/wp-content\/uploads\/2025\/12\/CAS-1-300x226.jpg 300w, https:\/\/baskettotal.com.ar\/wp-content\/uploads\/2025\/12\/CAS-1-768x578.jpg 768w, https:\/\/baskettotal.com.ar\/wp-content\/uploads\/2025\/12\/CAS-1.jpg 1037w\" alt=\"\" width=\"1024\" height=\"770\" data-lazy-type=\"image\" data-lazy-src=\"https:\/\/baskettotal.com.ar\/wp-content\/uploads\/2025\/12\/CAS-1-1024x770.jpg\" data-lazy-srcset=\"https:\/\/baskettotal.com.ar\/wp-content\/uploads\/2025\/12\/CAS-1-1024x770.jpg 1024w, https:\/\/baskettotal.com.ar\/wp-content\/uploads\/2025\/12\/CAS-1-300x226.jpg 300w, https:\/\/baskettotal.com.ar\/wp-content\/uploads\/2025\/12\/CAS-1-768x578.jpg 768w, https:\/\/baskettotal.com.ar\/wp-content\/uploads\/2025\/12\/CAS-1.jpg 1037w\" data-lazy-sizes=\"(max-width: 1024px) 100vw, 1024px\" \/><\/a><\/figure>\n<p><strong>EN LOS PLANOS NACIONALES<br \/>\n<\/strong>Con respecto a su participaci\u00f3n en La Liga Federal de Formativas U13, Sarmiento alcanz\u00f3 la cuarta fase donde compiti\u00f3 y qued\u00f3 entre los mejores 14 equipos del pa\u00eds, jugando en Entre R\u00edos y contra equipos como Uni\u00f3n de Santo Tom\u00e9, el local que era Regatas de Concepci\u00f3n del Uruguay e Independiente de San Rafael.<\/p>\n<p>\u201cNo pudimos pasar de fase pero fue una experiencia muy buena para nosotros, teniendo en cuenta que quedamos entre los 14 primeros del pa\u00eds, en un torneo donde compiten m\u00e1s de 70 equipos, por lo que muy positivo fue este torneo para nosotros; linda competencia y m\u00e1s teniendo en cuenta que es la primera vez que un equipo de Resistencia llega a una instancia de esta magnitud\u201d, celebr\u00f3 Mart\u00ednez.<\/p>\n<p><strong>EN LOS PLANOS INTERNACIONALES<br \/>\n<\/strong>Durante los primeros d\u00edas de octubre (3, 4 y 5), en la ciudad de C\u00f3rdoba se desarroll\u00f3 el \u201cMundialito de B\u00e1squet Formativo Femenino\u201d,\u00a0donde Sarmiento particip\u00f3 en a categor\u00eda U17\u00a0y quedando\u00a0en el\u00a03\u00b0\u00a0lugar de la Copa de Oro.<\/p>\n<p>\u201cM\u00e1s del resultado, la experiencia vivida fue buen\u00edsima tanto en lo humano como en lo competitivo, donde hemos enfrentado a equipos de suma importancia como ser la selecci\u00f3n de C\u00f3rdoba y a Awada de Uruguay quien contaba en sus filas jugadoras de Selecci\u00f3n nacional de su pa\u00eds por esta categor\u00eda\u201d, destac\u00f3 el entrenador Marcelo Mart\u00ednez.<\/p>\n<p><strong>LOS EQUIPOS<br \/>\n<\/strong>Por la categor\u00eda U13, el equipo de Sarmiento Resistencia estuvo conformado por: Constanza Fern\u00e1ndez, Josel\u00edn Sosa, Narena Ferreyra, Morena V\u00e1zquez, Fiama Cabral, Giovanna\u00a0Huel, Gianella\u00a0Huel,\u00a0Huma\u00a0Fern\u00e1ndez, Mora Romero, Luz Aguirre, Camila Gonz\u00e1lez, Ornella Gaona, Rania Sarich, Guadalupe Guti\u00e9rrez, Ana Aguirre, Luna Langhe, Alexia N\u00fa\u00f1ez y Sophia N\u00fa\u00f1ez. <strong>ENTRENADORES:<\/strong> Marcelo Mart\u00ednez\u00a0y Mateo Fern\u00e1ndez.<\/p>\n<p>En tanto que el U15 y U17, estuvo integrado por: Luna Fern\u00e1ndez, Shohia Olivieri, Julieta Molina, Serena Mart\u00ednez, Carla Gonz\u00e1lez, Dana Escobar, Tiziana Gonz\u00e1lez, Brenda S\u00e1nchez, F\u00e1tima Oviedo, Tania Insaurralde, Bianca Tomaszuk. Iara Deasi, Rhianna Noguera, Valeria Coronel y Kiara Velozo. <strong>ENTRENADORES:<\/strong> Marcelo Mart\u00ednez y Mateo Fern\u00e1ndez<\/p>\n<\/div>\n<p><img loading=\"lazy\" decoding=\"async\" class=\"aligncenter size-large wp-image-20149\" src=\"https:\/\/www.sportchaco.com.ar\/wp-content\/uploads\/2025\/06\/Chaco-sin-fuego-1080x1350-3-819x1024.gif\" alt=\"\" width=\"819\" height=\"1024\" srcset=\"https:\/\/www.sportchaco.com.ar\/wp-content\/uploads\/2025\/06\/Chaco-sin-fuego-1080x1350-3-819x1024.gif 819w, https:\/\/www.sportchaco.com.ar\/wp-content\/uploads\/2025\/06\/Chaco-sin-fuego-1080x1350-3-240x300.gif 240w, https:\/\/www.sportchaco.com.ar\/wp-content\/uploads\/2025\/06\/Chaco-sin-fuego-1080x1350-3-768x960.gif 768w, https:\/\/www.sportchaco.com.ar\/wp-content\/uploads\/2025\/06\/Chaco-sin-fuego-1080x1350-3-1229x1536.gif 1229w, https:\/\/www.sportchaco.com.ar\/wp-content\/uploads\/2025\/06\/Chaco-sin-fuego-1080x1350-3-1638x2048.gif 1638w\" sizes=\"auto, (max-width: 819px) 100vw, 819px\" \/><\/p>\n","protected":false},"excerpt":{"rendered":"<p>15-12-2025 &nbsp; Durante este 2025, las categor\u00edas femeninas formativas de Sarmiento Resistencia tuvieron una gran performance y despliegue a nivel provincial y nacional, no dejando dudas en la provincia, como as\u00ed tambi\u00e9n en los planos nacionales teniendo una gran participaci\u00f3n. \u201cDurante este a\u00f1o trabajamos\u00a0codo a codo con la nueva Comisi\u00f3n, la cual nos ha facilitado &hellip;<\/p>\n","protected":false},"author":3,"featured_media":30153,"comment_status":"open","ping_status":"open","sticky":false,"template":"","format":"standard","meta":{"footnotes":""},"categories":[3],"tags":[],"class_list":["post-30152","post","type-post","status-publish","format-standard","has-post-thumbnail","hentry","category-basquetbol"],"_links":{"self":[{"href":"https:\/\/www.sportchaco.com.ar\/index.php?rest_route=\/wp\/v2\/posts\/30152","targetHints":{"allow":["GET"]}}],"collection":[{"href":"https:\/\/www.sportchaco.com.ar\/index.php?rest_route=\/wp\/v2\/posts"}],"about":[{"href":"https:\/\/www.sportchaco.com.ar\/index.php?rest_route=\/wp\/v2\/types\/post"}],"author":[{"embeddable":true,"href":"https:\/\/www.sportchaco.com.ar\/index.php?rest_route=\/wp\/v2\/users\/3"}],"replies":[{"embeddable":true,"href":"https:\/\/www.sportchaco.com.ar\/index.php?rest_route=%2Fwp%2Fv2%2Fcomments&post=30152"}],"version-history":[{"count":1,"href":"https:\/\/www.sportchaco.com.ar\/index.php?rest_route=\/wp\/v2\/posts\/30152\/revisions"}],"predecessor-version":[{"id":30154,"href":"https:\/\/www.sportchaco.com.ar\/index.php?rest_route=\/wp\/v2\/posts\/30152\/revisions\/30154"}],"wp:featuredmedia":[{"embeddable":true,"href":"https:\/\/www.sportchaco.com.ar\/index.php?rest_route=\/wp\/v2\/media\/30153"}],"wp:attachment":[{"href":"https:\/\/www.sportchaco.com.ar\/index.php?rest_route=%2Fwp%2Fv2%2Fmedia&parent=30152"}],"wp:term":[{"taxonomy":"category","embeddable":true,"href":"https:\/\/www.sportchaco.com.ar\/index.php?rest_route=%2Fwp%2Fv2%2Fcategories&post=30152"},{"taxonomy":"post_tag","embeddable":true,"href":"https:\/\/www.sportchaco.com.ar\/index.php?rest_route=%2Fwp%2Fv2%2Ftags&post=30152"}],"curies":[{"name":"wp","href":"https:\/\/api.w.org\/{rel}","templated":true}]}}