{"id":30155,"date":"2025-12-15T22:14:33","date_gmt":"2025-12-16T01:14:33","guid":{"rendered":"https:\/\/www.sportchaco.com.ar\/?p=30155"},"modified":"2025-12-15T22:14:33","modified_gmt":"2025-12-16T01:14:33","slug":"newells-cambio-de-presidente-y-habra-gente-de-basquet-en-su-reestructuracion-interna","status":"publish","type":"post","link":"https:\/\/www.sportchaco.com.ar\/?p=30155","title":{"rendered":"Newell&#8217;s cambi\u00f3 de presidente y habr\u00e1 gente de b\u00e1squet en su reestructuraci\u00f3n interna"},"content":{"rendered":"<p><span class=\"date\">Informe<\/span><\/p>\n<h5><\/h5>\n<h5><span class=\"time\">\u00a0 Anoche, Ignacio Boero se convirti\u00f3 en nuevo presidente del club y la consultora que integran Julio Lamas y Pipa Guti\u00e9rrez le arm\u00f3 un proyecto para los 21 deportes fuera del f\u00fatbol del club.<\/span><\/h5>\n<div id=\"node-1000302\" class=\"node node-openpublish-article node-promoted node-sticky node-full clearfix\">\n<div class=\"content clearfix\">\n<div class=\"field field-name-field-articulo-texto-imagen field-type-text-long field-label-hidden\">\n<div class=\"field-items\">\n<div class=\"field-item even\">Julio Lamas en las afueras de Newell&#8217;s<\/div>\n<\/div>\n<\/div>\n<div class=\"field field-name-field-op-main-image field-type-image field-label-hidden\">\n<div class=\"field-items\">\n<div class=\"field-item even\">\n<div id=\"flexslider-1\" class=\"flexslider optionset-default flexslider-processed\">\n<ul class=\"slides\">\n<li class=\"flex-active-slide\"><img decoding=\"async\" title=\"\" draggable=\"false\" src=\"https:\/\/basquetplus.com\/sites\/default\/files\/main\/articles\/lamas%20newells.jpg\" alt=\"\" \/><\/li>\n<\/ul>\n<ul class=\"flex-direction-nav\">\n<li><\/li>\n<li><\/li>\n<\/ul>\n<\/div>\n<\/div>\n<\/div>\n<\/div>\n<div class=\"field field-name-body field-type-text-with-summary field-label-hidden\">\n<div class=\"field-items\">\n<div class=\"field-item even\">\n<p>Hace un tiempo hab\u00eda sonado el nombre de Julio Lamas en Newell&#8217;s para hacerse cargo del equipo de f\u00fatbol como asistente de Ariel Balbo, pero no termin\u00f3 sucediendo. Ayer, de alguna manera, el acercamiento del exentrenador de b\u00e1squetbol finalmente termin\u00f3 d\u00e1ndose a partir del triunfo de Ignacio Boero en las elecciones del club, que lo convirtieron en su nuevo presidente.<\/p>\n<p>La cosa es as\u00ed. Hace unos 7 meses, Boero, que pertenece a la agrupaci\u00f3n UNEN, se comunic\u00f3 con la consultora deportiva P1 Sports, que integran Lamas y Pipa Guti\u00e9rrez, otro ex selecci\u00f3n argentina. Les pidieron armar un diagn\u00f3stico y un plan para los deportes de Newell&#8217;s, a excepci\u00f3n del f\u00fatbol.<\/p>\n<p>La consultora hizo el diagn\u00f3stico, habl\u00f3 con integrantes de los 21 deportes fuera del f\u00fatbol profesional (aunque incluye dos deportes rentados, como el futsal y el b\u00e1squet), arm\u00f3 un proyecto y se lo present\u00f3 a Boero antes de las elecciones para que lo analizara. Con esos datos, Boero fue armando los objetivos para esos deportes y as\u00ed qued\u00f3 armado.<\/p>\n<p>A partir de la victoria en las elecciones, el proyecto ahora es del club y, durante los pr\u00f3ximos 6 meses, la tarea de Lamas y Pipa, con P1 Sports, ser\u00e1 la implementaci\u00f3n del mismo. Luego saldr\u00e1n. Es decir, ninguno tendr\u00e1 un cargo formal, como se especul\u00f3 en ciertos medios.<\/p>\n<\/div>\n<p><strong><em>Unen en \u00d1ewell\u00b4s<\/em><\/strong><\/p>\n<p><em>La agrupaci\u00f3n UNEN se impuso con el 54% de los votos en los comicios de mayor convocatoria en la historia del club. Esta ma\u00f1ana se oficializ\u00f3 el traspaso de mando y la nueva Comisi\u00f3n Directiva ya se encuentra en funciones.<\/em><\/p>\n<p>El Club Atl\u00e9tico Newell\u2019s Old Boys inicia hoy un nuevo ciclo institucional. Tras una jornada democr\u00e1tica ejemplar vivida este domingo en el Parque Independencia,\u00a0<strong>Ignacio Boero<\/strong>\u00a0se ha convertido oficialmente en el nuevo presidente de la instituci\u00f3n.<\/p>\n<p>La agrupaci\u00f3n\u00a0<strong>UNEN<\/strong>\u00a0se consagr\u00f3 ganadora de los comicios con el\u00a0<strong>50,3% de los sufragios<\/strong>, en lo que fue una elecci\u00f3n r\u00e9cord para la vida pol\u00edtica del club. Un total de\u00a0<strong>10.847 socios y socias<\/strong>\u00a0se acercaron a las urnas, marcando la mayor participaci\u00f3n hist\u00f3rica y demostrando el inmenso compromiso de la masa societaria con el futuro de Newell\u2019s.<\/p>\n<p>Con el respaldo de\u00a0<strong>5.459 votos<\/strong>, Ignacio Boero asume no solo la responsabilidad de conducir los destinos del club por los pr\u00f3ximos cuatro a\u00f1os, sino que se convierte tambi\u00e9n en el presidente m\u00e1s votado en la historia de la instituci\u00f3n.<\/p>\n<p>En la ma\u00f1ana de este lunes, se llev\u00f3 a cabo el acto formal de traspaso de mando. La actividad comenz\u00f3 en el Palco Presidencial, donde se procedi\u00f3 a la firma de las actas correspondientes para formalizar el inicio de la nueva gesti\u00f3n. Posteriormente, las nuevas autoridades bajaron al campo de juego del Coloso Marcelo Bielsa para realizar las fotos protocolares.<\/p>\n<p>La jornada matutina culmin\u00f3 con una conferencia de prensa en la sala local, encabezada por el presidente junto a\u00a0<strong>Juan Manuel Medina<\/strong>\u00a0(Vicepresidente 1\u00ba) y\u00a0<strong>Hern\u00e1n Botta<\/strong>\u00a0(Vicepresidente 2\u00ba).<\/p>\n<p><strong>\u00abEstoy muy contento y muy orgulloso de ser el presidente del club m\u00e1s grande del interior\u00bb<\/strong>, expres\u00f3 Boero en sus primeras palabras como m\u00e1ximo mandatario rojinegro. Consciente de los desaf\u00edos que se avecinan, agreg\u00f3:\u00a0<strong>\u00abEsto necesita mucho esfuerzo, mucha dedicaci\u00f3n. Hay que dar el ejemplo para que la gente acompa\u00f1e y sacar al club adelante\u00bb<\/strong>.<\/p>\n<p><img decoding=\"async\" src=\"https:\/\/media.lacapital.com.ar\/p\/423d8717439e201db5571bece431f760\/adjuntos\/203\/imagenes\/102\/872\/0102872319\/642x0\/smart\/image-68.jpg\" alt=\"Todos los integrantes de la nueva comisi\u00f3n directiva de Newell\u2019s\" \/>A A continuaci\u00f3n, detallamos la conformaci\u00f3n de la nueva Comisi\u00f3n Directiva\u00a0 que conducir\u00e1 al club durante los pr\u00f3ximos 4 a\u00f1os:<\/p>\n<p>&nbsp;<\/p>\n<p><strong>COMISI\u00d3N DIRECTIVA<\/strong><\/p>\n<ul class=\"wp-block-list\">\n<li><strong><span dir=\"auto\" style=\"vertical-align: inherit;\"><span dir=\"auto\" style=\"vertical-align: inherit;\">Presidente:<\/span><\/span><\/strong><span dir=\"auto\" style=\"vertical-align: inherit;\"><span dir=\"auto\" style=\"vertical-align: inherit;\"> \u00a0Ignacio BOERO<\/span><\/span><\/li>\n<li><strong>Vicepresidente 1\u00ba:<\/strong>\u00a0Juan Manuel MEDINA<\/li>\n<li><strong>Vicepresidente 2\u00ba:<\/strong>\u00a0Hern\u00e1n BOTTA<\/li>\n<li><strong>Secretario:<\/strong>\u00a0Juan Ignacio COSTA<\/li>\n<li><strong>Prosecretario:<\/strong>\u00a0Rom\u00e1n GUAJARDO<\/li>\n<li><strong><span dir=\"auto\" style=\"vertical-align: inherit;\"><span dir=\"auto\" style=\"vertical-align: inherit;\">Secretario de Actas:<\/span><\/span><\/strong><span dir=\"auto\" style=\"vertical-align: inherit;\"><span dir=\"auto\" style=\"vertical-align: inherit;\"> \u00a0Javier REBORI<\/span><\/span><\/li>\n<li><strong>Tesorero:<\/strong>\u00a0Camilo CRISTI\u00c1<\/li>\n<li><strong><span dir=\"auto\" style=\"vertical-align: inherit;\"><span dir=\"auto\" style=\"vertical-align: inherit;\">Prot\u00e9sico:<\/span><\/span><\/strong><span dir=\"auto\" style=\"vertical-align: inherit;\"><span dir=\"auto\" style=\"vertical-align: inherit;\"> \u00a0Leonel LARRAURI<\/span><\/span><\/li>\n<\/ul>\n<p><strong>Vocales Titulares:<\/strong><\/p>\n<ul class=\"wp-block-list\">\n<li>Carlos ALTIERI<\/li>\n<li><span dir=\"auto\" style=\"vertical-align: inherit;\"><span dir=\"auto\" style=\"vertical-align: inherit;\">Valeria MARZO<\/span><\/span><\/li>\n<li>Agust\u00edn BACLINI<\/li>\n<li>Pablo CERRA<\/li>\n<\/ul>\n<p><strong>Vocales Suplentes:<\/strong><\/p>\n<ul class=\"wp-block-list\">\n<li>Dami\u00e1n RUGGIERO<\/li>\n<li><span dir=\"auto\" style=\"vertical-align: inherit;\"><span dir=\"auto\" style=\"vertical-align: inherit;\">Rub\u00e9n FAILLA<\/span><\/span><\/li>\n<li>Maximiliano BARRIONUEVO<\/li>\n<li>Santiago DAULON<\/li>\n<\/ul>\n<\/div>\n<\/div>\n<\/div>\n<\/div>\n","protected":false},"excerpt":{"rendered":"<p>Informe \u00a0 Anoche, Ignacio Boero se convirti\u00f3 en nuevo presidente del club y la consultora que integran Julio Lamas y Pipa Guti\u00e9rrez le arm\u00f3 un proyecto para los 21 deportes fuera del f\u00fatbol del club. Julio Lamas en las afueras de Newell&#8217;s Hace un tiempo hab\u00eda sonado el nombre de Julio Lamas en Newell&#8217;s para &hellip;<\/p>\n","protected":false},"author":2,"featured_media":30156,"comment_status":"open","ping_status":"open","sticky":false,"template":"","format":"standard","meta":{"footnotes":""},"categories":[3,44],"tags":[],"class_list":["post-30155","post","type-post","status-publish","format-standard","has-post-thumbnail","hentry","category-basquetbol","category-varios"],"_links":{"self":[{"href":"https:\/\/www.sportchaco.com.ar\/index.php?rest_route=\/wp\/v2\/posts\/30155","targetHints":{"allow":["GET"]}}],"collection":[{"href":"https:\/\/www.sportchaco.com.ar\/index.php?rest_route=\/wp\/v2\/posts"}],"about":[{"href":"https:\/\/www.sportchaco.com.ar\/index.php?rest_route=\/wp\/v2\/types\/post"}],"author":[{"embeddable":true,"href":"https:\/\/www.sportchaco.com.ar\/index.php?rest_route=\/wp\/v2\/users\/2"}],"replies":[{"embeddable":true,"href":"https:\/\/www.sportchaco.com.ar\/index.php?rest_route=%2Fwp%2Fv2%2Fcomments&post=30155"}],"version-history":[{"count":1,"href":"https:\/\/www.sportchaco.com.ar\/index.php?rest_route=\/wp\/v2\/posts\/30155\/revisions"}],"predecessor-version":[{"id":30157,"href":"https:\/\/www.sportchaco.com.ar\/index.php?rest_route=\/wp\/v2\/posts\/30155\/revisions\/30157"}],"wp:featuredmedia":[{"embeddable":true,"href":"https:\/\/www.sportchaco.com.ar\/index.php?rest_route=\/wp\/v2\/media\/30156"}],"wp:attachment":[{"href":"https:\/\/www.sportchaco.com.ar\/index.php?rest_route=%2Fwp%2Fv2%2Fmedia&parent=30155"}],"wp:term":[{"taxonomy":"category","embeddable":true,"href":"https:\/\/www.sportchaco.com.ar\/index.php?rest_route=%2Fwp%2Fv2%2Fcategories&post=30155"},{"taxonomy":"post_tag","embeddable":true,"href":"https:\/\/www.sportchaco.com.ar\/index.php?rest_route=%2Fwp%2Fv2%2Ftags&post=30155"}],"curies":[{"name":"wp","href":"https:\/\/api.w.org\/{rel}","templated":true}]}}