{"id":30184,"date":"2025-12-17T09:35:55","date_gmt":"2025-12-17T12:35:55","guid":{"rendered":"https:\/\/www.sportchaco.com.ar\/?p=30184"},"modified":"2025-12-17T10:51:12","modified_gmt":"2025-12-17T13:51:12","slug":"juan-manuel-silva-el-mas-ganador-el-chaqueno-que-llevo-al-chaco-a-la-cima-del-automovilismo","status":"publish","type":"post","link":"https:\/\/www.sportchaco.com.ar\/?p=30184","title":{"rendered":"Juan Manuel Silva, el m\u00e1s ganador: el chaque\u00f1o que llev\u00f3 al Chaco a la cima del automovilismo"},"content":{"rendered":"<ol>\n<li data-start=\"313\" data-end=\"409\"><\/li>\n<\/ol>\n<h5 data-start=\"411\" data-end=\"729\">En la historia del <strong data-start=\"430\" data-end=\"477\">C\u00edrculo de Periodistas Deportivos del Chaco<\/strong>, hay un nombre que se repite m\u00e1s veces que ning\u00fan otro. Un apellido que se volvi\u00f3 sin\u00f3nimo de t\u00edtulos, car\u00e1cter y trascendencia nacional. <strong data-start=\"616\" data-end=\"644\">Juan Manuel \u201cPato\u201d Silva<\/strong> es, hasta hoy, <strong data-start=\"660\" data-end=\"697\">el Deportista del A\u00f1o m\u00e1s ganador<\/strong> que haya consagrado la entidad.<\/h5>\n<p>&nbsp;<\/p>\n<p><img loading=\"lazy\" decoding=\"async\" class=\"alignnone wp-image-30199\" src=\"https:\/\/www.sportchaco.com.ar\/wp-content\/uploads\/2025\/12\/Luis-carita-2-1-300x214.jpg\" alt=\"\" width=\"65\" height=\"46\" srcset=\"https:\/\/www.sportchaco.com.ar\/wp-content\/uploads\/2025\/12\/Luis-carita-2-1-300x214.jpg 300w, https:\/\/www.sportchaco.com.ar\/wp-content\/uploads\/2025\/12\/Luis-carita-2-1.jpg 600w\" sizes=\"auto, (max-width: 65px) 100vw, 65px\" \/><strong> Por Luis Dar\u00edo Molodezky<\/strong><\/p>\n<p>&nbsp;<\/p>\n<p data-start=\"731\" data-end=\"1164\">Su primera coronaci\u00f3n lleg\u00f3 en <strong data-start=\"762\" data-end=\"770\">1993<\/strong>, cuando apenas comenzaba a escribir una carrera que ya insinuaba grandeza. Volver\u00eda a ser distinguido en <strong data-start=\"876\" data-end=\"891\">1998 y 1999<\/strong>, y alcanzar\u00eda su <strong data-start=\"909\" data-end=\"940\">cuarta consagraci\u00f3n en 2005<\/strong>, a\u00f1o en el que entr\u00f3 definitivamente en la historia grande del deporte argentino. Cada premio coincidi\u00f3 con t\u00edtulos logrados al m\u00e1ximo nivel nacional, marcando un camino que excedi\u00f3 largamente las fronteras de la provincia.<\/p>\n<p data-start=\"731\" data-end=\"1164\"><img loading=\"lazy\" decoding=\"async\" class=\"aligncenter\" src=\"https:\/\/scontent.fcnq2-1.fna.fbcdn.net\/v\/t39.30808-6\/598103810_3771521736490852_3471495844172423325_n.jpg?_nc_cat=107&amp;ccb=1-7&amp;_nc_sid=127cfc&amp;_nc_ohc=JgR6cAySODoQ7kNvwFtwPuC&amp;_nc_oc=AdmIj1EYpjOfvuCkx7hkuPXbQOFIP0FulZopd7cMWafjuZx26llZSSlK3b2f4pdzGqQ&amp;_nc_zt=23&amp;_nc_ht=scontent.fcnq2-1.fna&amp;_nc_gid=ZvG87RUNlNYyclT6zbSdxw&amp;oh=00_AfkNb7oYcHzXRc1vYJF21kBJDfr3IA5ecTp_Q4Jc8JtfKA&amp;oe=694750BA\" alt=\"Puede ser una imagen de texto que dice &quot;ULT elf elFRIVAU RI NAUS elf elFRENAULT RENAULTSY \u521d\u77e5\u514b If RENA e AUI R ULT ULT ell 00 elEEAUT CAMN CAMA AULT F ENAU e e If R&quot;\" width=\"303\" height=\"274\" \/><\/p>\n<p data-start=\"731\" data-end=\"1164\"><em><strong>Pato Silva en el podio escoltado por S\u00e1nchez y Ortelli en la FRA<\/strong><\/em><\/p>\n<p data-start=\"1166\" data-end=\"1579\">Nacido en <strong data-start=\"1176\" data-end=\"1216\">Resistencia el 12 de octubre de 1972<\/strong>, Silva no solo fue orgullo chaque\u00f1o: se convirti\u00f3 en uno de los pilotos m\u00e1s respetados y completos del automovilismo argentino. Campe\u00f3n de la <strong data-start=\"1359\" data-end=\"1388\">F\u00f3rmula Renault Argentina<\/strong>, del <strong data-start=\"1394\" data-end=\"1405\">TC 2000<\/strong> y del <strong data-start=\"1412\" data-end=\"1433\">Turismo Carretera<\/strong>, logr\u00f3 algo reservado para muy pocos: conquistar las categor\u00edas m\u00e1s exigentes del pa\u00eds y sostenerse como protagonista durante m\u00e1s de dos d\u00e9cadas.<\/p>\n<p data-start=\"1166\" data-end=\"1579\"><img loading=\"lazy\" decoding=\"async\" class=\"\" src=\"https:\/\/scontent.fcnq2-2.fna.fbcdn.net\/v\/t39.30808-6\/598147185_3771521869824172_4927004302791680428_n.jpg?_nc_cat=108&amp;ccb=1-7&amp;_nc_sid=127cfc&amp;_nc_ohc=czRbZ5huw_wQ7kNvwFo1GxM&amp;_nc_oc=AdkjGOy3OtCAh3Ia-i6CzEt40tqQBK3hvS5L2s-RhVYAfFfSIJVZtjKgAP7qlTXBn0c&amp;_nc_zt=23&amp;_nc_ht=scontent.fcnq2-2.fna&amp;_nc_gid=xRNc7C8dCD94Pu4hPiZZQw&amp;oh=00_Afl8UCz0gUXIn3wwVjrcdwt5NQ-Wr30Tezyq_Iw_S2gSYQ&amp;oe=6947628C\" alt=\"Puede ser una imagen de una o varias personas\" width=\"225\" height=\"150\" \/><img loading=\"lazy\" decoding=\"async\" class=\"\" src=\"https:\/\/scontent.fcnq2-1.fna.fbcdn.net\/v\/t39.30808-6\/600438005_3771521886490837_6144325768911020991_n.jpg?_nc_cat=107&amp;ccb=1-7&amp;_nc_sid=127cfc&amp;_nc_ohc=eUT_Pgej5dgQ7kNvwGoHJpv&amp;_nc_oc=AdkgIF_ylrNzUeZIBtFJUFS9_ZStt-gKVQl4s1KuwbquOI0O4seWvXoGTJv1f2w5gjU&amp;_nc_zt=23&amp;_nc_ht=scontent.fcnq2-1.fna&amp;_nc_gid=G5jjEWMEEu2JDgnvbb00nw&amp;oh=00_Afl6yBrJFBBisUOJLPpuMLm5I37IODQt7v_PQ-GcG1dEcg&amp;oe=694735E0\" alt=\"Puede ser una imagen de una o varias personas y texto\" width=\"202\" height=\"152\" \/><\/p>\n<p data-start=\"1166\" data-end=\"1579\"><em><strong>Pato Silva luego de la coronaci\u00f3n en Sarmiento. En la primera foto con el recordado Pablo Sansone y Luis Molodezky, y en la segunda con Lacava Schell, Molodezky y Carlos Bernasconi<\/strong><\/em><\/p>\n<h3 data-start=\"1581\" data-end=\"1609\">El origen y la identidad<\/h3>\n<p data-start=\"1611\" data-end=\"1949\">Hijo de un hist\u00f3rico preparador de autos, Manuel Antonio Silva, el \u201cPato\u201d creci\u00f3 entre motores, fierros y madrugadas de taller. Desde el karting, donde fue bicampe\u00f3n, hasta los monoplazas y los autos de turismo, construy\u00f3 una carrera marcada por el talento, la perseverancia y una personalidad fuerte, temperamental, pero siempre frontal.<\/p>\n<p data-start=\"1951\" data-end=\"2335\">Su consagraci\u00f3n en <strong data-start=\"1970\" data-end=\"1997\">1993 en F\u00f3rmula Renault<\/strong> fue el primer gran salto. Luego llegar\u00eda el <strong data-start=\"2042\" data-end=\"2053\">TC 2000<\/strong>, donde alcanz\u00f3 la gloria m\u00e1xima en <strong data-start=\"2089\" data-end=\"2097\">1999<\/strong>, enfrentando y venciendo a figuras consagradas. Pero el hito mayor llegar\u00eda en <strong data-start=\"2177\" data-end=\"2185\">2005<\/strong>, cuando al volante de un <strong data-start=\"2211\" data-end=\"2226\">Ford Falcon<\/strong> se coron\u00f3 <strong data-start=\"2237\" data-end=\"2270\">campe\u00f3n del Turismo Carretera<\/strong>, la categor\u00eda m\u00e1s popular y exigente del automovilismo nacional.<\/p>\n<p data-start=\"2337\" data-end=\"2511\">Ese t\u00edtulo no solo lo consagr\u00f3 como piloto: lo transform\u00f3 en s\u00edmbolo. Porque Silva fue campe\u00f3n sin renunciar a su identidad, representando al Chaco en cada circuito del pa\u00eds.<\/p>\n<p data-start=\"2337\" data-end=\"2511\"><img decoding=\"async\" src=\"https:\/\/scontent.fcnq2-1.fna.fbcdn.net\/v\/t39.30808-6\/597400691_3771521676490858_1828564954983730568_n.jpg?_nc_cat=101&amp;ccb=1-7&amp;_nc_sid=127cfc&amp;_nc_ohc=aoROYH7VMagQ7kNvwHJ-Pig&amp;_nc_oc=AdkjsOjpvnmIFVmcJHMISVEr4ua_ZVt8H4CHFxfTT_lXils9Y9Em2OXmZ-xmkbJvdE8&amp;_nc_zt=23&amp;_nc_ht=scontent.fcnq2-1.fna&amp;_nc_gid=CtbiXmvsC6LQThOhO54lcg&amp;oh=00_Afmooybr1CUav_8f5Oxi4hLerqdaZSgcixOiXVPYKsDI1A&amp;oe=69475535\" alt=\"Puede ser una imagen de una o varias personas y personas sonriendo\" \/><\/p>\n<p data-start=\"2337\" data-end=\"2511\"><em><strong>Pato Silva en familia hace algunos a\u00f1os<\/strong><\/em><\/p>\n<h3 data-start=\"2513\" data-end=\"2540\">M\u00e1s all\u00e1 de los t\u00edtulos<\/h3>\n<p data-start=\"2542\" data-end=\"2873\">La trayectoria de Juan Manuel Silva no se explica solo con estad\u00edsticas. Fue subcampe\u00f3n del TC, del Top Race, protagonista en el exterior, piloto del campeonato japon\u00e9s de turismos, competidor del <strong data-start=\"2739\" data-end=\"2754\">Rally Dakar<\/strong>, campe\u00f3n argentino de <strong data-start=\"2777\" data-end=\"2800\">Rally Cross Country<\/strong>, y participante de pruebas m\u00edticas como las <strong data-start=\"2845\" data-end=\"2872\">24 Horas de N\u00fcrburgring<\/strong>.<\/p>\n<p data-start=\"2875\" data-end=\"3126\">Pero tambi\u00e9n fue referente humano: querido por la gente, cercano, respetuoso, con una conexi\u00f3n especial con el p\u00fablico. Su temperamento en pista convivi\u00f3 siempre con una enorme capacidad para leer carreras, cuidar el auto y atacar en el momento justo.<\/p>\n<p data-start=\"2875\" data-end=\"3126\"><img loading=\"lazy\" decoding=\"async\" class=\"\" src=\"https:\/\/scontent.fcnq2-1.fna.fbcdn.net\/v\/t39.30808-6\/597396347_3771521689824190_2965019365647666121_n.jpg?_nc_cat=107&amp;ccb=1-7&amp;_nc_sid=127cfc&amp;_nc_ohc=-ig4nqeMrCYQ7kNvwEH4R6E&amp;_nc_oc=AdlTInzqOMR_VTQuERVoicNDy7bKpTm06hmeS9s1MO1U92r3Z6tHO6peZJbEpwu5bAc&amp;_nc_zt=23&amp;_nc_ht=scontent.fcnq2-1.fna&amp;_nc_gid=0BZXOEPs9zTMqmJYOC-mdA&amp;oh=00_AfkaHWD7RqdMIUepY_UqnkPDpAJBjhcMC1NRMUe0g95p4Q&amp;oe=694738FD\" alt=\"Puede ser una imagen de \u200etexto que dice &quot;\u200eDE ECOLECCION Las Grandes Fotos Hungria Formula M\u00e1s sobre TUERO \/4 CORSA EXCLUSIVO Escriben Villeneuve y Frentzen \u0627\u0644\u0630 CR C CAAO I CLIPSAL ERCA ACCESORIOS ELECTRICOS Tund JISA Jund JISA La asombrosa imupci\u00f3n del &quot;Pato&quot; Silva en el regreso con todo del EL GRAN TC DEBUT AUTOS DE SERIE: NOVEDADES ANTICIPOS EXCLUSIVOS 91672\u200e&quot;\u200e\" width=\"237\" height=\"326\" \/> \u00a0<img loading=\"lazy\" decoding=\"async\" class=\"\" src=\"https:\/\/scontent.fcnq2-2.fna.fbcdn.net\/v\/t39.30808-6\/598050283_3771521776490848_8940292929375176134_n.jpg?_nc_cat=110&amp;ccb=1-7&amp;_nc_sid=127cfc&amp;_nc_ohc=24elMweeaOQQ7kNvwHNKQWM&amp;_nc_oc=AdnQXkEElhX3xWE2HdrD7WHD9pNREV5-k-0deKQq8HHDX6fLuSxR_098Ii-SHilHIoY&amp;_nc_zt=23&amp;_nc_ht=scontent.fcnq2-2.fna&amp;_nc_gid=EEdcJDlGqASOMCtZyiGEdw&amp;oh=00_Afk83tpGYBNC1ZVvWIvT8sZo_r59l-V9g559iNymWuVyog&amp;oe=69475685\" alt=\"Puede ser una imagen de texto que dice &quot;galamos! Una entrada para el TC2000 en Buenos Aires. rteamos! 20 entradas para el en La Plata \u0e19\u0e01 curso de Canapino. \u5982\uff1a\u5e74\u65b0\u7528\u53f8 Angestina 2,50 pigun COEQUIPIER Con historia estadisticas toda EDICION ESPECIAL DE COLECCION Mesentencias CIELARA 27 Modolfo Cristelos ipmotabo SARARHA \u0438HaHa4\u0438\u0438 ERCA PLEMENTOS \u0e25\u0e34\u0e1a\u0e1a\u0e25 gyt.com com ssamet GUARDATTI-TORTI \u00a1TC A 1000! El Turismo Carretera cumpli\u00f3 mil carreras en Parana en una fiesta inolvidable, donde el Pato Silva, con Ford, se \u03a0\u03b5\u03bd el premio mayor. R. VICTORIAS DE LOPEZ ALVAREZ EN EUROPA RALLY MUNDIAL NACIONAL MOTOCICLISMO MUNDIAL T4000 TI KARTING CLASIFICADOS EL HUMOR OLMO. 171604135408 72 000ea&quot;\" width=\"239\" height=\"319\" \/><\/p>\n<p data-start=\"2875\" data-end=\"3126\"><em><strong>Dos tapas hist\u00f3ricas de Corsa y Coequiper.<\/strong><\/em><\/p>\n<h3 data-start=\"3128\" data-end=\"3141\">El legado<\/h3>\n<p data-start=\"3143\" data-end=\"3406\">Las cuatro coronaciones como <strong data-start=\"3172\" data-end=\"3204\">Deportista del A\u00f1o del Chaco<\/strong> no fueron casualidad. Representaron distintos momentos de una carrera excepcional, pero tambi\u00e9n el reconocimiento a un deportista que llev\u00f3 el nombre de la provincia a lo m\u00e1s alto del deporte nacional.<\/p>\n<p data-start=\"3408\" data-end=\"3642\">Juan Manuel Silva no solo gan\u00f3 campeonatos. <strong data-start=\"3452\" data-end=\"3469\">Hizo historia<\/strong>. Y cada vez que el C\u00edrculo de Periodistas Deportivos del Chaco repasa su galer\u00eda de consagrados, su nombre aparece como referencia inevitable, como par\u00e1metro de excelencia.<\/p>\n<p data-start=\"3644\" data-end=\"3785\">El \u201cPato\u201d Silva es, sin discusi\u00f3n, <strong data-start=\"3679\" data-end=\"3697\">el m\u00e1s ganador<\/strong>, pero sobre todo, uno de los m\u00e1s grandes embajadores deportivos que haya dado el Chaco.<\/p>\n<p data-start=\"3644\" data-end=\"3785\"><img decoding=\"async\" src=\"https:\/\/scontent.fcnq2-2.fna.fbcdn.net\/v\/t39.30808-6\/600381478_3771521759824183_2965961451250196418_n.jpg?_nc_cat=103&amp;ccb=1-7&amp;_nc_sid=127cfc&amp;_nc_ohc=BQ0qP-8zAGoQ7kNvwH_NA7i&amp;_nc_oc=AdlLddC6gRJVL_wNJNI-37QdWVj_XX343N_mXeT0ykm8ZvP3N96C4zhMa5OnBsBrBhg&amp;_nc_zt=23&amp;_nc_ht=scontent.fcnq2-2.fna&amp;_nc_gid=XLlIF903spn6GWQgQSAnsQ&amp;oh=00_AfkyVlyTxAAcPcc25nH8wu2EdZQQ8rqnuLQuyha8TcdyMA&amp;oe=69473D30\" alt=\"Puede ser una imagen de texto que dice &quot;EsYe UCCH \u30ca\u30eb SIL LIDERAR 2 PUEIRA LIDERAS AR&quot;\" \/><\/p>\n<p data-start=\"3644\" data-end=\"3785\"><em><strong>La coronaci\u00f3n en el Sur de la Rep\u00fablica en el Turismo Carretera<\/strong><\/em><\/p>\n<p data-start=\"3644\" data-end=\"3785\"><img decoding=\"async\" src=\"https:\/\/scontent.fcnq2-1.fna.fbcdn.net\/v\/t39.30808-6\/600344477_3771521686490857_1867360887047225196_n.jpg?_nc_cat=105&amp;ccb=1-7&amp;_nc_sid=127cfc&amp;_nc_ohc=Ee11LeVKc1oQ7kNvwE_tDLY&amp;_nc_oc=AdnwFsPogUY4qOpn_585PfLZ3hmVjxEKhIwPQAL_z4gzz4N-W1RFGqjBDUYDZi8Gm-E&amp;_nc_zt=23&amp;_nc_ht=scontent.fcnq2-1.fna&amp;_nc_gid=0ICcgAlhMdGgSGOYiV-WYA&amp;oh=00_AflqCnlqOkD0W2xbh7xXaTHx6n35_E4W9JtaB9uNFAI7Vg&amp;oe=694740F6\" alt=\"Puede ser una imagen de veh\u00edculo todoterreno y texto\" \/><\/p>\n<p data-start=\"3644\" data-end=\"3785\"><em><strong>As\u00ed cerr\u00f3 su historia el Pato Silva, hoy radicado en Miami, corriendo el Dakar en varias ocasiones.<\/strong><\/em><\/p>\n<p data-start=\"3644\" data-end=\"3785\"><img loading=\"lazy\" decoding=\"async\" class=\"alignnone wp-image-30199\" src=\"https:\/\/www.sportchaco.com.ar\/wp-content\/uploads\/2025\/12\/Luis-carita-2-1-300x214.jpg\" alt=\"\" width=\"65\" height=\"46\" srcset=\"https:\/\/www.sportchaco.com.ar\/wp-content\/uploads\/2025\/12\/Luis-carita-2-1-300x214.jpg 300w, https:\/\/www.sportchaco.com.ar\/wp-content\/uploads\/2025\/12\/Luis-carita-2-1.jpg 600w\" sizes=\"auto, (max-width: 65px) 100vw, 65px\" \/><strong> Por Luis Dar\u00edo Molodezky<\/strong><\/p>\n","protected":false},"excerpt":{"rendered":"<p>En la historia del C\u00edrculo de Periodistas Deportivos del Chaco, hay un nombre que se repite m\u00e1s veces que ning\u00fan otro. Un apellido que se volvi\u00f3 sin\u00f3nimo de t\u00edtulos, car\u00e1cter y trascendencia nacional. Juan Manuel \u201cPato\u201d Silva es, hasta hoy, el Deportista del A\u00f1o m\u00e1s ganador que haya consagrado la entidad. &nbsp; Por Luis Dar\u00edo &hellip;<\/p>\n","protected":false},"author":2,"featured_media":30197,"comment_status":"open","ping_status":"open","sticky":false,"template":"","format":"standard","meta":{"footnotes":""},"categories":[2,78],"tags":[],"class_list":["post-30184","post","type-post","status-publish","format-standard","has-post-thumbnail","hentry","category-automovilismo","category-historias"],"_links":{"self":[{"href":"https:\/\/www.sportchaco.com.ar\/index.php?rest_route=\/wp\/v2\/posts\/30184","targetHints":{"allow":["GET"]}}],"collection":[{"href":"https:\/\/www.sportchaco.com.ar\/index.php?rest_route=\/wp\/v2\/posts"}],"about":[{"href":"https:\/\/www.sportchaco.com.ar\/index.php?rest_route=\/wp\/v2\/types\/post"}],"author":[{"embeddable":true,"href":"https:\/\/www.sportchaco.com.ar\/index.php?rest_route=\/wp\/v2\/users\/2"}],"replies":[{"embeddable":true,"href":"https:\/\/www.sportchaco.com.ar\/index.php?rest_route=%2Fwp%2Fv2%2Fcomments&post=30184"}],"version-history":[{"count":4,"href":"https:\/\/www.sportchaco.com.ar\/index.php?rest_route=\/wp\/v2\/posts\/30184\/revisions"}],"predecessor-version":[{"id":30225,"href":"https:\/\/www.sportchaco.com.ar\/index.php?rest_route=\/wp\/v2\/posts\/30184\/revisions\/30225"}],"wp:featuredmedia":[{"embeddable":true,"href":"https:\/\/www.sportchaco.com.ar\/index.php?rest_route=\/wp\/v2\/media\/30197"}],"wp:attachment":[{"href":"https:\/\/www.sportchaco.com.ar\/index.php?rest_route=%2Fwp%2Fv2%2Fmedia&parent=30184"}],"wp:term":[{"taxonomy":"category","embeddable":true,"href":"https:\/\/www.sportchaco.com.ar\/index.php?rest_route=%2Fwp%2Fv2%2Fcategories&post=30184"},{"taxonomy":"post_tag","embeddable":true,"href":"https:\/\/www.sportchaco.com.ar\/index.php?rest_route=%2Fwp%2Fv2%2Ftags&post=30184"}],"curies":[{"name":"wp","href":"https:\/\/api.w.org\/{rel}","templated":true}]}}