{"id":3019,"date":"2023-11-20T00:01:39","date_gmt":"2023-11-20T03:01:39","guid":{"rendered":"https:\/\/www.sportchaco.com.ar\/?p=3019"},"modified":"2023-11-20T07:42:46","modified_gmt":"2023-11-20T10:42:46","slug":"efemerides-del-20-de-noviembre","status":"publish","type":"post","link":"https:\/\/www.sportchaco.com.ar\/?p=3019","title":{"rendered":"Efem\u00e9rides del 20 de noviembre"},"content":{"rendered":"<div class=\"container fullwidth-entry-title-wrapper\">\n<div class=\"container-wrapper fullwidth-entry-title\">\n<header class=\"entry-header-outer\">\n<div class=\"entry-header\">\n<h1 class=\"post-title entry-title\">Efem\u00e9rides del 17 de noviembre<\/h1>\n<h2 class=\"entry-sub-title\">Del periodista Luis Dar\u00edo Molodezky<\/h2>\n<div class=\"single-post-meta post-meta clearfix\"><\/div>\n<\/div>\n<\/header>\n<\/div>\n<\/div>\n<div id=\"content\" class=\"site-content container\">\n<div id=\"main-content-row\" class=\"tie-row main-content-row\">\n<div class=\"main-content tie-col-md-8 tie-col-xs-12\" role=\"main\">\n<article id=\"the-post\" class=\"container-wrapper post-content tie-standard\">\n<div class=\"featured-area\">\n<div class=\"featured-area-inner\"><\/div>\n<\/div>\n<div class=\"entry-content entry clearfix\">\n<p><strong>Esta es la Efem\u00e9rides del Deporte en el Chaco de un 20 de noviembre del periodista Luis Dar\u00edo Molodezky<\/strong><\/p>\n<p><strong>\u00a0<\/strong><\/p>\n<p><strong><img loading=\"lazy\" decoding=\"async\" class=\"alignnone size-medium wp-image-2924\" src=\"https:\/\/www.sportchaco.com.ar\/wp-content\/uploads\/2023\/11\/Luis-D-SP-199x300.jpg\" sizes=\"auto, (max-width: 199px) 100vw, 199px\" srcset=\"https:\/\/www.sportchaco.com.ar\/wp-content\/uploads\/2023\/11\/Luis-D-SP-199x300.jpg 199w, https:\/\/www.sportchaco.com.ar\/wp-content\/uploads\/2023\/11\/Luis-D-SP.jpg 249w\" alt=\"\" width=\"199\" height=\"300\" \/><\/strong><\/p>\n<p><strong>\u00a0<\/strong><\/p>\n<div class=\"container fullwidth-entry-title-wrapper\">\n<div class=\"container-wrapper fullwidth-entry-title\">\n<header class=\"entry-header-outer\">\n<div class=\"entry-header\">\n<div class=\"single-post-meta post-meta clearfix\"><\/div>\n<\/div>\n<\/header>\n<\/div>\n<\/div>\n<div id=\"content\" class=\"site-content container\">\n<div id=\"main-content-row\" class=\"tie-row main-content-row\">\n<div class=\"main-content tie-col-md-8 tie-col-xs-12\" role=\"main\">\n<article id=\"the-post\" class=\"container-wrapper post-content tie-standard\">\n<div class=\"entry-content entry clearfix\">\n<p><strong>1928 <\/strong>\/ Nace en La Rioja Benjam\u00edn <em>Tango <\/em>Margoza. Jugador de b\u00e1squetbol de Villa San Mart\u00edn, exquisito manejo de la pelota, deslumbr\u00f3 luciendo la tricolor y del Seleccionado de Chaco. Falleci\u00f3 en la tragedia a\u00e9rea del 26 de enero de 1963 en Vera, Santa Fe.<\/p>\n<p>&nbsp;<\/p>\n<p><strong>1979 <\/strong>\/ General Pinedo inaugur\u00f3 el estadio de f\u00fatbol de Uni\u00f3n. Fue levantado por Juan Alberto Garc\u00eda Construcciones. Con capacidad para 5.500 personas, cancha de b\u00e1squet, 500 butacas de cemento, 500 de pl\u00e1stico y tribunas desarmables para 5.000 personas. Vestuarios local y visitante de 70m2 cada uno, vestuario de \u00e1rbitros y acceso por t\u00fanel. Para el acontecimiento se present\u00f3 Boca Juniors que gole\u00f3 al local por 6 a 0. El club en ese momento es presidido por Humberto C\u00e9sar Garc\u00eda, vice \u00c1ngel Rozas, secretario Eduardo Ojeda, pro Misael Escalada, tesorero Jos\u00e9 Alberto Rozas, pro Carlos Araujo.<\/p>\n<p>&nbsp;<\/p>\n<p><strong>2019<\/strong> \/ Fallece a los 81 a\u00f1os en Resistencia Carlos Alfredo Got, pionero de las artes marciales en el Chaco en la d\u00e9cada del \u201850. Inici\u00f3 sus actividades en01\u00a0el C\u00edrculo de Armas General San Mart\u00edn, con pasos por varios clubes hasta la creaci\u00f3n de su propio instituto. Fue profesor de la Escuela de Polic\u00eda en el Servicio Penitenciario Federal donde se jubil\u00f3 como instructor. Se volc\u00f3 al estudio de la filosof\u00eda de Artes Marciales y form\u00f3 una biblioteca de 2.000 vol\u00famenes sobre el tema. En el 2004 la revista Judo Karate le entreg\u00f3 un reconocimiento al m\u00e9rito por la difusi\u00f3n del Judo, en el mismo a\u00f1o en que fue graduado como 7\u00b0 Dan por la Confederaci\u00f3n Sudamericana de Judo. Hab\u00eda nacido un 11 de enero de 1938.<\/p>\n<p>&nbsp;<\/p>\n<p>2020 \/ Fallece a los 72 a\u00f1os en Corrientes el ex arquero de For Ever y los Seleccionados de la Liga Chaque\u00f1o, Ram\u00f3n Villanueva. Disput\u00f3 con el negro tres nacionales (1967, 1973 y 1974) y logr\u00f3 muchos t\u00edtulos, como las clasificaciones a los regionales y torneos locales. Fue campe\u00f3n de la Copa Adri\u00e1n Beccar Varela y Copa Presidente, en el argentino de Mendoza 1968. Jug\u00f3 en Mandiy\u00fa y Boca Unidos, y en su vida laboral trabaj\u00f3 en Contadur\u00eda General de la Provincia hasta su jubilaci\u00f3n. Villanueva\u00a0hab\u00eda nacido el 30 de mayo de 1944<\/p>\n<p><strong>\u00a0<\/strong><\/p>\n<\/div>\n<\/article>\n<\/div>\n<\/div>\n<\/div>\n<\/div>\n<\/article>\n<\/div>\n<\/div>\n<\/div>\n","protected":false},"excerpt":{"rendered":"<p>Efem\u00e9rides del 17 de noviembre Del periodista Luis Dar\u00edo Molodezky Esta es la Efem\u00e9rides del Deporte en el Chaco de un 20 de noviembre del periodista Luis Dar\u00edo Molodezky \u00a0 \u00a0 1928 \/ Nace en La Rioja Benjam\u00edn Tango Margoza. Jugador de b\u00e1squetbol de Villa San Mart\u00edn, exquisito manejo de la pelota, deslumbr\u00f3 luciendo la &hellip;<\/p>\n","protected":false},"author":2,"featured_media":3020,"comment_status":"open","ping_status":"open","sticky":false,"template":"","format":"standard","meta":{"footnotes":""},"categories":[45],"tags":[],"class_list":["post-3019","post","type-post","status-publish","format-standard","has-post-thumbnail","hentry","category-efemerides-dia-por-dia"],"_links":{"self":[{"href":"https:\/\/www.sportchaco.com.ar\/index.php?rest_route=\/wp\/v2\/posts\/3019","targetHints":{"allow":["GET"]}}],"collection":[{"href":"https:\/\/www.sportchaco.com.ar\/index.php?rest_route=\/wp\/v2\/posts"}],"about":[{"href":"https:\/\/www.sportchaco.com.ar\/index.php?rest_route=\/wp\/v2\/types\/post"}],"author":[{"embeddable":true,"href":"https:\/\/www.sportchaco.com.ar\/index.php?rest_route=\/wp\/v2\/users\/2"}],"replies":[{"embeddable":true,"href":"https:\/\/www.sportchaco.com.ar\/index.php?rest_route=%2Fwp%2Fv2%2Fcomments&post=3019"}],"version-history":[{"count":2,"href":"https:\/\/www.sportchaco.com.ar\/index.php?rest_route=\/wp\/v2\/posts\/3019\/revisions"}],"predecessor-version":[{"id":3025,"href":"https:\/\/www.sportchaco.com.ar\/index.php?rest_route=\/wp\/v2\/posts\/3019\/revisions\/3025"}],"wp:featuredmedia":[{"embeddable":true,"href":"https:\/\/www.sportchaco.com.ar\/index.php?rest_route=\/wp\/v2\/media\/3020"}],"wp:attachment":[{"href":"https:\/\/www.sportchaco.com.ar\/index.php?rest_route=%2Fwp%2Fv2%2Fmedia&parent=3019"}],"wp:term":[{"taxonomy":"category","embeddable":true,"href":"https:\/\/www.sportchaco.com.ar\/index.php?rest_route=%2Fwp%2Fv2%2Fcategories&post=3019"},{"taxonomy":"post_tag","embeddable":true,"href":"https:\/\/www.sportchaco.com.ar\/index.php?rest_route=%2Fwp%2Fv2%2Ftags&post=3019"}],"curies":[{"name":"wp","href":"https:\/\/api.w.org\/{rel}","templated":true}]}}