{"id":30206,"date":"2025-12-16T22:46:22","date_gmt":"2025-12-17T01:46:22","guid":{"rendered":"https:\/\/www.sportchaco.com.ar\/?p=30206"},"modified":"2025-12-17T12:10:59","modified_gmt":"2025-12-17T15:10:59","slug":"hindu-lanzo-su-campus-de-basquey","status":"publish","type":"post","link":"https:\/\/www.sportchaco.com.ar\/?p=30206","title":{"rendered":"Hindu lanz\u00f3 su Campus de B\u00e1squet"},"content":{"rendered":"<article class=\"post-29487 post type-post status-publish format-standard has-post-thumbnail hentry category-locales tag-portada\">\n<div id=\"post-content-wrapper\" class=\"relative\">\n<div id=\"post-area\" class=\"left relative\">\n<h1 class=\"story-title entry-title\"><strong style=\"font-size: 16px;\">17-12-2025<\/strong><\/h1>\n<div id=\"right-content\" class=\"relative\">\n<div id=\"content-area\" class=\"left relative\">\n<div id=\"tps_slideContainer_29487\" class=\"theiaPostSlider_slides\">\n<h5><img loading=\"lazy\" decoding=\"async\" class=\"aligncenter size-full wp-image-20491\" src=\"https:\/\/www.sportchaco.com.ar\/wp-content\/uploads\/2025\/06\/PARQUE-SOLAR_720x90-01.gif\" alt=\"\" width=\"720\" height=\"90\" \/><\/h5>\n<p>El presidente de Hind\u00fa Club, Luis Cequeira, anunci\u00f3 la realizaci\u00f3n del Campus de B\u00e1squet 2025, que se desarrollar\u00e1 del 20 al 23 de diciembre en las instalaciones del club. Ser\u00e1n cuatro jornadas intensivas dedicadas al deporte, la salud y la formaci\u00f3n integral de los j\u00f3venes.<\/p>\n<p>\u201cEl objetivo es abordar al deportista de manera completa, no solo en la parte t\u00e9cnica, sino tambi\u00e9n en todo lo que hace al bienestar f\u00edsico y emocional\u201d, destac\u00f3 el titular de la instituci\u00f3n capitalina.<\/p>\n<figure class=\"wp-block-image size-large\"><a href=\"https:\/\/baskettotal.com.ar\/wp-content\/uploads\/2025\/12\/HC-5.jpg\"><img loading=\"lazy\" decoding=\"async\" class=\"lazy wp-image-29489 lazy-loaded\" src=\"https:\/\/baskettotal.com.ar\/wp-content\/uploads\/2025\/12\/HC-5-1024x608.jpg\" sizes=\"auto, (max-width: 1024px) 100vw, 1024px\" srcset=\"https:\/\/baskettotal.com.ar\/wp-content\/uploads\/2025\/12\/HC-5-1024x608.jpg 1024w, https:\/\/baskettotal.com.ar\/wp-content\/uploads\/2025\/12\/HC-5-300x178.jpg 300w, https:\/\/baskettotal.com.ar\/wp-content\/uploads\/2025\/12\/HC-5-768x456.jpg 768w, https:\/\/baskettotal.com.ar\/wp-content\/uploads\/2025\/12\/HC-5.jpg 1040w\" alt=\"\" width=\"1024\" height=\"608\" data-lazy-type=\"image\" data-lazy-src=\"https:\/\/baskettotal.com.ar\/wp-content\/uploads\/2025\/12\/HC-5-1024x608.jpg\" data-lazy-srcset=\"https:\/\/baskettotal.com.ar\/wp-content\/uploads\/2025\/12\/HC-5-1024x608.jpg 1024w, https:\/\/baskettotal.com.ar\/wp-content\/uploads\/2025\/12\/HC-5-300x178.jpg 300w, https:\/\/baskettotal.com.ar\/wp-content\/uploads\/2025\/12\/HC-5-768x456.jpg 768w, https:\/\/baskettotal.com.ar\/wp-content\/uploads\/2025\/12\/HC-5.jpg 1040w\" data-lazy-sizes=\"(max-width: 1024px) 100vw, 1024px\" \/><\/a><\/figure>\n<p>El Campus incluir\u00e1 entrenamientos deportivos con especialistas en nutrici\u00f3n, psicolog\u00eda y kinesiolog\u00eda, adem\u00e1s de la innovadora pedigraf\u00eda computarizada, un estudio de la pisada que permitir\u00e1 detectar posibles necesidades de plantillas personalizadas. Tambi\u00e9n participar\u00e1n reconocidos profesionales como el preparador f\u00edsico Juan Jos\u00e9 Quintela y el kinesi\u00f3logo Gabriel Baiter.<\/p>\n<p>Otra de las novedades ser\u00e1 la ficha m\u00e9dica integral que cada participante recibir\u00e1 al finalizar el campus, certificada por un equipo m\u00e9dico, odontol\u00f3gico y kinesiol\u00f3gico. \u201cQueremos que los chicos empiecen el 2026 sabiendo c\u00f3mo terminan su a\u00f1o en cuanto a su salud\u201d, explic\u00f3 el presidente Cequeira.<\/p>\n<figure class=\"wp-block-image size-large\"><a href=\"https:\/\/baskettotal.com.ar\/wp-content\/uploads\/2025\/12\/HC-4.jpg\"><img loading=\"lazy\" decoding=\"async\" class=\"lazy wp-image-29491 lazy-loaded\" src=\"https:\/\/baskettotal.com.ar\/wp-content\/uploads\/2025\/12\/HC-4-1024x666.jpg\" sizes=\"auto, (max-width: 1024px) 100vw, 1024px\" srcset=\"https:\/\/baskettotal.com.ar\/wp-content\/uploads\/2025\/12\/HC-4-1024x666.jpg 1024w, https:\/\/baskettotal.com.ar\/wp-content\/uploads\/2025\/12\/HC-4-300x195.jpg 300w, https:\/\/baskettotal.com.ar\/wp-content\/uploads\/2025\/12\/HC-4-768x499.jpg 768w, https:\/\/baskettotal.com.ar\/wp-content\/uploads\/2025\/12\/HC-4.jpg 1040w\" alt=\"\" width=\"1024\" height=\"666\" data-lazy-type=\"image\" data-lazy-src=\"https:\/\/baskettotal.com.ar\/wp-content\/uploads\/2025\/12\/HC-4-1024x666.jpg\" data-lazy-srcset=\"https:\/\/baskettotal.com.ar\/wp-content\/uploads\/2025\/12\/HC-4-1024x666.jpg 1024w, https:\/\/baskettotal.com.ar\/wp-content\/uploads\/2025\/12\/HC-4-300x195.jpg 300w, https:\/\/baskettotal.com.ar\/wp-content\/uploads\/2025\/12\/HC-4-768x499.jpg 768w, https:\/\/baskettotal.com.ar\/wp-content\/uploads\/2025\/12\/HC-4.jpg 1040w\" data-lazy-sizes=\"(max-width: 1024px) 100vw, 1024px\" \/><\/a><\/figure>\n<p>Adem\u00e1s Cequeira record\u00f3 que el Campus est\u00e1 abierto a deportistas de ambos sexos, desde U13 a U21, y funcionar\u00e1 adem\u00e1s como instancia de reclutamiento para sumar talentos a la cantera del club. \u201cHind\u00fa apuesta fuertemente al b\u00e1squet femenino y queremos ver muchas chicas participando\u201d, se\u00f1al\u00f3.<\/p>\n<p><strong>Obras y crecimiento institucional<br \/>\n<\/strong>Por otra parte, Cequeira repas\u00f3 los avances en materia de infraestructura. \u201cEstamos terminando los ba\u00f1os, algo que era una deuda pendiente con nuestra masa societaria; se cambi\u00f3 todo el sistema de ca\u00f1er\u00edas, pisos y revestimientos para ponerlos en condiciones \u00f3ptimas\u201d, afirm\u00f3.<\/p>\n<figure class=\"wp-block-image size-large\"><a href=\"https:\/\/baskettotal.com.ar\/wp-content\/uploads\/2025\/12\/HC-1-1.jpg\"><img loading=\"lazy\" decoding=\"async\" class=\"lazy wp-image-29490 lazy-loaded\" src=\"https:\/\/baskettotal.com.ar\/wp-content\/uploads\/2025\/12\/HC-1-1-1024x742.jpg\" sizes=\"auto, (max-width: 1024px) 100vw, 1024px\" srcset=\"https:\/\/baskettotal.com.ar\/wp-content\/uploads\/2025\/12\/HC-1-1-1024x742.jpg 1024w, https:\/\/baskettotal.com.ar\/wp-content\/uploads\/2025\/12\/HC-1-1-300x218.jpg 300w, https:\/\/baskettotal.com.ar\/wp-content\/uploads\/2025\/12\/HC-1-1-768x557.jpg 768w, https:\/\/baskettotal.com.ar\/wp-content\/uploads\/2025\/12\/HC-1-1.jpg 1040w\" alt=\"\" width=\"1024\" height=\"742\" data-lazy-type=\"image\" data-lazy-src=\"https:\/\/baskettotal.com.ar\/wp-content\/uploads\/2025\/12\/HC-1-1-1024x742.jpg\" data-lazy-srcset=\"https:\/\/baskettotal.com.ar\/wp-content\/uploads\/2025\/12\/HC-1-1-1024x742.jpg 1024w, https:\/\/baskettotal.com.ar\/wp-content\/uploads\/2025\/12\/HC-1-1-300x218.jpg 300w, https:\/\/baskettotal.com.ar\/wp-content\/uploads\/2025\/12\/HC-1-1-768x557.jpg 768w, https:\/\/baskettotal.com.ar\/wp-content\/uploads\/2025\/12\/HC-1-1.jpg 1040w\" data-lazy-sizes=\"(max-width: 1024px) 100vw, 1024px\" \/><\/a><\/figure>\n<p>Adem\u00e1s, el club avanza con la pintura de la fachada, la instalaci\u00f3n de nuevos relojes deportivos de alta tecnolog\u00eda, y la pr\u00f3xima pintura y colocaci\u00f3n de parquet en la cancha cerrada reglamentaria. Tambi\u00e9n se prev\u00e9 la reparaci\u00f3n de las veredas.<\/p>\n<p>\u201cGracias al apoyo del Gobierno Provincial y Municipal, seguimos modernizando nuestras instalaciones; esto una reparaci\u00f3n hist\u00f3rica para un club con m\u00e1s de 92 a\u00f1os de vida\u201d, concluy\u00f3 el presidente.<\/p>\n<p><img loading=\"lazy\" decoding=\"async\" class=\"aligncenter size-full wp-image-19471\" src=\"https:\/\/www.sportchaco.com.ar\/wp-content\/uploads\/2025\/05\/Banners-ruta-13_200x200-1.gif\" alt=\"\" width=\"417\" height=\"417\" \/><\/p>\n<\/div>\n<\/div>\n<\/div>\n<\/div>\n<\/div>\n<\/article>\n<div id=\"post-latest-header\" class=\"left relative\"><\/div>\n","protected":false},"excerpt":{"rendered":"<p>17-12-2025 El presidente de Hind\u00fa Club, Luis Cequeira, anunci\u00f3 la realizaci\u00f3n del Campus de B\u00e1squet 2025, que se desarrollar\u00e1 del 20 al 23 de diciembre en las instalaciones del club. Ser\u00e1n cuatro jornadas intensivas dedicadas al deporte, la salud y la formaci\u00f3n integral de los j\u00f3venes. \u201cEl objetivo es abordar al deportista de manera completa, &hellip;<\/p>\n","protected":false},"author":2,"featured_media":30207,"comment_status":"open","ping_status":"open","sticky":false,"template":"","format":"standard","meta":{"footnotes":""},"categories":[3],"tags":[],"class_list":["post-30206","post","type-post","status-publish","format-standard","has-post-thumbnail","hentry","category-basquetbol"],"_links":{"self":[{"href":"https:\/\/www.sportchaco.com.ar\/index.php?rest_route=\/wp\/v2\/posts\/30206","targetHints":{"allow":["GET"]}}],"collection":[{"href":"https:\/\/www.sportchaco.com.ar\/index.php?rest_route=\/wp\/v2\/posts"}],"about":[{"href":"https:\/\/www.sportchaco.com.ar\/index.php?rest_route=\/wp\/v2\/types\/post"}],"author":[{"embeddable":true,"href":"https:\/\/www.sportchaco.com.ar\/index.php?rest_route=\/wp\/v2\/users\/2"}],"replies":[{"embeddable":true,"href":"https:\/\/www.sportchaco.com.ar\/index.php?rest_route=%2Fwp%2Fv2%2Fcomments&post=30206"}],"version-history":[{"count":6,"href":"https:\/\/www.sportchaco.com.ar\/index.php?rest_route=\/wp\/v2\/posts\/30206\/revisions"}],"predecessor-version":[{"id":30236,"href":"https:\/\/www.sportchaco.com.ar\/index.php?rest_route=\/wp\/v2\/posts\/30206\/revisions\/30236"}],"wp:featuredmedia":[{"embeddable":true,"href":"https:\/\/www.sportchaco.com.ar\/index.php?rest_route=\/wp\/v2\/media\/30207"}],"wp:attachment":[{"href":"https:\/\/www.sportchaco.com.ar\/index.php?rest_route=%2Fwp%2Fv2%2Fmedia&parent=30206"}],"wp:term":[{"taxonomy":"category","embeddable":true,"href":"https:\/\/www.sportchaco.com.ar\/index.php?rest_route=%2Fwp%2Fv2%2Fcategories&post=30206"},{"taxonomy":"post_tag","embeddable":true,"href":"https:\/\/www.sportchaco.com.ar\/index.php?rest_route=%2Fwp%2Fv2%2Ftags&post=30206"}],"curies":[{"name":"wp","href":"https:\/\/api.w.org\/{rel}","templated":true}]}}