{"id":30211,"date":"2025-12-16T22:55:17","date_gmt":"2025-12-17T01:55:17","guid":{"rendered":"https:\/\/www.sportchaco.com.ar\/?p=30211"},"modified":"2025-12-16T22:55:17","modified_gmt":"2025-12-17T01:55:17","slug":"presentan-el-libro-de-hugo-sager-y-raul-bittel","status":"publish","type":"post","link":"https:\/\/www.sportchaco.com.ar\/?p=30211","title":{"rendered":"Presentan el libro de Hugo Sager y Ra\u00fal Bittel"},"content":{"rendered":"<p><strong>El pr\u00f3ximo lunes ser\u00e1 presentado en socidad, el libro \u00abPol\u00edtica Deportiva en la comunidad organizada\u00bb, cuyo autores tienen una reconocida trayector provincial y nacional. Se trata de Hugo Abel Sager y Ra\u00fal Gerardo Bittel.<\/strong><\/p>\n<p>El escenario elegido es la Universidad Popular a partir de las 19,30 y donde la comunidad deportiva est\u00e1 especialmente invitada.<\/p>\n<p>El libro, en que ambos autores hacen un relevamento de lo realizado como integrantes de la historia deportiva de este siglo, promueva \u00e1mbitos de discusi\u00f3n hacia el futuro.<\/p>\n<p>&nbsp;<\/p>\n","protected":false},"excerpt":{"rendered":"<p>El pr\u00f3ximo lunes ser\u00e1 presentado en socidad, el libro \u00abPol\u00edtica Deportiva en la comunidad organizada\u00bb, cuyo autores tienen una reconocida trayector provincial y nacional. Se trata de Hugo Abel Sager y Ra\u00fal Gerardo Bittel. El escenario elegido es la Universidad Popular a partir de las 19,30 y donde la comunidad deportiva est\u00e1 especialmente invitada. El &hellip;<\/p>\n","protected":false},"author":2,"featured_media":30212,"comment_status":"open","ping_status":"open","sticky":false,"template":"","format":"standard","meta":{"footnotes":""},"categories":[44],"tags":[],"class_list":["post-30211","post","type-post","status-publish","format-standard","has-post-thumbnail","hentry","category-varios"],"_links":{"self":[{"href":"https:\/\/www.sportchaco.com.ar\/index.php?rest_route=\/wp\/v2\/posts\/30211","targetHints":{"allow":["GET"]}}],"collection":[{"href":"https:\/\/www.sportchaco.com.ar\/index.php?rest_route=\/wp\/v2\/posts"}],"about":[{"href":"https:\/\/www.sportchaco.com.ar\/index.php?rest_route=\/wp\/v2\/types\/post"}],"author":[{"embeddable":true,"href":"https:\/\/www.sportchaco.com.ar\/index.php?rest_route=\/wp\/v2\/users\/2"}],"replies":[{"embeddable":true,"href":"https:\/\/www.sportchaco.com.ar\/index.php?rest_route=%2Fwp%2Fv2%2Fcomments&post=30211"}],"version-history":[{"count":1,"href":"https:\/\/www.sportchaco.com.ar\/index.php?rest_route=\/wp\/v2\/posts\/30211\/revisions"}],"predecessor-version":[{"id":30213,"href":"https:\/\/www.sportchaco.com.ar\/index.php?rest_route=\/wp\/v2\/posts\/30211\/revisions\/30213"}],"wp:featuredmedia":[{"embeddable":true,"href":"https:\/\/www.sportchaco.com.ar\/index.php?rest_route=\/wp\/v2\/media\/30212"}],"wp:attachment":[{"href":"https:\/\/www.sportchaco.com.ar\/index.php?rest_route=%2Fwp%2Fv2%2Fmedia&parent=30211"}],"wp:term":[{"taxonomy":"category","embeddable":true,"href":"https:\/\/www.sportchaco.com.ar\/index.php?rest_route=%2Fwp%2Fv2%2Fcategories&post=30211"},{"taxonomy":"post_tag","embeddable":true,"href":"https:\/\/www.sportchaco.com.ar\/index.php?rest_route=%2Fwp%2Fv2%2Ftags&post=30211"}],"curies":[{"name":"wp","href":"https:\/\/api.w.org\/{rel}","templated":true}]}}