{"id":30215,"date":"2025-12-16T22:45:14","date_gmt":"2025-12-17T01:45:14","guid":{"rendered":"https:\/\/www.sportchaco.com.ar\/?p=30215"},"modified":"2025-12-16T23:03:55","modified_gmt":"2025-12-17T02:03:55","slug":"efemerides-del-17-de-diciembre-3","status":"publish","type":"post","link":"https:\/\/www.sportchaco.com.ar\/?p=30215","title":{"rendered":"Efem\u00e9rides del 17 de diciembre"},"content":{"rendered":"<div class=\"container fullwidth-entry-title-wrapper\">\n<div class=\"container-wrapper fullwidth-entry-title\">\n<header class=\"entry-header-outer\">\n<div class=\"entry-header\">\n<h1 class=\"post-title entry-title\"><\/h1>\n<div class=\"single-post-meta post-meta clearfix\"><\/div>\n<\/div>\n<\/header>\n<\/div>\n<\/div>\n<div id=\"content\" class=\"site-content container\">\n<div id=\"main-content-row\" class=\"tie-row main-content-row\">\n<div class=\"main-content tie-col-md-8 tie-col-xs-12\" role=\"main\">\n<article id=\"the-post\" class=\"container-wrapper post-content tie-standard\">\n<div class=\"featured-area\">\n<div class=\"featured-area-inner\">\n<h5 class=\"single-featured-image\"><\/h5>\n<\/div>\n<\/div>\n<div class=\"entry-content entry clearfix\">\n<div class=\"container fullwidth-entry-title-wrapper\">\n<div class=\"container-wrapper fullwidth-entry-title\">\n<header class=\"entry-header-outer\">\n<div class=\"entry-header\">\n<h5 class=\"single-post-meta post-meta clearfix\"><strong>Foto portada de Ram\u00f3n y Oscar Mauricio Franco<\/strong><\/h5>\n<\/div>\n<p>&nbsp;<\/p>\n<div class=\"entry-header\">\n<p><strong>Estas son las efem\u00e9rides de un 17 de diciembre, del libro \u00ab100 a\u00f1os de historia del deporte en el Chaco\u00bb, del periodista Luis Dar\u00edo Molodezky.<\/strong><\/p>\n<h5><\/h5>\n<\/div>\n<\/header>\n<\/div>\n<\/div>\n<div id=\"content\" class=\"site-content container\">\n<div id=\"main-content-row\" class=\"tie-row main-content-row\">\n<div class=\"main-content tie-col-md-8 tie-col-xs-12\" role=\"main\">\n<article id=\"the-post\" class=\"container-wrapper post-content tie-standard\">\n<div class=\"entry-content entry clearfix\">\n<p><img decoding=\"async\" class=\"aligncenter\" src=\"https:\/\/www.sportchaco.com.ar\/wp-content\/uploads\/2023\/11\/Luis-D-SP-199x300.jpg\" \/><\/p>\n<p>&nbsp;<\/p>\n<p><strong>1950\u00a0<\/strong>\/ El Club Fontana, al derrotar a General Fabril, adquiere el derecho a militar en la primera divisi\u00f3n de la Liga Chaque\u00f1a de F\u00fatbol en 1951.<\/p>\n<p><strong>1978\u00a0<\/strong>\/ Los chaque\u00f1os Ram\u00f3n y Oscar Mauricio Franco, fueron quintos en el Rally Gran Premio El Impenetrable, que se inici\u00f3 en Resistencia y finaliz\u00f3 en San Miguel de Tucum\u00e1n, luego de atravesar los montes chaque\u00f1os, Santiago del Estero, La Rioja, Salta y Jujuy. El recorrido total fue de 4.107 kil\u00f3metros. Gabriel Raies fue el ganador en la Clase B y Carlos Garro en la C.<\/p>\n<p><strong>1983\u00a0<\/strong>\/ Villa San Mart\u00edn inaugura su cancha de mini b\u00e1squetbol, que lleva el nombre de Remigio Borque. Hablaron en la ocasi\u00f3n el propio Borque, Jos\u00e9 Enrique Bellomi (ambos fundadores del club en 1935 y Luis Barrios Cima.<\/p>\n<p><strong>1986\u00a0<\/strong>\/ El Rotary Club de Resistencia Oeste entrega la Orden del Quebracho al Club Chaco For Ever, destinado a las personas o instituciones que trascienden m\u00e1s all\u00e1 de las fronteras de la provincia. Anteriormente lo hab\u00edan recibido Luis Landriscina, Ram\u00f3n Tissera, Guido Miranda, SADE filial Chaco, Coro Polif\u00f3nico y Diario El Territorio.<\/p>\n<p><strong>1993 \/<\/strong> El piloto Juan Manuel Silva, fue consagrado deportista del a\u00f1o, durante la Fiesta del Deporte organizada por el C\u00edrculo de Periodistas Deportivos del Chaco, en el club Villa San Mart\u00edn. Los premiados en las distintas disciplinas son: Ajedrez Pablo Jordokosky, \u00e1rbitro Pablo Burich, artes marciales Silvia Mena, atletismo Valeria Falc\u00f3n, automovilismo Juan Manuel Silva, b\u00e1squetbol Carlos Rodrighero, bochas Reinaldo C. Borda, boxeo Carlos Salazar, canotaje Mar\u00eda Itat\u00ed Villa-Cotto, caza Enrique Utges, ciclismo G. P\u00e9rez Oru\u00e9, dirigente Eduardo Sian, f\u00fatbol Pedro Romero, golf Leandro Alem, hockey Carina Soto, homenaje Ram\u00f3n Torres, karting Lucas Kuriger, marat\u00f3n Juan C\u00e1ceres, nataci\u00f3n Mart\u00edn Ferreira, p\u00e1del Mariano Otero, paracaidismo O. Emilio Bezus, pesca Carlos Dom\u00ednguez, rugby Daniel Mart\u00edn, socio honorario Ra\u00fal Berneri, tenis Luis Bianchi, velerismo Juan Manuel Rosa, v\u00f3leibol M. Ostojich.<br \/>\n<img loading=\"lazy\" decoding=\"async\" class=\"size-medium wp-image-15327 aligncenter\" src=\"https:\/\/www.sportchaco.com.ar\/wp-content\/uploads\/2024\/12\/Pato-Silva-1993-FRCH-o-1992-Jackie-Machi-Chabelo-y-Carlitos-257x300.jpg\" sizes=\"auto, (max-width: 257px) 100vw, 257px\" srcset=\"https:\/\/www.sportchaco.com.ar\/wp-content\/uploads\/2024\/12\/Pato-Silva-1993-FRCH-o-1992-Jackie-Machi-Chabelo-y-Carlitos-257x300.jpg 257w, https:\/\/www.sportchaco.com.ar\/wp-content\/uploads\/2024\/12\/Pato-Silva-1993-FRCH-o-1992-Jackie-Machi-Chabelo-y-Carlitos.jpg 514w\" alt=\"\" width=\"257\" height=\"300\" \/><strong>2010\u00a0<\/strong>\/ La nadadora Daniela Gim\u00e9nez es consagrada Deportista del A\u00f1o, durante la Fiesta del Deporte organizada por el C\u00edrculo de Periodistas Deportivos del Chaco, que se realiz\u00f3 en el predio del Sindicato de Prensa del Chaco. Los premiados en las distintas disciplinas son: ajedrez Alessandro Manzone; \u00e1rbitro Marcelo Pegoraro; atletismo Juan Pablo Chirniscinero; artes mar- ciales Diego L\u00f3pez; automovilismo Carlos Bru; b\u00e1squetbol Alejandro Valdez; bochas Franco Ledesma; boxeo Jos\u00e9 Za\u00edn; canotaje Leonardo Niveiro; caza Gustavo Teruel; ciclismo Talia Ayel\u00e9n Aguirre; fisicoculturismo Luciano Azcona; f\u00fatbol Diego Echeverri; gimnasia art\u00edstica Juan Mart\u00edn Casco; golf Gabriel Amado; handball Javier P\u00e9rez Kohut; hockey Estela Abraham; nataci\u00f3n Daniela Jim\u00e9nez; marat\u00f3n Lilian Montenegro; motociclismo Pablo Dom\u00ednguez; p\u00e1del Daniel Codina; pesas levantamiento ol\u00edmpico Noelia Paola Ayala; pesca Marcela Rossi; rugby Facundo Allevi; tenis Enzo Varrone; tenis de mesa Agust\u00edn Iliovich; tiro, Jorge Kochol; triatl\u00f3n Luis de Jes\u00fas Oviedo; v\u00f3leibol Florencia Tortarolo y squash Fernando Molina.<\/p>\n<p><strong>2000 \/<\/strong>\u00a0El correntino Jos\u00e9 Cuevas se impone en la competencia de nataci\u00f3n entre Corrientes y Barranqueras en aguas del Paran\u00e1. Donde el chaque\u00f1o Julio Meza triunfo en Veteranos. Mariano Niveiro termin\u00f3 segundo entre los Juveniles A.<\/p>\n<p><strong>\u00a02021 \/<\/strong>El medallista paral\u00edmpico \u00c1ngel Deld\u00f3, fue consagrado Deportista del A\u00f1o por el C\u00edrculo de Periodistas Deportivos del Chaco. Fue una noche de emociones en el Jaime Zapa\u00adta. el jugador fue distinguido en de\u00adporte adaptado y como el destacado de la temporada.<\/p>\n<p><img loading=\"lazy\" decoding=\"async\" class=\"size-medium wp-image-15326 aligncenter\" src=\"https:\/\/www.sportchaco.com.ar\/wp-content\/uploads\/2024\/12\/silva-complicado-300x169.jpg\" sizes=\"auto, (max-width: 300px) 100vw, 300px\" srcset=\"https:\/\/www.sportchaco.com.ar\/wp-content\/uploads\/2024\/12\/silva-complicado-300x169.jpg 300w, https:\/\/www.sportchaco.com.ar\/wp-content\/uploads\/2024\/12\/silva-complicado-390x220.jpg 390w, https:\/\/www.sportchaco.com.ar\/wp-content\/uploads\/2024\/12\/silva-complicado.jpg 416w\" alt=\"\" width=\"300\" height=\"169\" \/><\/p>\n<p>Los nominados<br \/>\nAjedrez: Diego Mart\u00edn Zalazar<br \/>\nAtletismo: Alejandro N\u00fa\u00f1ez<br \/>\nB\u00e1squet: Emir P\u00e9rez Barrios<br \/>\nB\u00e1squet femenino: Lara La Red<br \/>\nBochas: Alejandro Capra<br \/>\nBoxeo: Joaqu\u00edn D\u00edaz<br \/>\nCanotaje: Mart\u00edn Villagr\u00e1n<br \/>\nCaza: Dami\u00e1n Linke<br \/>\nCiclismo: Alan Olivieri<br \/>\nDeporte Adaptado: \u00c1ngel Deldo<br \/>\nF\u00fatbol: Gustavo Carballo<br \/>\nF\u00fatbol femenino: Raquel Polich<br \/>\nFutsal: Lucas L\u00f3pez<br \/>\nGimnasia: Alexia Agu Gazzola<br \/>\nGolf: Camilo Chapresto<br \/>\nHandball: Maximiliano Falciglio<br \/>\nHockey: Gerardo Dami\u00e1n Gonz\u00e1lez<br \/>\nKarting: Ivo Sodja<br \/>\nLevantamiento Ol\u00edmpico: Ludmila Gerzel<br \/>\nMarat\u00f3n: Leandro Centanaro<br \/>\nMotociclismo: Sebasti\u00e1n Salom<br \/>\nNataci\u00f3n: Lucas Romero<br \/>\nP\u00e1del: Yain Melgratti<br \/>\nRugby: Francisco Diez Pirota<br \/>\nSquash: Lisandro Ortiz<br \/>\nTenis: Fantino Alberca<br \/>\nTenis de Mesa: Ana Marta Codina<br \/>\nTriatl\u00f3n: Ignacio Zurlo<br \/>\nV\u00f3ley: Lara Iker.<br \/>\nReconocimientos:<br \/>\nSilvina Delgado<br \/>\nRamiro Gandola<br \/>\nMaestro del Periodismo Deportivo:<br \/>\nCarlos \u2018Cacho\u2018 Silva<br \/>\nInstituciones:<br \/>\nVilla Alvear<br \/>\nVilla San Mart\u00edn<br \/>\nLas \u00c1guilas de S\u00e1enz Pe\u00f1a<br \/>\nClub Alvear de Villa \u00c1ngela<br \/>\nClub Estudiantes<br \/>\nAcci\u00f3n de S\u00e1enz Pe\u00f1a<br \/>\nClub Chaco For Ever<br \/>\nFundaci\u00f3n Trascender<\/p>\n<p>&nbsp;<\/p>\n<p><em>Foto: Juan Manuel Silva<\/em><\/p>\n<\/div>\n<\/article>\n<\/div>\n<\/div>\n<\/div>\n<\/div>\n<\/article>\n<\/div>\n<\/div>\n<\/div>\n","protected":false},"excerpt":{"rendered":"<p>Foto portada de Ram\u00f3n y Oscar Mauricio Franco &nbsp; Estas son las efem\u00e9rides de un 17 de diciembre, del libro \u00ab100 a\u00f1os de historia del deporte en el Chaco\u00bb, del periodista Luis Dar\u00edo Molodezky. &nbsp; 1950\u00a0\/ El Club Fontana, al derrotar a General Fabril, adquiere el derecho a militar en la primera divisi\u00f3n de la &hellip;<\/p>\n","protected":false},"author":2,"featured_media":30216,"comment_status":"open","ping_status":"open","sticky":false,"template":"","format":"standard","meta":{"footnotes":""},"categories":[42,45],"tags":[],"class_list":["post-30215","post","type-post","status-publish","format-standard","has-post-thumbnail","hentry","category-diciembre","category-efemerides-dia-por-dia"],"_links":{"self":[{"href":"https:\/\/www.sportchaco.com.ar\/index.php?rest_route=\/wp\/v2\/posts\/30215","targetHints":{"allow":["GET"]}}],"collection":[{"href":"https:\/\/www.sportchaco.com.ar\/index.php?rest_route=\/wp\/v2\/posts"}],"about":[{"href":"https:\/\/www.sportchaco.com.ar\/index.php?rest_route=\/wp\/v2\/types\/post"}],"author":[{"embeddable":true,"href":"https:\/\/www.sportchaco.com.ar\/index.php?rest_route=\/wp\/v2\/users\/2"}],"replies":[{"embeddable":true,"href":"https:\/\/www.sportchaco.com.ar\/index.php?rest_route=%2Fwp%2Fv2%2Fcomments&post=30215"}],"version-history":[{"count":2,"href":"https:\/\/www.sportchaco.com.ar\/index.php?rest_route=\/wp\/v2\/posts\/30215\/revisions"}],"predecessor-version":[{"id":30218,"href":"https:\/\/www.sportchaco.com.ar\/index.php?rest_route=\/wp\/v2\/posts\/30215\/revisions\/30218"}],"wp:featuredmedia":[{"embeddable":true,"href":"https:\/\/www.sportchaco.com.ar\/index.php?rest_route=\/wp\/v2\/media\/30216"}],"wp:attachment":[{"href":"https:\/\/www.sportchaco.com.ar\/index.php?rest_route=%2Fwp%2Fv2%2Fmedia&parent=30215"}],"wp:term":[{"taxonomy":"category","embeddable":true,"href":"https:\/\/www.sportchaco.com.ar\/index.php?rest_route=%2Fwp%2Fv2%2Fcategories&post=30215"},{"taxonomy":"post_tag","embeddable":true,"href":"https:\/\/www.sportchaco.com.ar\/index.php?rest_route=%2Fwp%2Fv2%2Ftags&post=30215"}],"curies":[{"name":"wp","href":"https:\/\/api.w.org\/{rel}","templated":true}]}}