{"id":30230,"date":"2025-12-18T09:20:23","date_gmt":"2025-12-18T12:20:23","guid":{"rendered":"https:\/\/www.sportchaco.com.ar\/?p=30230"},"modified":"2025-12-18T09:40:48","modified_gmt":"2025-12-18T12:40:48","slug":"jose-coceres-el-chaqueno-que-hizo-sonar-las-campanas-del-mundo","status":"publish","type":"post","link":"https:\/\/www.sportchaco.com.ar\/?p=30230","title":{"rendered":"1994 y 2001: Jos\u00e9 C\u00f3ceres, el chaque\u00f1o que hizo sonar las campanas del mundo"},"content":{"rendered":"<p>&nbsp;<\/p>\n<h5><strong>Jos\u00e9 C\u00f3ceres,\u00a0 Deportista del A\u00f1o en 1994 y 2001 del C\u00edrculo de Peridostas Deportivos del Chaco y Olimpia de Oro a nivel nacional en 2001.\u00a0<\/strong><\/h5>\n<p>&nbsp;<\/p>\n<p><strong><img loading=\"lazy\" decoding=\"async\" class=\"alignnone wp-image-30241\" src=\"https:\/\/www.sportchaco.com.ar\/wp-content\/uploads\/2025\/12\/Luis-carita-1-287x300.jpg\" alt=\"\" width=\"78\" height=\"81\" srcset=\"https:\/\/www.sportchaco.com.ar\/wp-content\/uploads\/2025\/12\/Luis-carita-1-287x300.jpg 287w, https:\/\/www.sportchaco.com.ar\/wp-content\/uploads\/2025\/12\/Luis-carita-1.jpg 430w\" sizes=\"auto, (max-width: 78px) 100vw, 78px\" \/>\u00a0 POR LUIS DARIO MOLODEZKY\u00a0<\/strong><\/p>\n<p>En el recorrido por la historia de los grandes nombres que marcaron al deporte chaque\u00f1o, hay apellidos que no necesitan presentaci\u00f3n. Basta decirlos en voz baja para que despierten respeto, orgullo y memoria. <strong>Jos\u00e9 C\u00f3ceres<\/strong> es uno de ellos.<\/p>\n<p>Corr\u00eda 1994 cuando el <strong>C\u00edrculo de Periodistas Deportivos del Chaco<\/strong> lo consagr\u00f3 <strong>Deportista del A\u00f1o<\/strong>, en una noche inolvidable en el Sal\u00f3n de Actos de la UTN. No fue un premio m\u00e1s. Fue el reconocimiento a un hombre que hab\u00eda salido de la tierra humilde, de los silencios del monte y del esfuerzo cotidiano, para poner al golf argentino \u2014y al Chaco\u2014 en el mapa grande del mundo.<\/p>\n<p><img loading=\"lazy\" decoding=\"async\" class=\"alignnone size-medium wp-image-30242 aligncenter\" src=\"https:\/\/www.sportchaco.com.ar\/wp-content\/uploads\/2025\/12\/Tapa-norte-chiquita-300x273.jpg\" alt=\"\" width=\"300\" height=\"273\" srcset=\"https:\/\/www.sportchaco.com.ar\/wp-content\/uploads\/2025\/12\/Tapa-norte-chiquita-300x273.jpg 300w, https:\/\/www.sportchaco.com.ar\/wp-content\/uploads\/2025\/12\/Tapa-norte-chiquita-768x699.jpg 768w, https:\/\/www.sportchaco.com.ar\/wp-content\/uploads\/2025\/12\/Tapa-norte-chiquita.jpg 826w\" sizes=\"auto, (max-width: 300px) 100vw, 300px\" \/><\/p>\n<p style=\"text-align: center;\"><em><strong>Primera vez como Deportista del A\u00f1o 1994<\/strong><\/em><\/p>\n<p>Surgido de las entra\u00f1as del <strong>Chaco Golf Club<\/strong>, Jos\u00e9 fue primero caddie antes que figura. Aprendi\u00f3 el juego cargando bolsos ajenos, escuchando consejos, mirando de reojo los swings de otros, so\u00f1ando en silencio. Nacido en <strong>La Verde<\/strong>, uno de once hermanos, la pobreza no fue una excusa sino una escuela. All\u00ed se templ\u00f3 el car\u00e1cter de un hombre frontal, sin zonas grises, hecho de la misma madera que los grandes profesionales argentinos.<\/p>\n<p>El golf lo llev\u00f3 lejos. Muy lejos. <strong>European Tour, PGA Tour<\/strong>, los circuitos m\u00e1s exigentes del planeta. En 2001 logr\u00f3 lo que parec\u00eda imposible: <strong>ganar dos torneos del PGA Tour<\/strong>, el WorldCom Classic y el National Car Rental Classic. Desde <strong>Roberto De Vicenzo<\/strong>, ning\u00fan argentino lo hab\u00eda conseguido. Y no fue casualidad que el Maestro alabara su temple, su concentraci\u00f3n y su fuerza interior. Ganar ah\u00ed no es s\u00f3lo pegarle bien a la pelota: es resistir la noche, los pensamientos, la presi\u00f3n, la soledad.<\/p>\n<p><img decoding=\"async\" src=\"https:\/\/scontent.fcnq2-1.fna.fbcdn.net\/v\/t39.30808-6\/598012607_3772332729743086_4794145240255766409_n.jpg?_nc_cat=101&amp;ccb=1-7&amp;_nc_sid=127cfc&amp;_nc_ohc=b0cXr5QeQhwQ7kNvwGkj9Us&amp;_nc_oc=AdlVtJAZPIKWZ6elYM6PDk7pR8myxCuYpvj_-ZrZ9qCFFJ3oRC66HfxefyJMXDEK5HU&amp;_nc_zt=23&amp;_nc_ht=scontent.fcnq2-1.fna&amp;_nc_gid=i183pcop3jyfeAkeXChe4A&amp;oh=00_Afn9Oq8aGFvyMgE5wXukFpGgK3KdjrsuBzaDUp_QqGBkUw&amp;oe=69489F19\" alt=\"Puede ser una imagen de \u200egolf, campo de golf y \u200etexto que dice &quot;\u200eTTCRalns #\u0c4d\u0c21\u0c4d \u0648\u0643 2019 MURHOF \u0623\u0645\u064e MURHOFLEGENDS LEGENDS\u200e&quot;\u200e\u200e\" \/><\/p>\n<p><em><strong>WorldCom Classic &#8211; The Heritage of Golf<\/strong><\/em><\/p>\n<p>Pero si algo distingue a C\u00f3ceres no est\u00e1 \u00fanicamente en las vitrinas. Est\u00e1 en lo que no se cuenta. <strong>Su solidaridad silenciosa<\/strong>, especialmente con su Chaco. Ayuda sin anunciarlo, acompa\u00f1a sin exponerse, devuelve sin esperar aplausos. Nunca necesit\u00f3 marketing para ser grande.<\/p>\n<p>Aquella tarde hist\u00f3rica, tras recibir el saco del campe\u00f3n, escribi\u00f3 a mano una dedicatoria simple y profunda:<br \/>\n<em>\u201cPara mi familia, mis amigos y para todos los argentinos, un mill\u00f3n de gracias.\u201d<\/em><br \/>\nEn esas palabras estaba todo: su madre, sus hermanos, su esposa M\u00f3nica, sus hijos, el pueblo entero de La Verde repicando campanas invisibles.<\/p>\n<p><img loading=\"lazy\" decoding=\"async\" class=\"aligncenter\" src=\"https:\/\/scontent.fcnq2-2.fna.fbcdn.net\/v\/t39.30808-6\/597618705_3772332706409755_7994465243607831363_n.jpg?_nc_cat=103&amp;ccb=1-7&amp;_nc_sid=127cfc&amp;_nc_ohc=w5kIPoeA-rcQ7kNvwHnMkPb&amp;_nc_oc=Adlrz7HsKp7m9Xw0TKuldqmMnl1eN6PtAtSogdYOknjZ9wHYCEUxuCIl9MXgoM4kxJ8&amp;_nc_zt=23&amp;_nc_ht=scontent.fcnq2-2.fna&amp;_nc_gid=e5jvNdYUyYpDIYQrrXsU_g&amp;oh=00_AfneA8xUCZjl3OLCTwbn2XL65ekZBDVlsf2SIrPOdojrcQ&amp;oe=6948A44D\" alt=\"Puede ser una imagen de golf y campo de golf\" width=\"502\" height=\"300\" \/><\/p>\n<p style=\"text-align: center;\"><em><strong>Jos\u00e9 C\u00f3ceres abrazado por Diego Armando Maradona<\/strong><\/em><\/p>\n<p>Jos\u00e9 C\u00f3ceres es un golfista de raza. Rebelde cuando hace falta, leal a sus convicciones, incapaz de agachar la cabeza ante nadie. Se lo quiere o no, pero jam\u00e1s pasa inadvertido. Fue guiado por Vicente \u201cChino\u201d Fern\u00e1ndez, respetado por De Vicenzo, y admirado por generaciones que entendieron que el \u00e9xito verdadero se construye con trabajo, perseverancia y dignidad.<\/p>\n<p>Hoy, <strong>en 2025<\/strong>, cuando el tiempo acomoda los recuerdos y engrandece las historias, su nombre sigue siendo sin\u00f3nimo de orgullo. Ganador <strong>dos veces del premio mayor del C\u00edrculo de Periodista Deportivos del Chaco,\u00a0<\/strong> <strong>Premio Olimpia de Oro<\/strong>, del <strong>Konex<\/strong>, campe\u00f3n en Europa, en Estados Unidos y en la gira senior, Jos\u00e9 C\u00f3ceres ya no juega s\u00f3lo contra el par de la cancha, sino contra el olvido. Y lo sigue haciendo con la misma entereza.<\/p>\n<p><strong> <img decoding=\"async\" src=\"https:\/\/encrypted-tbn0.gstatic.com\/images?q=tbn:ANd9GcQYtri8H822XLX8hOUvUh1V6dkyAVWHkmftDQ&amp;s\" alt=\"Jos\u00e9 C\u00f3ceres - Golfista Argentino (@josecoceresoficial) \u2022 Instagram photos and videos\" \/> En el 2001 gan\u00f3 en Dubai<\/strong><\/p>\n<p>C\u00f3ceres se convirti\u00f3 en profesional en 1986 y logr\u00f3 una plaza en el European Tour a trav\u00e9s de la Qualifying School 1990. En el European Tour obtuvo el Abierto Heineken Catalonia 1994 y el 2000 Dubai Desert Classic. Fue el segundo golfista argentino <span style=\"color: #000000;\">despu\u00e9s de\u00a0<a style=\"color: #000000;\" href=\"https:\/\/es.wikipedia.org\/wiki\/Roberto_de_Vicenzo\">Roberto de Vicenzo<\/a>\u00a0<\/span>en ganar en el PGA Tour, obteniendo el WorldCom Classic &#8211; The Heritage of Golf y el National Car Rental Golf Classic Disney.<\/p>\n<p><strong><img decoding=\"async\" src=\"https:\/\/www.diarionorte.com\/content\/bucket\/3\/238483.jpg\" alt=\"Jos\u00e9 Coceres, el golfista chaque\u00f1o que impact\u00f3 en el PGA y en el European Tour | Diario Norte\" \/><\/strong><\/p>\n<p><strong>PROFESIONAL DESDE 1986<\/strong><\/p>\n<p>&nbsp;<\/p>\n<p><span style=\"color: #000000;\">\u200b<\/span><\/p>\n<p><span style=\"color: #000000;\">C\u00f3ceres se convirti\u00f3 en profesional en 1986 y logr\u00f3 una plaza en el European Tour a trav\u00e9s de la Qualifying School 1990. En el European Tour obtuvo el Abierto Heineken Catalonia 1994 y el 2000 Dubai Desert Classic. Fue el segundo golfista argentino despu\u00e9s de\u00a0<a style=\"color: #000000;\" href=\"https:\/\/es.wikipedia.org\/wiki\/Roberto_de_Vicenzo\">Roberto de Vicenzo<\/a>\u00a0en ganar en el PGA Tour, obteniendo el WorldCom Classic &#8211; The Heritage of Golf y el National Car Rental Golf Classic Disney.<sup><a style=\"color: #000000;\" href=\"https:\/\/es.wikipedia.org\/wiki\/Jos%C3%A9_C%C3%B3ceres#cite_note-2\">[2]<\/a><\/sup>\u200b<\/span><\/p>\n<p><span style=\"color: #000000;\">Gan\u00f3\u00a0<a style=\"color: #000000;\" href=\"https:\/\/es.wikipedia.org\/wiki\/Premio_Konex\">Premio Konex<\/a>\u00a02000 y 2020, y el\u00a0<a style=\"color: #000000;\" href=\"https:\/\/es.wikipedia.org\/wiki\/Premio_Olimpia\">Premio Olimpia de Oro<\/a>\u00a0en 2001, siendo el segundo golfista<\/span><\/p>\n<p><span style=\"color: #000000;\"> en conseguirlo.<\/span><\/p>\n<p>&nbsp;<\/p>\n<p><img loading=\"lazy\" decoding=\"async\" class=\"\" src=\"https:\/\/scontent.fcnq2-2.fna.fbcdn.net\/v\/t39.30808-6\/601523768_3772345759741783_5143513153073606393_n.jpg?_nc_cat=110&amp;ccb=1-7&amp;_nc_sid=127cfc&amp;_nc_ohc=PFj7y1loomgQ7kNvwFLw6BI&amp;_nc_oc=AdnSjcDvTu6DA1UTEjJLHONM9ZVgi_V7781tZjCYU7ygdYbuMXyg1AZCkWckzR_0iic&amp;_nc_zt=23&amp;_nc_ht=scontent.fcnq2-2.fna&amp;_nc_gid=B_4geh9E40kTqhPgvlKRfw&amp;oh=00_Afmfnwf4aCqu8c25MXiQHxNGxFs-an_DzqUbnQNXdA2a5g&amp;oe=69489703\" alt=\"Puede ser una imagen de golf y texto\" width=\"300\" height=\"400\" \/><img loading=\"lazy\" decoding=\"async\" class=\"\" src=\"https:\/\/scontent.fcnq2-2.fna.fbcdn.net\/v\/t39.30808-6\/598143708_3772345779741781_4031838749648194235_n.jpg?_nc_cat=110&amp;ccb=1-7&amp;_nc_sid=127cfc&amp;_nc_ohc=M80cbwViw0EQ7kNvwHgQDCb&amp;_nc_oc=AdmqQrqPPiIdNUXf9okzVZ6hACygJdPcko9LHsFIg7odGNbgV0uhkEtn1HidaBOhWng&amp;_nc_zt=23&amp;_nc_ht=scontent.fcnq2-2.fna&amp;_nc_gid=XdHFXKR42ylttlpnd-8csA&amp;oh=00_Afk2uV4AbnQhTmQfw8EU10-gUT3RHE4ACH8u2Jg05G5A0Q&amp;oe=6948B0F6\" alt=\"Puede ser una imagen de texto\" width=\"301\" height=\"402\" \/><\/p>\n<p><em><strong>Las p\u00e1ginas de Norte luego de la Consagraci\u00f3n de Jos\u00e9 C\u00f3ceres en 2001<\/strong><\/em><\/p>\n<p>&nbsp;<\/p>\n<p><strong>OLIMPIA DE ORO &#8211; DIARIO LA NACION- 2001<\/strong><\/p>\n<div class=\"col-12 col-desksm-1\">\n<div class=\"mod-share-container --no-app py-12 mb-16 mb-0_l sticky float-l_l z-101 transition transition-all transition-duration-250 top-73_min1024\"><\/div>\n<\/div>\n<div class=\"col-deskxl-10 offset-deskxl-1 col-desksm-11\">\n<div class=\"row\">\n<div class=\"col-12\">\n<p class=\"com-paragraph --capital --s\">El golfista Jos\u00e9 C\u00f3ceres, ganador de dos torneos del PGA Tour, fue distinguido con el Olimpia de Oro por el C\u00edrculo de Periodistas Deportivos (CPD), en una ceremonia que se realiz\u00f3 anoche en el Centro Nacional de Alto Rendimiento Deportivo (Cenard).<\/p>\n<p class=\"com-paragraph --s\">La ceremonia correspondi\u00f3 a la temporada 2001, que debi\u00f3 realizarse el 22 de diciembre \u00faltimo, pero que se pospuso a ra\u00edz de la grave crisis socioecon\u00f3mica desatada en el pa\u00eds. Ello motiv\u00f3 que en la entrega de los Olimpia, que se realiza anualmente desde 1954, se hayan registrado varias ausencias de deportistas, ya que se encuentran en plena competici\u00f3n tanto en el exterior como en el pa\u00eds.<\/p>\n<p><img loading=\"lazy\" decoding=\"async\" class=\"\" src=\"https:\/\/resizer.glanacion.com\/resizer\/v2\/E3O2TNNI2FF3DHBDRNPWXPIZVY.jpg?auth=841b89b668b0bab7df69f334c34921acf7f30346280e018319796b4caa121aa9&amp;width=768&amp;quality=70&amp;smart=false\" alt=\"C\u00f3ceres, el due\u00f1o del Olimpia de Oro - LA NACION\" width=\"468\" height=\"310\" \/><\/p>\n<p><em><strong>Jos\u00e9 C\u00f3ceres emocionado tras recibir el Olimpia de Oro\u00a0<\/strong><\/em><\/p>\n<p class=\"com-paragraph --s\">La atenci\u00f3n se centr\u00f3 en la entrega del Olimpia de Oro, galard\u00f3n que recay\u00f3 en C\u00f3ceres, pero tambi\u00e9n la entrega de los Olimpia de Plata en varias disciplinas tuvo su espacio destacado en la reuni\u00f3n. Para el CPD, el mejor futbolista argentino de la \u00faltima temporada fue el volante de Boca Juan Rom\u00e1n Riquelme, mientras que algunos vencedores destacados fueron Emanuel Gin\u00f3bili, en basquetbol, Gabriel Pozzo, en automovilismo, Luciana Aymar, en hockey sobre c\u00e9sped, y Felipe Contepomi, en rugby, entre otros.<\/p>\n<p class=\"com-paragraph --s\">La elecci\u00f3n del Olimpia de Oro fue ardua. Los candidatos originales fueron Jos\u00e9 C\u00f3ceres, Luciana Aymar, Pablo Chac\u00f3n, Gin\u00f3bili, Javier Correa, Andrea Gonz\u00e1lez y Riquelme. Finalmente, C\u00f3ceres y Aymar fueron designados para la etapa final, en la que la comisi\u00f3n directiva del C\u00edrculo de Periodistas Deportivos eligi\u00f3 a muy pocos minutos de la entrega. La ceremonia cont\u00f3 con el auspicio de las empresas Repsol-YPF y La Caja, adem\u00e1s de la Secretar\u00eda de Turismo y Deporte.<\/p>\n<p class=\"com-paragraph --s\">Pero no s\u00f3lo la intriga por saber qui\u00e9n era el vencedor en cada una de las ternas de las 41 disciplinas. Tambi\u00e9n hubo un espacio para el reconocimiento a aquellos protagonistas que hicieron grande al deporte argentino.<\/p>\n<p class=\"com-paragraph --s\">Fue por ello que recibieron distinciones especiales Carlos Bianchi, Ernesto Duchini, Jos\u00e9 Froil\u00e1n Gonz\u00e1lez, Julio Grondona, Claudio Plitt, Rub\u00e9n Magnano, Sergio Vigil, Jos\u00e9 Pekerman, Franco Davin, Marcelo Loffreda y los clubes San Lorenzo y Racing Club.<\/p>\n<p class=\"com-paragraph --s\">En solidaridad con los trabajadores de la revista El Gr\u00e1fico, la mayor\u00eda de los deportistas subi\u00f3 al escenario con carteles que dec\u00edan: \u00abNo al cierre de El Gr\u00e1fico\u00bb.<\/p>\n<p><img decoding=\"async\" class=\"aligncenter\" src=\"https:\/\/scontent.fcnq2-2.fna.fbcdn.net\/v\/t39.30808-6\/598651126_3772392559737103_2254329263399664667_n.jpg?_nc_cat=109&amp;ccb=1-7&amp;_nc_sid=127cfc&amp;_nc_ohc=K-dLmjodQJEQ7kNvwH3eVYI&amp;_nc_oc=AdlGxOi7eI1QzPU2J0QE-lk9cjoOu1_VGCYYjScZdfnPNAVo7jHQQ8fuFnhvEVWjeN0&amp;_nc_zt=23&amp;_nc_ht=scontent.fcnq2-2.fna&amp;_nc_gid=D0nNAz7KSdlZKOdUlu9csg&amp;oh=00_AflAiHs5Yk3JZzFYuW6O3po4kK_DEv4v7pno2-MxquXAUQ&amp;oe=6948B701\" alt=\"Puede ser una imagen de golf y campo de golf\" \/><\/p>\n<h2 class=\"com-title --font-primary --xl --font-extra\">Perfil dorado<\/h2>\n<p class=\"com-paragraph --s\">Naci\u00f3 en La Verde, un pueblito escondido de la selva chaque\u00f1a. Se cri\u00f3 entre diez hermanos y convivi\u00f3 con los m\u00ednimos recursos, hasta tal punto que comenz\u00f3 a practicar golf con ramas de \u00e1rboles y corchos porque otra cosa no ten\u00eda.<\/p>\n<p class=\"com-paragraph --s\">El giro que dio su vida en los \u00faltimos a\u00f1os fue inmenso; sin embargo, Jos\u00e9 C\u00f3ceres supo c\u00f3mo asimilar el impacto echando mano a su humildad. Pas\u00f3 de realizar largos peregrinajes como caddie en el Chaco Golf Club, la entidad vecina a su hogar, a levantar el pu\u00f1o entre el brillo y el superprofesionalismo del PGA Tour de los Estados Unidos. Lleg\u00f3 hasta lo m\u00e1s alto, en un recorrido que tambi\u00e9n lo coloc\u00f3 en alg\u00fan momento como un protagonista de relevancia en los cert\u00e1menes argentinos y en el Tour Europeo.<\/p>\n<p class=\"com-paragraph --s\">C\u00f3ceres logr\u00f3 amortiguar ese dif\u00edcil tr\u00e1nsito de la nada a la gloria a los 38 a\u00f1os, en una temporada 2001 que fue inolvidable para \u00e9l y para el golf argentino. El 16 de abril dio el primer golpe al festejar en el World Com Classic, en Hilton Head, mientras que el 21 de octubre celebr\u00f3 en el National Car Rental Classic, en Salt Lake Buena Vista. La recompensa por haber ganado los dos cert\u00e1menes alcanz\u00f3 la escalofriante suma de 1.242.000 d\u00f3lares.<\/p>\n<p class=\"com-paragraph --s\">Anoche, cuando alz\u00f3 los Olimpia de Plata y de Oro en el Cenard, sinti\u00f3 un cosquilleo similar a su \u00faltimo certamen ganado, en el que extendi\u00f3 una bandera en el green 18 y les dese\u00f3 felicidades a todas las madres.<\/p>\n<p class=\"com-paragraph --s\">En la ceremonia, adem\u00e1s de dedicarle el triunfo a su madre Mar\u00eda Digna, que reside en el Chaco, y a los chicos argentinos, Jos\u00e9 le envi\u00f3 un duro mensaje al \u00e1mbito de la pol\u00edtica nacional. \u201c\u00bfC\u00f3mo puede ser que en un pa\u00eds con tanta riqueza los pol\u00edticos piensen s\u00f3lo en su beneficio propio?\u201d, se pregunt\u00f3. Y tambi\u00e9n se refiri\u00f3 al premio del C\u00edrculo de Periodistas Deportivos: \u201cLo m\u00edo es un ejemplo de una persona con poca preparaci\u00f3n que triunf\u00f3 en el m\u00e1s alto nivel\u201d.<\/p>\n<p class=\"com-paragraph --s\">La actualidad tiene a C\u00f3ceres todav\u00eda inactivo por una lesi\u00f3n en la mu\u00f1eca izquierda, que a\u00fan no le permiti\u00f3 comenzar la temporada del PGA Tour. Su objetivo es mantenerse entreverado en el grupo de los m\u00e1s grandes, como Tiger Woods, y buscar m\u00e1s consagraciones. Todo para que su familia en el Chaco se sienta feliz.<\/p>\n<p><strong><img loading=\"lazy\" decoding=\"async\" class=\"alignnone wp-image-30241\" src=\"https:\/\/www.sportchaco.com.ar\/wp-content\/uploads\/2025\/12\/Luis-carita-1-287x300.jpg\" alt=\"\" width=\"78\" height=\"81\" srcset=\"https:\/\/www.sportchaco.com.ar\/wp-content\/uploads\/2025\/12\/Luis-carita-1-287x300.jpg 287w, https:\/\/www.sportchaco.com.ar\/wp-content\/uploads\/2025\/12\/Luis-carita-1.jpg 430w\" sizes=\"auto, (max-width: 78px) 100vw, 78px\" \/>\u00a0 POR LUIS DARIO MOLODEZKY\u00a0<\/strong><\/p>\n<p><iframe loading=\"lazy\" title=\"Jos\u00e9 C\u00f3ceres Ganador del WorldCom Classic 2001 PGA TOUR (R4 y Playoff completo)\" width=\"500\" height=\"281\" src=\"https:\/\/www.youtube.com\/embed\/vK694gh5MO4?feature=oembed\" frameborder=\"0\" allow=\"accelerometer; autoplay; clipboard-write; encrypted-media; gyroscope; picture-in-picture; web-share\" referrerpolicy=\"strict-origin-when-cross-origin\" allowfullscreen><\/iframe><\/p>\n<\/div>\n<\/div>\n<\/div>\n","protected":false},"excerpt":{"rendered":"<p>&nbsp; Jos\u00e9 C\u00f3ceres,\u00a0 Deportista del A\u00f1o en 1994 y 2001 del C\u00edrculo de Peridostas Deportivos del Chaco y Olimpia de Oro a nivel nacional en 2001.\u00a0 &nbsp; \u00a0 POR LUIS DARIO MOLODEZKY\u00a0 En el recorrido por la historia de los grandes nombres que marcaron al deporte chaque\u00f1o, hay apellidos que no necesitan presentaci\u00f3n. Basta decirlos &hellip;<\/p>\n","protected":false},"author":2,"featured_media":30279,"comment_status":"open","ping_status":"open","sticky":false,"template":"","format":"standard","meta":{"footnotes":""},"categories":[61,78],"tags":[],"class_list":["post-30230","post","type-post","status-publish","format-standard","has-post-thumbnail","hentry","category-golf","category-historias"],"_links":{"self":[{"href":"https:\/\/www.sportchaco.com.ar\/index.php?rest_route=\/wp\/v2\/posts\/30230","targetHints":{"allow":["GET"]}}],"collection":[{"href":"https:\/\/www.sportchaco.com.ar\/index.php?rest_route=\/wp\/v2\/posts"}],"about":[{"href":"https:\/\/www.sportchaco.com.ar\/index.php?rest_route=\/wp\/v2\/types\/post"}],"author":[{"embeddable":true,"href":"https:\/\/www.sportchaco.com.ar\/index.php?rest_route=\/wp\/v2\/users\/2"}],"replies":[{"embeddable":true,"href":"https:\/\/www.sportchaco.com.ar\/index.php?rest_route=%2Fwp%2Fv2%2Fcomments&post=30230"}],"version-history":[{"count":11,"href":"https:\/\/www.sportchaco.com.ar\/index.php?rest_route=\/wp\/v2\/posts\/30230\/revisions"}],"predecessor-version":[{"id":30248,"href":"https:\/\/www.sportchaco.com.ar\/index.php?rest_route=\/wp\/v2\/posts\/30230\/revisions\/30248"}],"wp:featuredmedia":[{"embeddable":true,"href":"https:\/\/www.sportchaco.com.ar\/index.php?rest_route=\/wp\/v2\/media\/30279"}],"wp:attachment":[{"href":"https:\/\/www.sportchaco.com.ar\/index.php?rest_route=%2Fwp%2Fv2%2Fmedia&parent=30230"}],"wp:term":[{"taxonomy":"category","embeddable":true,"href":"https:\/\/www.sportchaco.com.ar\/index.php?rest_route=%2Fwp%2Fv2%2Fcategories&post=30230"},{"taxonomy":"post_tag","embeddable":true,"href":"https:\/\/www.sportchaco.com.ar\/index.php?rest_route=%2Fwp%2Fv2%2Ftags&post=30230"}],"curies":[{"name":"wp","href":"https:\/\/api.w.org\/{rel}","templated":true}]}}