{"id":30280,"date":"2025-12-18T09:55:00","date_gmt":"2025-12-18T12:55:00","guid":{"rendered":"https:\/\/www.sportchaco.com.ar\/?p=30280"},"modified":"2025-12-18T11:09:13","modified_gmt":"2025-12-18T14:09:13","slug":"se-cerro-el-circulo-y-manana-la-gran-fiesta-del-deporte","status":"publish","type":"post","link":"https:\/\/www.sportchaco.com.ar\/?p=30280","title":{"rendered":"Se cerr\u00f3 la n\u00f3mina de el C\u00edrculo y este viernes es la gran fiesta del deporte"},"content":{"rendered":"<div class=\"html-div xdj266r x14z9mp xat24cr x1lziwak xexx8yu xyri2b x18d9i69 x1c1uobl\">\n<div class=\"html-div xdj266r x14z9mp x1lziwak x18d9i69 x1cy8zhl x78zum5 x1q0g3np xod5an3 xz9dl7a x1g0dm76 xpdmqnj\">\n<div class=\"html-div xdj266r x14z9mp xat24cr x1lziwak xexx8yu xyri2b x18d9i69 x1c1uobl x1iyjqo2 xeuugli\">\n<div class=\"x78zum5 xdt5ytf xz62fqu x16ldp7u\">\n<div class=\"xu06os2 x1ok221b\">\n<div data-ad-rendering-role=\"profile_name\"><strong>18-12-2025<\/strong><\/div>\n<\/div>\n<\/div>\n<\/div>\n<\/div>\n<\/div>\n<div data-ad-rendering-role=\"profile_name\"><\/div>\n<div data-ad-rendering-role=\"profile_name\"><img loading=\"lazy\" decoding=\"async\" class=\"aligncenter size-full wp-image-20491\" src=\"https:\/\/www.sportchaco.com.ar\/wp-content\/uploads\/2025\/06\/PARQUE-SOLAR_720x90-01.gif\" alt=\"\" width=\"720\" height=\"90\" \/><\/div>\n<div class=\"html-div xdj266r x14z9mp xat24cr x1lziwak xexx8yu xyri2b x18d9i69 x1c1uobl\">\n<div class=\"html-div xdj266r x14z9mp x1lziwak x18d9i69 x1cy8zhl x78zum5 x1q0g3np xod5an3 xz9dl7a x1g0dm76 xpdmqnj\">\n<div class=\"html-div xdj266r x14z9mp xat24cr x1lziwak xexx8yu xyri2b x18d9i69 x1c1uobl x1iyjqo2 xeuugli\">\n<div class=\"x78zum5 xdt5ytf xz62fqu x16ldp7u\">\n<div data-ad-rendering-role=\"profile_name\"><\/div>\n<div class=\"xu06os2 x1ok221b\"><\/div>\n<\/div>\n<\/div>\n<\/div>\n<\/div>\n<div>\n<div class=\"xabvvm4 xeyy32k x1ia1hqs x1a2w583 x6ikm8r x10wlt62\" data-visualcompletion=\"ignore-dynamic\">\n<div>\n<div>\n<div>\n<div class=\"x1n2onr6\">\n<div class=\"x6s0dn4 xi81zsa x78zum5 x6prxxf x13a6bvl xvq8zen xdj266r xat24cr x1c1uobl xyri2b x1diwwjn xbmvrgn x1yrsyyn x18d9i69\"><\/div>\n<\/div>\n<div>\n<p>A un d\u00eda del esperado acontecimiento que re\u00fane a los deportistas de diversos puntos de la provincia del Chaco, crece la expectativa por la 43\u00b0 edici\u00f3n de la Fiesta Anual del Deporte organizada por el C\u00edrculo de Periodistas Deportivos del Chaco.<\/p>\n<p>La misma tendr\u00e1 como escenario el Sal\u00f3n de Convenciones del Domo del Centenario, ma\u00f1ana a partir de las 21,30 horas con televisaci\u00f3n de Somos Uno.<\/p>\n<p>El gobernador Leandro Zdero estar\u00e1 presente en el evento junto a funcionarios de diversas \u00e1reas para acompa\u00f1ar a los atletas en un momento muy especial. El consagrado Deportista del A\u00f1o recibir\u00e1 la Copa Antuan Joyer\u00edas, empresa que hace a\u00f1os instituy\u00f3 el premio especial.<\/p>\n<p>En las \u00faltimas horas la comisi\u00f3n directiva del C\u00edrculo de Periodistas determin\u00f3 la n\u00f3mina de los deportistas de cada disciplina que ser\u00e1n distinguidos, adem\u00e1s de los reconocimientos a figuras del deporte, instituciones y equipos que alcanzaron valiosos logros.<\/p>\n<p>La gala que vivir\u00e1 el deporte de la provincia se concreta con el auspicio del Gobierno del Chaco, Loter\u00eda Chaque\u00f1a, Instituto del Deporte, Nuevo Banco del Chaco, Municipalidad de Resistencia, Ant\u00faan Joyer\u00edas y el servicio de catering de Levraux.<\/p>\n<p><strong>Los distinguidos del a\u00f1o<\/strong><br \/>\n<strong>Ajedrez:<\/strong> Noah Zalazar<br \/>\n<strong>\u00c1rbitro:<\/strong> Leandro D\u00edaz Doro\u00f1uk<br \/>\n<strong>Artes Marciales:<\/strong> Adriana Delgado<br \/>\n<strong>Atletismo:<\/strong> Thiago Acevedo<br \/>\n<strong>Automovilismo:<\/strong> Lucas Carabajal<br \/>\n<strong>B\u00e1squet femenino:<\/strong> Aldana Duarte<br \/>\n<strong>B\u00e1squet masculino:<\/strong> Carlos Araujo<br \/>\n<strong>Bochas:<\/strong> Santiago Lucas Morales<br \/>\n<strong>Boxeo:<\/strong> Carlos G\u00f3mez Remotti<br \/>\n<strong>Caza:<\/strong> Juan Gael Alegre<br \/>\n<strong>Canotaje:<\/strong> Paula Flores<br \/>\n<strong>Cestoball:<\/strong> Mat\u00edas Barreto<br \/>\n<strong>Ciclismo:<\/strong> Germ\u00e1n Trautner<br \/>\n<strong>Deporte Adaptado:<\/strong> Lucas Leguiza<br \/>\n<strong>F\u00fatbol femenino:<\/strong> Agustina Correa<br \/>\n<strong>F\u00fatbol masculino:<\/strong> Tom\u00e1s Aquino<br \/>\n<strong>Futsal:<\/strong> Marcos Jes\u00fas Fern\u00e1ndez<br \/>\n<strong>Fisicoculturismo:<\/strong> Mario Monfardini<br \/>\n<strong>Gimnasia:<\/strong> Ezequ\u00edas B\u00e1ez<br \/>\n<strong>Golf:<\/strong> Camilo Chapresto<br \/>\n<strong>Handball:<\/strong> Sof\u00eda Silva<br \/>\n<strong>Hockey:<\/strong> Cristian Castro<br \/>\n<strong>Karting:<\/strong> Fausto Vicente<br \/>\n<strong>Levantamiento Ol\u00edmpico de Pesas:<\/strong> Milena Ayala<br \/>\n<strong>Marat\u00f3n:<\/strong> Gabriela Moreyra<br \/>\n<strong>Motociclismo:<\/strong> Ramiro Gandola<br \/>\n<strong>Nataci\u00f3n:<\/strong> Thiago Romero<br \/>\n<strong>Pat\u00edn:<\/strong> Martina Ferreira<br \/>\n<strong>Pesca:<\/strong> Mario Passarino<br \/>\n<strong>Rugby femenino:<\/strong> Cristal Escalante<br \/>\n<strong>Rugby masculino:<\/strong> Ignacio Baiter<br \/>\n<strong>Squash:<\/strong> Luca Antenucci<br \/>\n<strong>Tenis:<\/strong> Fantino Alberca<br \/>\n<strong>Tenis de Mesa:<\/strong> Juan Cruz Axon<br \/>\n<strong>Tiro:<\/strong> Adri\u00e1n Cristaldo<br \/>\n<strong>Triatl\u00f3n:<\/strong> Ignacio Zurlo<br \/>\n<strong>V\u00f3ley:<\/strong> Gabriel C\u00f3rdoba<\/p>\n<p><strong>Reconocimientos<\/strong><br \/>\nLiga Chaque\u00f1a de F\u00fatbol<br \/>\nClub de Regatas Resistencia<br \/>\nAlejandro \u201cPuma\u201d Pirota<br \/>\nGonzalo Corbal\u00e1n<br \/>\nSelecci\u00f3n de Seven de la Uni\u00f3n de Rugby del Nordeste<br \/>\nDeportivo Luj\u00e1n<br \/>\nClub Empleados de Comercio<br \/>\nParque Patricios<br \/>\nUni\u00f3n y Fuerza de Corzuela<br \/>\nJazm\u00edn Travesani<br \/>\nValentino Mar\u00edn<\/p>\n<p><img loading=\"lazy\" decoding=\"async\" class=\"aligncenter size-full wp-image-20254\" src=\"https:\/\/www.sportchaco.com.ar\/wp-content\/uploads\/2025\/06\/Campo-200x200-03.gif\" alt=\"\" width=\"417\" height=\"417\" \/><\/p>\n<\/div>\n<\/div>\n<\/div>\n<\/div>\n<\/div>\n<\/div>\n","protected":false},"excerpt":{"rendered":"<p>18-12-2025 A un d\u00eda del esperado acontecimiento que re\u00fane a los deportistas de diversos puntos de la provincia del Chaco, crece la expectativa por la 43\u00b0 edici\u00f3n de la Fiesta Anual del Deporte organizada por el C\u00edrculo de Periodistas Deportivos del Chaco. La misma tendr\u00e1 como escenario el Sal\u00f3n de Convenciones del Domo del Centenario, &hellip;<\/p>\n","protected":false},"author":2,"featured_media":30281,"comment_status":"open","ping_status":"open","sticky":false,"template":"","format":"standard","meta":{"footnotes":""},"categories":[44],"tags":[],"class_list":["post-30280","post","type-post","status-publish","format-standard","has-post-thumbnail","hentry","category-varios"],"_links":{"self":[{"href":"https:\/\/www.sportchaco.com.ar\/index.php?rest_route=\/wp\/v2\/posts\/30280","targetHints":{"allow":["GET"]}}],"collection":[{"href":"https:\/\/www.sportchaco.com.ar\/index.php?rest_route=\/wp\/v2\/posts"}],"about":[{"href":"https:\/\/www.sportchaco.com.ar\/index.php?rest_route=\/wp\/v2\/types\/post"}],"author":[{"embeddable":true,"href":"https:\/\/www.sportchaco.com.ar\/index.php?rest_route=\/wp\/v2\/users\/2"}],"replies":[{"embeddable":true,"href":"https:\/\/www.sportchaco.com.ar\/index.php?rest_route=%2Fwp%2Fv2%2Fcomments&post=30280"}],"version-history":[{"count":3,"href":"https:\/\/www.sportchaco.com.ar\/index.php?rest_route=\/wp\/v2\/posts\/30280\/revisions"}],"predecessor-version":[{"id":30291,"href":"https:\/\/www.sportchaco.com.ar\/index.php?rest_route=\/wp\/v2\/posts\/30280\/revisions\/30291"}],"wp:featuredmedia":[{"embeddable":true,"href":"https:\/\/www.sportchaco.com.ar\/index.php?rest_route=\/wp\/v2\/media\/30281"}],"wp:attachment":[{"href":"https:\/\/www.sportchaco.com.ar\/index.php?rest_route=%2Fwp%2Fv2%2Fmedia&parent=30280"}],"wp:term":[{"taxonomy":"category","embeddable":true,"href":"https:\/\/www.sportchaco.com.ar\/index.php?rest_route=%2Fwp%2Fv2%2Fcategories&post=30280"},{"taxonomy":"post_tag","embeddable":true,"href":"https:\/\/www.sportchaco.com.ar\/index.php?rest_route=%2Fwp%2Fv2%2Ftags&post=30280"}],"curies":[{"name":"wp","href":"https:\/\/api.w.org\/{rel}","templated":true}]}}