{"id":30292,"date":"2025-12-18T12:35:04","date_gmt":"2025-12-18T15:35:04","guid":{"rendered":"https:\/\/www.sportchaco.com.ar\/?p=30292"},"modified":"2025-12-18T12:39:19","modified_gmt":"2025-12-18T15:39:19","slug":"horacio-zeballos-leyenda-fue-proclamado-campeon-del-mundo-junto-a-sinner-y-sabalenka","status":"publish","type":"post","link":"https:\/\/www.sportchaco.com.ar\/?p=30292","title":{"rendered":"Horacio Zeballos, leyenda: fue proclamado campe\u00f3n del mundo junto a Sinner y Sabalenka"},"content":{"rendered":"<div class=\"c-stack b-single-chain\" data-style-direction=\"vertical\" data-style-justification=\"start\" data-style-alignment=\"unset\" data-style-inline=\"false\" data-style-wrap=\"nowrap\">\n<div class=\"c-stack b-single-chain__children-stack\" data-style-direction=\"vertical\" data-style-justification=\"start\" data-style-alignment=\"unset\" data-style-inline=\"false\" data-style-wrap=\"nowrap\">\n<h5 class=\"p12Heading h2 p12Header\">La Federaci\u00f3n Internacional de Tenis (ITF) lo consagr\u00f3 en dobles masculino.El marplatense Zeballos de 40 a\u00f1os se qued\u00f3 con el reconocimiento, con su compa\u00f1ero espa\u00f1ol Marcel Granollers, tras una temporada en la que conquist\u00f3 dos Grand Slams.<\/h5>\n<div class=\"p12-article-info\">\n<hr class=\"p12-divider p12-divider--horizontal \" aria-hidden=\"true\" \/>\n<div class=\"article-info-content\">\n<div class=\"left-content\">\n<div class=\"profile-img no-avatar\"><\/div>\n<\/div>\n<div class=\"right-content\">\n<div class=\"p12SocialIcons\">\n<div class=\"icon small \"><\/div>\n<\/div>\n<\/div>\n<\/div>\n<hr class=\"p12-divider p12-divider--horizontal \" aria-hidden=\"true\" \/>\n<\/div>\n<div class=\"p12-lead-art\">\n<figure class=\"c-media-item\">\n<div class=\"p12-lead-art__image-wrapper\"><\/div>\n<\/figure>\n<\/div>\n<\/div>\n<\/div>\n<div class=\"article-content\">\n<article class=\"p12-article-body \">\n<p class=\"c-paragraph\"><span style=\"color: #000000;\"><a style=\"color: #000000;\" title=\"https:\/\/www.pagina12.com.ar\/tags\/horacio-zeballos\/\" href=\"https:\/\/www.pagina12.com.ar\/tags\/horacio-zeballos\/\" target=\"_self\" rel=\"\"><b>Horacio Zeballos<\/b><\/a>, el doblista m\u00e1s destacado de la historia del tenis argentino, fue\u00a0<b>consagrado como campe\u00f3n del mundo por la Federaci\u00f3n Internacional de Tenis (ITF)\u00a0<\/b>luego de una temporada que lo transform\u00f3 en una verdadera leyenda, un reconocimiento que tambi\u00e9n recibieron nada menos que\u00a0<b>los singlistas m\u00e1s ganadores del a\u00f1o Jannik Sinner y Aryna Sabalenka.<\/b><\/span><\/p>\n<p class=\"c-paragraph\"><span style=\"color: #000000;\"><b>El zurdo de 40 a\u00f1os se qued\u00f3 con el prestigioso galard\u00f3n, junto con su compa\u00f1ero espa\u00f1ol Marcel Granollers<\/b>, en la categor\u00eda dobles masculino, despu\u00e9s de haber finalizado un a\u00f1o que lo dej\u00f3\u00a0<b>en el Olimpo del tenis argentino y en la historia del tenis internacional.<\/b><\/span><\/p>\n<p class=\"c-paragraph\"><span style=\"color: #000000;\">El hombre formado en el Edison Lawn Tenis de Mar del Plata\u00a0<b>conquist\u00f3 en 2025 sus dos primeras coronas de Grand Slam: primero en Roland Garros y m\u00e1s tarde en el US Open.\u00a0<\/b>Con la proeza en Par\u00eds enterr\u00f3 una racha de tres ca\u00eddas en finales grandes entre 2019 y 2023.<\/span><\/p>\n<div id=\"ad-slot-video_inread\" class=\"ad-slot-video_inread ad-slot\" data-adtype=\"video_inread\" data-google-query-id=\"CPTrn9K4x5EDFUOKlQId8jklIg\">\n<div id=\"google_ads_iframe_\/349353471\/p12\/nota_video_inread_0__container__\"><\/div>\n<\/div>\n<p class=\"c-paragraph\"><span style=\"color: #000000;\">\u201cLa ficha no me est\u00e1 cayendo, todav\u00eda no me cay\u00f3. Pero no quiero parar un segundo.\u00a0<b>Quiero seguir festejando como lo merece un logro personal tan importante\u201d,<\/b>\u00a0<a style=\"color: #000000;\" title=\"https:\/\/www.pagina12.com.ar\/833427-horacio-zeballos-alma-al-desnudo-la-ficha-que-no-cae-y-que-h\/\" href=\"https:\/\/www.pagina12.com.ar\/833427-horacio-zeballos-alma-al-desnudo-la-ficha-que-no-cae-y-que-h\/\" target=\"_self\" rel=\"\"><b>le dec\u00eda Zeballos a este medio<\/b><\/a>, escasas horas despu\u00e9s de haber\u00a0<a style=\"color: #000000;\" title=\"https:\/\/www.pagina12.com.ar\/832102-horacio-zeballos-historico-campeon-en-roland-garros-junto-a-\/\" href=\"https:\/\/www.pagina12.com.ar\/832102-horacio-zeballos-historico-campeon-en-roland-garros-junto-a-\/\" target=\"_self\" rel=\"\"><b>haber jugado la final de su vida<\/b><\/a>\u00a0y terminado con la malaria: su carrera como doblista, que tambi\u00e9n inclu\u00eda\u00a0<a style=\"color: #000000;\" title=\"https:\/\/www.pagina12.com.ar\/788156-horacio-zeballos-el-numero-uno-la-calesita-de-emociones-y-la\/\" href=\"https:\/\/www.pagina12.com.ar\/788156-horacio-zeballos-el-numero-uno-la-calesita-de-emociones-y-la\/\" target=\"_self\" rel=\"\"><b>el ascenso al n\u00famero uno del mundo en 2024<\/b><\/a>, merec\u00eda -y hasta le correspond\u00eda-\u00a0<b>al menos una conquista de Grand Slam.<\/b><\/span><\/p>\n<div data-chromatic=\"ignore\">\n<div>\n<div><\/div>\n<\/div>\n<\/div>\n<p class=\"c-paragraph\"><span style=\"color: #000000;\">Con sue\u00f1os interminables, el zurdo no se conformar\u00eda.\u00a0<a style=\"color: #000000;\" title=\"https:\/\/www.pagina12.com.ar\/855587-inagotable-propulsor-de-ilusiones-horacio-zeballos-conquisto\/\" href=\"https:\/\/www.pagina12.com.ar\/855587-inagotable-propulsor-de-ilusiones-horacio-zeballos-conquisto\/\" target=\"_self\" rel=\"\"><b>Ganar\u00eda tambi\u00e9n en Flushing Meadows<\/b><\/a>\u00a0para coronar una temporada para la posteridad, que adem\u00e1s contendr\u00eda otros tres t\u00edtulos en Burarest, Madrid y Basilea, para llegar a 27 trofeos de ATP en dobles, y el estelar regreso\u00a0<a style=\"color: #000000;\" title=\"https:\/\/www.pagina12.com.ar\/2025\/11\/19\/de-borrado-a-reconocido-horacio-zeballos-el-referente-que-nunca-debio-faltar\/\" href=\"https:\/\/www.pagina12.com.ar\/2025\/11\/19\/de-borrado-a-reconocido-horacio-zeballos-el-referente-que-nunca-debio-faltar\/\" target=\"_self\" rel=\"\"><b>al equipo argentino de la Copa Davis, al que impuls\u00f3, ahora como referente absoluto<\/b><\/a>, a imponerse en las dos instancias de Qualifiers del a\u00f1o -Noruega y Pa\u00edses Bajos, ambas de visitante- y a disputar el Final 8 en Bologna, en\u00a0<a style=\"color: #000000;\" title=\"https:\/\/www.pagina12.com.ar\/2025\/11\/21\/trompada-a-la-ilusion-argentina-afuera-de-la-copa-davis-por-milimetros\/\" href=\"https:\/\/www.pagina12.com.ar\/2025\/11\/21\/trompada-a-la-ilusion-argentina-afuera-de-la-copa-davis-por-milimetros\/\" target=\"_self\" rel=\"\"><b>el que el conjunto de Javier Frana estuvo a mil\u00edmetros de alcanzar las semifinales.<\/b><\/a><\/span><\/p>\n<p><img decoding=\"async\" src=\"https:\/\/quedigital.com.ar\/web\/wp-content\/uploads\/2021\/11\/Horacio-Zeballos-Marcel-Granollers-foto-prensa-ATP-Tour.jpg\" alt=\"Horacio Zeballos: &quot;Fue uno de los mejores a\u00f1os de mi carrera ...\" \/><\/p>\n<p class=\"c-paragraph\"><b>Los sue\u00f1os del Pibe de 40 resultan inagotables porque su propuesta personal es renovar las ilusiones de manera permanente.\u00a0<\/b>As\u00ed lo vive, as\u00ed disfruta del presente y de los anhelos cumplidos, seg\u00fan lo que manifest\u00f3 este a\u00f1o ya con dos Grand Slams en la vitrina personal: \u201cSiempre me gusta escuchar a un orador, motivador, psic\u00f3logo, que se llama Victor Kuppers y que siempre dice que\u00a0<b>nunca hay que dejar de proponerse ilusiones,\u00a0<\/b>porque eso es lo que te lleva a mantenerte motivado para seguir buscando la felicidad y la alegr\u00eda en lo que uno hace.\u00a0<b>El objetivo es, ahora, ponerse m\u00e1s ilusiones: vamos por m\u00e1s&#8230; por m\u00e1s torneos, por m\u00e1s Grand Slams, por m\u00e1s satisfacci\u00f3n en la competencia\u00bb.<\/b><\/p>\n<h3 class=\"p12-article-body__h3\">Junto a Sinner y Sabalenka<\/h3>\n<p class=\"c-paragraph\">Zeballos se consagr\u00f3 campe\u00f3n del mundo 2025 junto con otros pesos pesados del ecosistema de las raquetas:\u00a0<b>Jannik Sinner y Aryna Sabalenka.<\/b><\/p>\n<p class=\"c-paragraph\">El italiano se qued\u00f3 con el reconocimiento en la categor\u00eda singles masculino,\u00a0<b>tras una temporada resonante en la que pele\u00f3 mano a mano en una mesa de dos con el espa\u00f1ol Carlos Alcaraz.<\/b><\/p>\n<p class=\"c-paragraph\">Si bien finaliz\u00f3 el a\u00f1o como n\u00famero dos del ranking,\u00a0<b>lo cierto es que alcanz\u00f3 las cuatro finales de Grand Slam,<\/b>\u00a0dos de las cuales lo vieron como el vencedor:\u00a0<b>le gan\u00f3 al alem\u00e1n Alexander Zverev en Australia y logr\u00f3 su primer t\u00edtulo en Wimbledon ante Alcaraz,<\/b>\u00a0quien lo super\u00f3 en las definiciones de Roland Garros y del US Open. Termin\u00f3 la temporada con otros cuatro t\u00edtulos:\u00a0<b>Beijing, Viena, Paris Bercy y las Finales ATP.<\/b><\/p>\n<p class=\"c-paragraph\">Sabalenka, por su lado,\u00a0<b>se qued\u00f3 con el premio en la categor\u00eda singles femenino luego de mantenerse en la cima del ranking WTA durante 2025<\/b>, a\u00f1o en el que conquist\u00f3\u00a0<b>su cuarta corona de Grand Slam en el Abierto de Estados Unidos.\u00a0<\/b>Tambi\u00e9n fue finalista en Australia y en Roland Garros, adem\u00e1s de semifinalista en Wimbledon. Como si fuera poco\u00a0<b>sum\u00f3 t\u00edtulos en Brisbane, Miami y Madrid, en un total de nueve finales.<\/b><\/p>\n<h3 class=\"p12-article-body__h3\">Todos los campeones del mundo 2025<\/h3>\n<p class=\"c-paragraph\"><i>-Singles femenino: Aryna Sabalenka (Bielorrusia)<\/i><\/p>\n<p class=\"c-paragraph\"><i>-Singles masculino: Jannik Sinner (Italia)<\/i><\/p>\n<p class=\"c-paragraph\"><i>-Dobles femenino: Sara Errani (Italia) &#8211; Jasmine Paolini (Italia)<\/i><\/p>\n<p class=\"c-paragraph\"><i>-Dobles masculino: Horacio Zeballos (Argentina) &#8211; Marcel Granollers (Espa\u00f1a)<\/i><\/p>\n<p class=\"c-paragraph\"><i>-Singles femenino adaptado: Yui Kamiji (Jap\u00f3n)<\/i><\/p>\n<p class=\"c-paragraph\"><i>-Singles masculino adaptado: Tokito Oda (Jap\u00f3n)<\/i><\/p>\n<p class=\"c-paragraph\"><i>-Singles en silla de ruedas squad: Niels Vink (Pa\u00edses Bajos)<\/i><\/p>\n<p class=\"c-paragraph\"><i>-Singles junior femenino: Kristina Penickova (Estados Unidos)<\/i><\/p>\n<p class=\"c-paragraph\"><i>-Singles junior masculino: Ivan Ivanov (Bulgaria)<\/i><\/p>\n<\/article>\n<\/div>\n","protected":false},"excerpt":{"rendered":"<p>La Federaci\u00f3n Internacional de Tenis (ITF) lo consagr\u00f3 en dobles masculino.El marplatense Zeballos de 40 a\u00f1os se qued\u00f3 con el reconocimiento, con su compa\u00f1ero espa\u00f1ol Marcel Granollers, tras una temporada en la que conquist\u00f3 dos Grand Slams. Horacio Zeballos, el doblista m\u00e1s destacado de la historia del tenis argentino, fue\u00a0consagrado como campe\u00f3n del mundo por &hellip;<\/p>\n","protected":false},"author":2,"featured_media":30293,"comment_status":"open","ping_status":"open","sticky":false,"template":"","format":"standard","meta":{"footnotes":""},"categories":[46],"tags":[],"class_list":["post-30292","post","type-post","status-publish","format-standard","has-post-thumbnail","hentry","category-tenis"],"_links":{"self":[{"href":"https:\/\/www.sportchaco.com.ar\/index.php?rest_route=\/wp\/v2\/posts\/30292","targetHints":{"allow":["GET"]}}],"collection":[{"href":"https:\/\/www.sportchaco.com.ar\/index.php?rest_route=\/wp\/v2\/posts"}],"about":[{"href":"https:\/\/www.sportchaco.com.ar\/index.php?rest_route=\/wp\/v2\/types\/post"}],"author":[{"embeddable":true,"href":"https:\/\/www.sportchaco.com.ar\/index.php?rest_route=\/wp\/v2\/users\/2"}],"replies":[{"embeddable":true,"href":"https:\/\/www.sportchaco.com.ar\/index.php?rest_route=%2Fwp%2Fv2%2Fcomments&post=30292"}],"version-history":[{"count":3,"href":"https:\/\/www.sportchaco.com.ar\/index.php?rest_route=\/wp\/v2\/posts\/30292\/revisions"}],"predecessor-version":[{"id":30296,"href":"https:\/\/www.sportchaco.com.ar\/index.php?rest_route=\/wp\/v2\/posts\/30292\/revisions\/30296"}],"wp:featuredmedia":[{"embeddable":true,"href":"https:\/\/www.sportchaco.com.ar\/index.php?rest_route=\/wp\/v2\/media\/30293"}],"wp:attachment":[{"href":"https:\/\/www.sportchaco.com.ar\/index.php?rest_route=%2Fwp%2Fv2%2Fmedia&parent=30292"}],"wp:term":[{"taxonomy":"category","embeddable":true,"href":"https:\/\/www.sportchaco.com.ar\/index.php?rest_route=%2Fwp%2Fv2%2Fcategories&post=30292"},{"taxonomy":"post_tag","embeddable":true,"href":"https:\/\/www.sportchaco.com.ar\/index.php?rest_route=%2Fwp%2Fv2%2Ftags&post=30292"}],"curies":[{"name":"wp","href":"https:\/\/api.w.org\/{rel}","templated":true}]}}