{"id":30303,"date":"2025-12-18T22:58:23","date_gmt":"2025-12-19T01:58:23","guid":{"rendered":"https:\/\/www.sportchaco.com.ar\/?p=30303"},"modified":"2025-12-18T22:58:23","modified_gmt":"2025-12-19T01:58:23","slug":"argentina-espana-el-27-de-mayo-a-las-15-en-qatar","status":"publish","type":"post","link":"https:\/\/www.sportchaco.com.ar\/?p=30303","title":{"rendered":"Argentina-Espa\u00f1a el 27 de mayo a las 15 en Qatar"},"content":{"rendered":"<div class=\"c-stack b-single-chain\" data-style-direction=\"vertical\" data-style-justification=\"start\" data-style-alignment=\"unset\" data-style-inline=\"false\" data-style-wrap=\"nowrap\">\n<div class=\"c-stack b-single-chain__children-stack\" data-style-direction=\"vertical\" data-style-justification=\"start\" data-style-alignment=\"unset\" data-style-inline=\"false\" data-style-wrap=\"nowrap\">\n<h2 class=\"p12Heading h2 p12Header\"><\/h2>\n<h5 class=\"p12Heading h1 p12Header\">La Finalissima entre Argentina y Espa\u00f1a se disputar\u00e1 en el\u00a0<b>Lusail Stadium de Qatar<\/b> el viernes 27 de mayo de 2026 desde las 15 horas de nuestro pa\u00eds. El partido enfrentar\u00e1 a los campeones vigentes de la Eurocopa y la Copa Am\u00e9rica, que adem\u00e1s son los dos grandes candidatos para el Mundial 2026.<\/h5>\n<div class=\"p12-article-info\">\n<hr class=\"p12-divider p12-divider--horizontal \" aria-hidden=\"true\" \/>\n<div class=\"article-info-content\">\n<div class=\"right-content\">\n<div class=\"p12SocialIcons\">\n<div class=\"icon small \"><\/div>\n<\/div>\n<\/div>\n<\/div>\n<hr class=\"p12-divider p12-divider--horizontal \" aria-hidden=\"true\" \/>\n<\/div>\n<div class=\"p12-lead-art\">\n<figure class=\"c-media-item\">\n<div class=\"p12-lead-art__image-wrapper\"><\/div><figcaption class=\"c-media-item__fig-caption\"><\/figcaption><\/figure>\n<\/div>\n<\/div>\n<\/div>\n<div class=\"article-content\">\n<article class=\"p12-article-body  \">\n<p class=\"c-paragraph\">La\u00a0<b>CONMEBOL\u00a0<\/b>y la\u00a0<b>UEFA\u00a0<\/b>confirmaron que la\u00a0<b>Finalissima\u00a0<\/b>entre las selecciones de\u00a0<b>Argentina\u00a0<\/b>y\u00a0<b>Espa\u00f1a\u00a0<\/b>se disputar\u00e1 en el\u00a0<b>Lusail Stadium de Qatar<\/b> el viernes 27 de mayo de 2026 desde las 15 horas de nuestro pa\u00eds.<\/p>\n<p><img decoding=\"async\" src=\"https:\/\/www.pagina12.com.ar\/resizer\/v2\/IDUDMYOHTZBJNNSGPF2QMVGAEE.jpg?smart=true&amp;auth=1cc49cfca782f1f226b3ecbf92afa17f3e3d4a5a20019a25dee986c96e54eff0&amp;width=1276&amp;height=850\" alt=\"MADRID, 18\/12\/2025.- La Finalissima que enfrentar\u00e1 a Espa\u00f1a, como campeona de Europa, y a Argentina, como campeona de Am\u00e9rica, se jugar\u00e1 finalmente el 27 de marzo en el estadio Lusail de Catar, que acogi\u00f3 la final del \u00faltimo Mundial 2022. La CONMEBOL y la UEFA, junto a la Federaci\u00f3n Espa\u00f1ola de F\u00fatbol (RFEF) y la Asociaci\u00f3n Argentina (AFA), confirmaron este jueves la sede y la fecha del encuentro, que empezar\u00e1 a las 21.00 horas locales (19.00h CET\/18.00h GMT). Fotograf\u00edas de archivo de Argentina con la Copa Am\u00e9rica 2024 (izq), y Espa\u00f1a levantando el trofeo de la Eurocopa 2024. EFE\/Archivo\/Crist\u00f3bal Herrera\/Hannibal Hanschke\" \/><\/p>\n<p class=\"c-paragraph\">Los vigentes campeones de la Eurocopa y la Copa Am\u00e9rica se enfrentar\u00e1n en el mismo estadio donde la Scaloneta se consagr\u00f3 campeona del\u00a0<b>Mundo en Qatar 2022<\/b>\u00a0ante\u00a0<b>Francia<\/b>. Junto a los galos, la\u00a0<i>Furia Roja<\/i>\u00a0y la\u00a0<i>Albiceleste\u00a0<\/i>son las grandes candidatas a quedarse con el pr\u00f3ximo Mundial.<\/p>\n<p class=\"c-paragraph\"><b>El encuentro se jugar\u00e1 a partido \u00fanico, sin tiempo extra, por lo que en caso de empate se definir\u00e1 por penales<\/b>. El nombramiento del \u00e1rbitro ser\u00e1 realizado conjuntamente por las dos confederaciones. Habr\u00e1 VAR, tecnolog\u00eda de la l\u00ednea de gol y la tecnolog\u00eda semiautom\u00e1tica de fuera de juego (SAOT). A\u00fan no hay informaci\u00f3n al respecto de las entradas.<\/p>\n<h2 class=\"p12-article-body__h2\">\u00bfPor qu\u00e9 se demor\u00f3 tanto en poner la fecha?<\/h2>\n<p class=\"c-paragraph\"><b>La dificultad para establecer una fecha radic\u00f3 en los calendarios<\/b>. Espa\u00f1a lleg\u00f3 a la final de la \u00faltima Nations League y termin\u00f3 su participaci\u00f3n reci\u00e9n en junio de este a\u00f1o. En el medio se jug\u00f3 el Mundial de Clubes e inmediatamente temporada en las ligas locales e internacionales.<\/p>\n<p class=\"c-paragraph\">En el medio, Espa\u00f1a jug\u00f3<b>\u00a0las Eliminatorias de la UEFA para clasificar al pr\u00f3ximo Mundial<\/b>. Si bien al ganar su grupo clasific\u00f3 directo,<b>\u00a0en caso de haber sido escolta deber\u00eda haber jugado el repechaje, cuyas fechas caen justamente en marzo<\/b>.<\/p>\n<p class=\"c-paragraph\">Ambas selecciones prefer\u00edan que el partido se jugara lo m\u00e1s alejado posible de la fecha de inicio del Mundial. Y es que un encuentro de esa magnitud puede causar un impacto muy fuerte a tan pocos d\u00edas del arranque de la Copa del Mundo.<\/p>\n<p class=\"c-paragraph\"><b>No fue gratis ese 1-6 ante Espa\u00f1a a pocos meses del Mundial 2018<\/b>, cuando Sampaoli era el DT. Los amistosos previos a una Copa del Mundo suelen ser ante selecciones menores, para ajustar detalles y llegar con ritmo, sin hacer esfuerzos f\u00edsicos innecesarios que provoquen lesiones.<\/p>\n<h2 class=\"p12-article-body__h2\">El recuerdo de la Finalissima 2021<\/h2>\n<p class=\"c-paragraph\">Queda a\u00fan en el recuerdo la magn\u00edfica<b>\u00a0actuaci\u00f3n de la selecci\u00f3n argentina en la Finalissima en la que se impuso 3 a 0 a Italia<\/b>, por entonces vigente campeona de la Eurocopa. No solo la diferencia en el resultado, sino en el desarrollo mismo del partido. Era la coronaci\u00f3n de un equipo que no paraba de crecer desde la Copa Am\u00e9rica que le hab\u00eda ganado a Brasil en el Maracan\u00e1. Sin dudas ilusion\u00f3 a todos de cara al Mundial. Ilusi\u00f3n que no ser\u00eda en vano.<\/p>\n<p class=\"c-paragraph\">Argentina revalid\u00f3 su t\u00edtulo de campe\u00f3n de la Copa Am\u00e9rica y del otro lado del oc\u00e9ano resurgi\u00f3 Espa\u00f1a, que gan\u00f3 la Eurocopa 2024 y\u00a0<b>en la actualidad parece ser la \u00fanica selecci\u00f3n en el mundo que amenaza con la hegemon\u00eda albiceleste<\/b>. M\u00e1s all\u00e1 de los muy buenos planteles que tienen Inglaterra, Francia, Alemania o la propia Portugal, que este derrot\u00f3 a Espa\u00f1a en la final de la \u00faltima Nations League,\u00a0<b>la Selecci\u00f3n ha demostrado regularidad y desde hace por lo menos 4 a\u00f1os est\u00e1 en la cima del f\u00fatbol mundial<\/b>.<\/p>\n<\/article>\n<\/div>\n","protected":false},"excerpt":{"rendered":"<p>La Finalissima entre Argentina y Espa\u00f1a se disputar\u00e1 en el\u00a0Lusail Stadium de Qatar el viernes 27 de mayo de 2026 desde las 15 horas de nuestro pa\u00eds. El partido enfrentar\u00e1 a los campeones vigentes de la Eurocopa y la Copa Am\u00e9rica, que adem\u00e1s son los dos grandes candidatos para el Mundial 2026. La\u00a0CONMEBOL\u00a0y la\u00a0UEFA\u00a0confirmaron que &hellip;<\/p>\n","protected":false},"author":2,"featured_media":30304,"comment_status":"open","ping_status":"open","sticky":false,"template":"","format":"standard","meta":{"footnotes":""},"categories":[6],"tags":[],"class_list":["post-30303","post","type-post","status-publish","format-standard","has-post-thumbnail","hentry","category-internacionales"],"_links":{"self":[{"href":"https:\/\/www.sportchaco.com.ar\/index.php?rest_route=\/wp\/v2\/posts\/30303","targetHints":{"allow":["GET"]}}],"collection":[{"href":"https:\/\/www.sportchaco.com.ar\/index.php?rest_route=\/wp\/v2\/posts"}],"about":[{"href":"https:\/\/www.sportchaco.com.ar\/index.php?rest_route=\/wp\/v2\/types\/post"}],"author":[{"embeddable":true,"href":"https:\/\/www.sportchaco.com.ar\/index.php?rest_route=\/wp\/v2\/users\/2"}],"replies":[{"embeddable":true,"href":"https:\/\/www.sportchaco.com.ar\/index.php?rest_route=%2Fwp%2Fv2%2Fcomments&post=30303"}],"version-history":[{"count":1,"href":"https:\/\/www.sportchaco.com.ar\/index.php?rest_route=\/wp\/v2\/posts\/30303\/revisions"}],"predecessor-version":[{"id":30305,"href":"https:\/\/www.sportchaco.com.ar\/index.php?rest_route=\/wp\/v2\/posts\/30303\/revisions\/30305"}],"wp:featuredmedia":[{"embeddable":true,"href":"https:\/\/www.sportchaco.com.ar\/index.php?rest_route=\/wp\/v2\/media\/30304"}],"wp:attachment":[{"href":"https:\/\/www.sportchaco.com.ar\/index.php?rest_route=%2Fwp%2Fv2%2Fmedia&parent=30303"}],"wp:term":[{"taxonomy":"category","embeddable":true,"href":"https:\/\/www.sportchaco.com.ar\/index.php?rest_route=%2Fwp%2Fv2%2Fcategories&post=30303"},{"taxonomy":"post_tag","embeddable":true,"href":"https:\/\/www.sportchaco.com.ar\/index.php?rest_route=%2Fwp%2Fv2%2Ftags&post=30303"}],"curies":[{"name":"wp","href":"https:\/\/api.w.org\/{rel}","templated":true}]}}