{"id":30320,"date":"2025-12-19T11:02:34","date_gmt":"2025-12-19T14:02:34","guid":{"rendered":"https:\/\/www.sportchaco.com.ar\/?p=30320"},"modified":"2025-12-19T11:04:14","modified_gmt":"2025-12-19T14:04:14","slug":"esta-noche-la-fiesta-anual-del-deporte-numero-43","status":"publish","type":"post","link":"https:\/\/www.sportchaco.com.ar\/?p=30320","title":{"rendered":"Esta noche la Fiesta anual del deporte n\u00famero 43"},"content":{"rendered":"<div><\/div>\n<div><\/div>\n<div class=\"gs_heroTextHeader gs_heroText40\" role=\"heading\" aria-level=\"2\">\n<div class=\"gs_p\"><em><strong><span class=\"gs_tkn\">Foto portada: Tantos a\u00f1os de encuentros, que hoy llegamos a los 43 a\u00f1os consecutivos de la Fiesta Anual del Deporte. Aqu\u00ed un reconocimiento a don Yaco Guarnieri, de las manos de Luis Dar\u00edo Molodezky <\/span><\/strong><\/em><\/div>\n<div><\/div>\n<div class=\"gs_p\"><span class=\"gs_tkn\">19 <\/span><span class=\"gs_tkn\">de\u00a0<\/span><span class=\"gs_tkn\">diciembre 2025<\/span><\/div>\n<\/div>\n<h2 id=\"fiestas-anuales-del-deporte-chaco-43\"><\/h2>\n<h5 class=\"gs_text gs_mdr gsqna_renderText16\" style=\"text-align: center;\"><span style=\"color: #000000;\"><a class=\"gs_mdlink\" style=\"color: #000000;\" tabindex=\"0\" href=\"https:\/\/www.bing.com\/ck\/a?!&amp;&amp;p=d146721f67a33733f1c72fa567bb6a5e6c5859778edf9a4ceac1ed86a3e28b1aJmltdHM9MTc2NjEwMjQwMA&amp;ptn=3&amp;ver=2&amp;hsh=4&amp;fclid=1f65513c-e255-6b32-2ab0-4483e3766ada&amp;u=a1aHR0cHM6Ly93d3cuc3BvcnRjaGFjby5jb20uYXIvP3A9Mjg4ODM&amp;ntb=1\" target=\"_blank\" rel=\"noopener\"><span class=\"gs_cit_txt\" tabindex=\"-1\" data-sups=\"1,2,3,4,5,6\" data-hover-id=\"1\"><span class=\"gs_tkn\">La\u00a0<\/span><strong><span class=\"gs_tkn\">43\u00b0\u00a0<\/span><span class=\"gs_tkn\">Fiesta\u00a0<\/span><span class=\"gs_tkn\">Anual\u00a0<\/span><span class=\"gs_tkn\">del\u00a0<\/span><span class=\"gs_tkn\">Deporte\u00a0<\/span><span class=\"gs_tkn\">Chaco<\/span><\/strong><span class=\"gs_tkn\">\u00a0<\/span><span class=\"gs_tkn\">se\u00a0<\/span><span class=\"gs_tkn\">llevar\u00e1\u00a0<\/span><span class=\"gs_tkn\">a\u00a0<\/span><span class=\"gs_tkn\">cabo\u00a0<\/span><span class=\"gs_tkn\">el\u00a0<\/span><strong><span class=\"gs_tkn\">19\u00a0<\/span><span class=\"gs_tkn\">de\u00a0<\/span><span class=\"gs_tkn\">diciembre<\/span><\/strong><span class=\"gs_tkn\">\u00a0<\/span><span class=\"gs_tkn\">en\u00a0<\/span><span class=\"gs_tkn\">el\u00a0<\/span><strong><span class=\"gs_tkn\">Centro\u00a0<\/span><span class=\"gs_tkn\">de\u00a0<\/span><span class=\"gs_tkn\">Convenciones\u00a0<\/span><span class=\"gs_tkn\">del\u00a0<\/span><span class=\"gs_tkn\">Domo\u00a0<\/span><span class=\"gs_tkn\">del\u00a0<\/span><span class=\"gs_tkn\">Centenario<\/span><\/strong><span class=\"gs_tkn\">\u00a0<\/span><span class=\"gs_tkn\">a\u00a0<\/span><span class=\"gs_tkn\">las\u00a0<\/span><strong><span class=\"gs_tkn\">21:30\u00a0<\/span><span class=\"gs_tkn\">horas<\/span><\/strong><span class=\"gs_tkn\">.\u00a0<\/span><span class=\"gs_tkn\">Este\u00a0<\/span><span class=\"gs_tkn\">evento,\u00a0<\/span><span class=\"gs_tkn\">organizado\u00a0<\/span><span class=\"gs_tkn\">por\u00a0<\/span><span class=\"gs_tkn\">el\u00a0<\/span><strong><span class=\"gs_tkn\">C\u00edrculo\u00a0<\/span><span class=\"gs_tkn\">de\u00a0<\/span><span class=\"gs_tkn\">Periodistas\u00a0<\/span><span class=\"gs_tkn\">Deportivos\u00a0<\/span><span class=\"gs_tkn\">del\u00a0<\/span><span class=\"gs_tkn\">Chaco<\/span><\/strong><span class=\"gs_tkn\">,\u00a0<\/span><span class=\"gs_tkn\">reunir\u00e1\u00a0<\/span><span class=\"gs_tkn\">a\u00a0<\/span><span class=\"gs_tkn\">destacados\u00a0<\/span><span class=\"gs_tkn\">deportistas,\u00a0<\/span><span class=\"gs_tkn\">dirigentes,\u00a0<\/span><span class=\"gs_tkn\">entrenadores\u00a0<\/span><span class=\"gs_tkn\">y\u00a0<\/span><span class=\"gs_tkn\">actores\u00a0<\/span><span class=\"gs_tkn\">del\u00a0<\/span><span class=\"gs_tkn\">deporte\u00a0<\/span><span class=\"gs_tkn\">chaque\u00f1o.\u00a0<\/span><span class=\"gs_tkn\">Se\u00a0<\/span><span class=\"gs_tkn\">destaca\u00a0<\/span><span class=\"gs_tkn\">el\u00a0<\/span><strong><span class=\"gs_tkn\">Deportista\u00a0<\/span><span class=\"gs_tkn\">del\u00a0<\/span><span class=\"gs_tkn\">A\u00f1o<\/span><\/strong><span class=\"gs_tkn\">\u00a0<\/span><span class=\"gs_tkn\">y\u00a0<\/span><span class=\"gs_tkn\">se\u00a0<\/span><span class=\"gs_tkn\">reconocer\u00e1\u00a0<\/span><span class=\"gs_tkn\">el\u00a0<\/span><span class=\"gs_tkn\">trabajo\u00a0<\/span><span class=\"gs_tkn\">de\u00a0<\/span><span class=\"gs_tkn\">las\u00a0<\/span><span class=\"gs_tkn\">instituciones\u00a0<\/span><span class=\"gs_tkn\">deportivas.\u00a0<\/span><span class=\"gs_tkn\">La\u00a0<\/span><span class=\"gs_tkn\">transmisi\u00f3n\u00a0<\/span><span class=\"gs_tkn\">del\u00a0<\/span><span class=\"gs_tkn\">evento\u00a0<\/span><span class=\"gs_tkn\">ser\u00e1\u00a0<\/span><span class=\"gs_tkn\">a\u00a0<\/span><span class=\"gs_tkn\">trav\u00e9s\u00a0<\/span><span class=\"gs_tkn\">del\u00a0<\/span><span class=\"gs_tkn\">canal\u00a0<\/span><span class=\"gs_tkn\">p\u00fablico S<\/span><strong><span class=\"gs_tkn\">omos\u00a0<\/span><span class=\"gs_tkn\">Uno<\/span><\/strong><span class=\"gs_tkn\">.<\/span><\/span><\/a><\/span><\/h5>\n<p>&nbsp;<\/p>\n<p>&nbsp;<\/p>\n<p><strong>Los dist<\/strong><strong>inguidos del a\u00f1o <\/strong><strong>2025<\/strong><\/p>\n<p><strong>Ajedrez:<\/strong>\u00a0Noah Zalazar<br \/>\n<strong>\u00c1rbitro:<\/strong>\u00a0Leandro D\u00edaz Doro\u00f1uk<br \/>\n<strong>Artes Marciales:<\/strong>\u00a0Adriana Delgado<br \/>\n<strong>Atletismo:<\/strong>\u00a0Thiago Acevedo<br \/>\n<strong>Automovilismo:<\/strong>\u00a0Lucas Carabajal<br \/>\n<strong>B\u00e1squet femenino:<\/strong>\u00a0Aldana Duarte<br \/>\n<strong>B\u00e1squet masculino:<\/strong>\u00a0Carlos Araujo<br \/>\n<strong>Bochas:<\/strong>\u00a0Santiago Lucas Morales<br \/>\n<strong>Boxeo:<\/strong>\u00a0Carlos G\u00f3mez Remotti<br \/>\n<strong>Caza:<\/strong>\u00a0Juan Gael Alegre<br \/>\n<strong>Canotaje:<\/strong>\u00a0Paula Flores<br \/>\n<strong>Cestoball:<\/strong>\u00a0Mat\u00edas Barreto<br \/>\n<strong>Ciclismo:<\/strong>\u00a0Germ\u00e1n Trautner<br \/>\n<strong>Deporte Adaptado:<\/strong>\u00a0Lucas Leguiza<br \/>\n<strong>F\u00fatbol femenino:<\/strong>\u00a0Agustina Correa<br \/>\n<strong>F\u00fatbol masculino:<\/strong>\u00a0Tom\u00e1s Aquino<br \/>\n<strong>Futsal:<\/strong>\u00a0Marcos Jes\u00fas Fern\u00e1ndez<br \/>\n<strong>Fisicoculturismo:<\/strong>\u00a0Mario Monfardini<br \/>\n<strong>Gimnasia:<\/strong>\u00a0Ezequ\u00edas B\u00e1ez<br \/>\n<strong>Golf:<\/strong>\u00a0Camilo Chapresto<br \/>\n<strong>Balonmano:<\/strong>\u00a0Sof\u00eda Silva<br \/>\n<strong>Hockey:<\/strong>\u00a0Cristian Castro<br \/>\n<strong>Karting:<\/strong>\u00a0Fausto Vicente<br \/>\n<strong>Levantamiento Ol\u00edmpico de Pesas:<\/strong>\u00a0Milena Ayala<br \/>\n<strong>Marat\u00f3n:<\/strong>\u00a0Gabriela Moreyra<br \/>\n<strong>Motociclismo:<\/strong>\u00a0Ramiro Gandola<br \/>\n<strong>Nataci\u00f3n:<\/strong>\u00a0Thiago Romero<br \/>\n<strong>Pat\u00edn:<\/strong>\u00a0Martina Ferreira<br \/>\n<strong>Pesca:<\/strong>\u00a0Mario Passarino<br \/>\n<strong>Rugby femenino:<\/strong>\u00a0Cristal Escalante<br \/>\n<strong>Rugby masculino:<\/strong>\u00a0Ignacio Baiter<br \/>\n<strong>Calabaza:<\/strong>\u00a0Luca Antenucci<br \/>\n<strong>Tenis:<\/strong> Jockey Alberca<br \/>\n<strong>Tenis de Mesa:<\/strong>\u00a0Juan Cruz Axon<br \/>\n<strong>Tiro:<\/strong>\u00a0Adri\u00e1n Cristaldo<br \/>\n<strong>Triatl\u00f3n:<\/strong>\u00a0Ignacio Zurlo<br \/>\n<strong>V\u00f3ley:<\/strong>\u00a0Gabriel C\u00f3rdoba<\/p>\n<p><strong>Reconocimientos<\/strong><br \/>\nLiga Chaque\u00f1a de F\u00fatbol<br \/>\nClub de Regatas Resistencia<br \/>\nAlejandro \u201cPuma\u201d Pirota<br \/>\nGonzalo Corbal\u00e1n<br \/>\nSelecci\u00f3n de Seven de la Uni\u00f3n de Rugby del Nordeste<br \/>\nDeportivo Luj\u00e1n<br \/>\nClub Empleados de Comercio<br \/>\nParque Patricios<br \/>\nUni\u00f3n y Fuerza de Corzuela<br \/>\nJazm\u00edn Travesani<br \/>\nValentino Mar\u00edn<\/p>\n<p><strong>Deportistas de cada temporada<\/strong><\/p>\n<p>1987: Carolina Guti\u00e9rrez (Atletismo)<br \/>\n1988: Miguel Fern\u00e1ndez (Golf)<br \/>\n1989: Celso Freyre (F\u00fatbol)<br \/>\n1990: Azucena Zorz\u00f3n (Artes Marciales)<br \/>\n1991: Patricio Simoni (B\u00e1squetbol)<br \/>\n1992: Walter Scordo (Rugby)<br \/>\n1993: Juan Manuel Silva (Automovilismo)<br \/>\n1994: Jos\u00e9 C\u00f3ceres (Golf)<br \/>\n1995: Carlos Zalazar (Boxeo)<br \/>\n1996: Patricio Simoni (B\u00e1squetbol)<br \/>\n1997: Marisol Villa (Remo)<br \/>\n1998: Juan Manuel Silva (Automovilismo)<br \/>\n1999: Juan Manuel Silva (Automovilismo)<br \/>\n2000: Rub\u00e9n Wolkowyski (B\u00e1squetbol)<br \/>\n2001: Jos\u00e9 C\u00f3ceres (Golf)<br \/>\n2002: Fernanda Lauro (Canotaje)<br \/>\n2003: Gast\u00f3n Vivas (Motociclismo)<br \/>\n2004: Ramiro Gandola (Motociclismo)<br \/>\n2005: Juan Manuel Silva (Automovilismo)<br \/>\n2006: Fernanda Lauro (Canotaje)<br \/>\n2007: Ana Codina (Tenis de Mesa)<br \/>\n2008: Luis Cequeira (B\u00e1squetbol)<br \/>\n2009: Franco L\u00f3pez (V\u00f3leibol)<br \/>\n2010: Daniela Gim\u00e9nez (Nataci\u00f3n)<br \/>\n2011: Franco Stupaczuk (P\u00e1del)<br \/>\n2012: Ail\u00e9n Acosta (Taekwondo)<br \/>\n2013: Emiliano Grillo (Golf)<br \/>\n2014: Andrea Balbuena (Taekwondo)<br \/>\n2015: Daniel Ju\u00e1rez (Ciclismo)<br \/>\n2016: Fabi\u00e1n G\u00f3mez (Golf)<br \/>\n2017: \u00c1ngel Deld\u00f3 (Deporte ADAPTADO)<br \/>\n2018: Ezequiel Allende (Motociclismo)<br \/>\n2019: Lucas Bohdanowicz (Automovilismo)<br \/>\n2020: no se hizo evento por la pandemia<br \/>\n2021: \u00c1ngel Deld\u00f3 (Deporte Adaptado)<br \/>\n2022: Pablo Zacar\u00edas (Automovilismo)<\/p>\n<p>2023: Milena Ayala (Pesas)<\/p>\n<p>2024: Lucas Bohdanowicz (Automovilismo)<\/p>\n<p>2025:<\/p>\n","protected":false},"excerpt":{"rendered":"<p>Foto portada: Tantos a\u00f1os de encuentros, que hoy llegamos a los 43 a\u00f1os consecutivos de la Fiesta Anual del Deporte. Aqu\u00ed un reconocimiento a don Yaco Guarnieri, de las manos de Luis Dar\u00edo Molodezky 19 de\u00a0diciembre 2025 La\u00a043\u00b0\u00a0Fiesta\u00a0Anual\u00a0del\u00a0Deporte\u00a0Chaco\u00a0se\u00a0llevar\u00e1\u00a0a\u00a0cabo\u00a0el\u00a019\u00a0de\u00a0diciembre\u00a0en\u00a0el\u00a0Centro\u00a0de\u00a0Convenciones\u00a0del\u00a0Domo\u00a0del\u00a0Centenario\u00a0a\u00a0las\u00a021:30\u00a0horas.\u00a0Este\u00a0evento,\u00a0organizado\u00a0por\u00a0el\u00a0C\u00edrculo\u00a0de\u00a0Periodistas\u00a0Deportivos\u00a0del\u00a0Chaco,\u00a0reunir\u00e1\u00a0a\u00a0destacados\u00a0deportistas,\u00a0dirigentes,\u00a0entrenadores\u00a0y\u00a0actores\u00a0del\u00a0deporte\u00a0chaque\u00f1o.\u00a0Se\u00a0destaca\u00a0el\u00a0Deportista\u00a0del\u00a0A\u00f1o\u00a0y\u00a0se\u00a0reconocer\u00e1\u00a0el\u00a0trabajo\u00a0de\u00a0las\u00a0instituciones\u00a0deportivas.\u00a0La\u00a0transmisi\u00f3n\u00a0del\u00a0evento\u00a0ser\u00e1\u00a0a\u00a0trav\u00e9s\u00a0del\u00a0canal\u00a0p\u00fablico Somos\u00a0Uno. &nbsp; &nbsp; Los distinguidos del a\u00f1o 2025 Ajedrez:\u00a0Noah Zalazar \u00c1rbitro:\u00a0Leandro D\u00edaz Doro\u00f1uk Artes Marciales:\u00a0Adriana Delgado Atletismo:\u00a0Thiago &hellip;<\/p>\n","protected":false},"author":2,"featured_media":30323,"comment_status":"open","ping_status":"open","sticky":false,"template":"","format":"standard","meta":{"footnotes":""},"categories":[44],"tags":[],"class_list":["post-30320","post","type-post","status-publish","format-standard","has-post-thumbnail","hentry","category-varios"],"_links":{"self":[{"href":"https:\/\/www.sportchaco.com.ar\/index.php?rest_route=\/wp\/v2\/posts\/30320","targetHints":{"allow":["GET"]}}],"collection":[{"href":"https:\/\/www.sportchaco.com.ar\/index.php?rest_route=\/wp\/v2\/posts"}],"about":[{"href":"https:\/\/www.sportchaco.com.ar\/index.php?rest_route=\/wp\/v2\/types\/post"}],"author":[{"embeddable":true,"href":"https:\/\/www.sportchaco.com.ar\/index.php?rest_route=\/wp\/v2\/users\/2"}],"replies":[{"embeddable":true,"href":"https:\/\/www.sportchaco.com.ar\/index.php?rest_route=%2Fwp%2Fv2%2Fcomments&post=30320"}],"version-history":[{"count":3,"href":"https:\/\/www.sportchaco.com.ar\/index.php?rest_route=\/wp\/v2\/posts\/30320\/revisions"}],"predecessor-version":[{"id":30326,"href":"https:\/\/www.sportchaco.com.ar\/index.php?rest_route=\/wp\/v2\/posts\/30320\/revisions\/30326"}],"wp:featuredmedia":[{"embeddable":true,"href":"https:\/\/www.sportchaco.com.ar\/index.php?rest_route=\/wp\/v2\/media\/30323"}],"wp:attachment":[{"href":"https:\/\/www.sportchaco.com.ar\/index.php?rest_route=%2Fwp%2Fv2%2Fmedia&parent=30320"}],"wp:term":[{"taxonomy":"category","embeddable":true,"href":"https:\/\/www.sportchaco.com.ar\/index.php?rest_route=%2Fwp%2Fv2%2Fcategories&post=30320"},{"taxonomy":"post_tag","embeddable":true,"href":"https:\/\/www.sportchaco.com.ar\/index.php?rest_route=%2Fwp%2Fv2%2Ftags&post=30320"}],"curies":[{"name":"wp","href":"https:\/\/api.w.org\/{rel}","templated":true}]}}