{"id":30337,"date":"2025-12-19T12:14:53","date_gmt":"2025-12-19T15:14:53","guid":{"rendered":"https:\/\/www.sportchaco.com.ar\/?p=30337"},"modified":"2025-12-19T12:14:53","modified_gmt":"2025-12-19T15:14:53","slug":"el-diablito-vuelve-al-manchester-pero-quiere-regresar-a-river","status":"publish","type":"post","link":"https:\/\/www.sportchaco.com.ar\/?p=30337","title":{"rendered":"El Diablito vuelve al Manchester pero quiere regresar a River"},"content":{"rendered":"<header>\n<div id=\"element-body-0\" class=\"sc-136cd478-0 ekTCfV\">\n<h5><span style=\"font-size: 16px; font-weight: 400;\">19 de Diciembre 2025<\/span><\/h5>\n<h5><\/h5>\n<h5><span style=\"color: #000000;\">Este viernes se termin\u00f3 de confirmar lo que era un secreto a voces:\u00a0<strong><a class=\"slug\" style=\"color: #000000;\" title=\"Claudio Echeverri\" href=\"https:\/\/www.ole.com.ar\/tema\/claudio-echeverri.html\">Claudio Echeverri<\/a>\u00a0dejar\u00e1 el\u00a0<a class=\"slug\" style=\"color: #000000;\" title=\"Bayer Leverkusen\" href=\"https:\/\/www.ole.com.ar\/tema\/bayer-leverkusen.html\">Bayer Leverkusen<\/a>.<\/strong>\u00a0El encargado de comunicarlo fue el propio DT del conjunto alem\u00e1n, que en conferencia anunci\u00f3 que\u00a0<strong>el\u00a0<a class=\"slug\" style=\"color: #000000;\" title=\"Manchester City\" href=\"https:\/\/www.ole.com.ar\/tema\/manchester-city.html\">Manchester City<\/a> ejecut\u00f3 la cl\u00e1usula para que regrese a Inglaterra. <\/strong><strong>\u00abHemos acordado con el Manchester City para que regrese. Por eso no est\u00e1 en la convocatoria\u00bb<\/strong>, indic\u00f3 Kasper Hjulmand en conferencia de prensa. As\u00ed, el Diablito no ir\u00e1 ni al banco en el partido que el Leverkusen visitar\u00e1 al Leipzig este s\u00e1bado.<\/span><\/h5>\n<\/div>\n<h1><span style=\"font-size: 16px; font-weight: 400;\">El argentino dejar\u00e1 la Bundesliga por falta de oportunidades y regresar\u00e1 a Inglaterra, donde su club le buscar\u00e1 un nuevo destino.<\/span><\/h1>\n<\/header>\n<section class=\"body\">\n<section class=\"content\">\n<div class=\"main-text\">\n<div class=\"social\">\n<div class=\"share\"><\/div>\n<\/div>\n<p>Claudio Echeverri, una de las \u00faltimas joyas de River, que se fue del club a finales de 2024 para desembarcar en Manchester City, dio un nuevo paso frustrado en su experiencia europea. Tras arribar en agosto pasado, el Diablito se desvincular\u00e1 antes de tiempo del Bayer Leverkusen por falta de oportunidades y deber\u00e1 regresar al club ingl\u00e9s que es propietario de su pase.<\/p>\n<div class=\" large m_image\">\n<figure><picture><source srcset=\"https:\/\/www.diarionorte.com\/content\/bucket\/6\/440216w790h442c.jpg.webp\" type=\"image\/webp\" media=\"(min-width: 640px)\" \/><source srcset=\"https:\/\/www.diarionorte.com\/content\/bucket\/6\/440216w440h246c.jpg.webp\" type=\"image\/webp\" media=\"(min-width: 300px)\" \/><source srcset=\"https:\/\/www.diarionorte.com\/content\/bucket\/6\/440216w790h442c.jpg\" media=\"(min-width: 300px)\" \/><img loading=\"lazy\" decoding=\"async\" class=\"pic\" src=\"https:\/\/www.diarionorte.com\/content\/bucket\/6\/440216w790h442c.jpg.webp\" alt=\"\" width=\"790\" height=\"442\" \/><\/picture><\/figure>\n<\/div>\n<p>En Alemania no tuvo la continuidad esperada y tanto el futbolista como el club ingl\u00e9s se pusieron de acuerdo para rescindir el pr\u00e9stamo. El DT Kasper Hjulmand no lo convoc\u00f3 para el partido de ma\u00f1ana ante Leipzig y blanque\u00f3 su salida del club.<\/p>\n<p>En el City, Pep Guardiola tampoco lo tendr\u00e1 en cuenta para esta temporada, por lo que el club ingl\u00e9s quiere buscar una nueva opci\u00f3n de pr\u00e9stamo para que el futbolista no quede sin jugar.<\/p>\n<div class=\" large m_image\">\n<figure><picture><source srcset=\"https:\/\/www.diarionorte.com\/content\/bucket\/5\/440215w790h527c.jpg.webp\" type=\"image\/webp\" media=\"(min-width: 640px)\" \/><source srcset=\"https:\/\/www.diarionorte.com\/content\/bucket\/5\/440215w440h293c.jpg.webp\" type=\"image\/webp\" media=\"(min-width: 300px)\" \/><source srcset=\"https:\/\/www.diarionorte.com\/content\/bucket\/5\/440215w790h527c.jpg\" media=\"(min-width: 300px)\" \/><img loading=\"lazy\" decoding=\"async\" class=\"pic\" src=\"https:\/\/www.diarionorte.com\/content\/bucket\/5\/440215w790h527c.jpg.webp\" alt=\"\" width=\"790\" height=\"527\" \/><\/picture><\/figure>\n<\/div>\n<p>En la actualidad, hay dos destinos posibles para el Diablito: Girona o River. El club espa\u00f1ol es uno de los que forma parte del City Group, por lo que su llegada podr\u00eda facilitarse y disputar una de las mejores ligas del mundo.<\/p>\n<p>Pero en el Millonario son optimistas y creen que pueden intentar un pr\u00e9stamo para que vuelva a pisar el c\u00e9sped del Monumental. Con la llegada casi confirmada de Fausto Vera, Marcelo Gallardo quiere seguir sumando refuerzos para en busca de un mejor 2026.<\/p>\n<p><strong>Los n\u00fameros de Echeverri en River<\/strong><\/p>\n<p>El \u00abDiablito\u00bb jug\u00f3 48 partidos en la primera del Millonario en los que hizo 4 goles y reparti\u00f3 8 asistencias en 2.499 minutos disputados.<\/p>\n<p><strong>Como le fue a Echeverri en Europa<\/strong><\/p>\n<p>En el Viejo Continente, particip\u00f3 solamente de 14 partidos en los que hizo solo un gol con el Manchester City y dio una asistencia con el Bayer Leverkusen.<\/p>\n<p><strong>Fuente: TN<\/strong><\/p>\n<h2>Manchester City aceptar\u00eda cederlo a River<\/h2>\n<p>Los Ciudadanos pretenden que Claudio Echeverri tenga m\u00e1s rodaje y saben que en River lo tendr\u00eda, pero\u00a0<strong>pusieron una condici\u00f3n para que comiencen las negociaciones y es que el Diablito deje de trabajar con Enzo Manteopane, su representante.<\/strong>\u00a0Guardiola ya envi\u00f3 un claro mensaje en su momento y desde el club tienen la misma opini\u00f3n que \u00e9l. En caso que el futbolista contin\u00fae con su agente, su destino podr\u00eda estar en el Girona de Espa\u00f1a.<\/p>\n<p>&nbsp;<\/p>\n<\/div>\n<\/section>\n<\/section>\n","protected":false},"excerpt":{"rendered":"<p>19 de Diciembre 2025 Este viernes se termin\u00f3 de confirmar lo que era un secreto a voces:\u00a0Claudio Echeverri\u00a0dejar\u00e1 el\u00a0Bayer Leverkusen.\u00a0El encargado de comunicarlo fue el propio DT del conjunto alem\u00e1n, que en conferencia anunci\u00f3 que\u00a0el\u00a0Manchester City ejecut\u00f3 la cl\u00e1usula para que regrese a Inglaterra. \u00abHemos acordado con el Manchester City para que regrese. Por eso &hellip;<\/p>\n","protected":false},"author":2,"featured_media":30339,"comment_status":"open","ping_status":"open","sticky":false,"template":"","format":"standard","meta":{"footnotes":""},"categories":[6],"tags":[],"class_list":["post-30337","post","type-post","status-publish","format-standard","has-post-thumbnail","hentry","category-internacionales"],"_links":{"self":[{"href":"https:\/\/www.sportchaco.com.ar\/index.php?rest_route=\/wp\/v2\/posts\/30337","targetHints":{"allow":["GET"]}}],"collection":[{"href":"https:\/\/www.sportchaco.com.ar\/index.php?rest_route=\/wp\/v2\/posts"}],"about":[{"href":"https:\/\/www.sportchaco.com.ar\/index.php?rest_route=\/wp\/v2\/types\/post"}],"author":[{"embeddable":true,"href":"https:\/\/www.sportchaco.com.ar\/index.php?rest_route=\/wp\/v2\/users\/2"}],"replies":[{"embeddable":true,"href":"https:\/\/www.sportchaco.com.ar\/index.php?rest_route=%2Fwp%2Fv2%2Fcomments&post=30337"}],"version-history":[{"count":1,"href":"https:\/\/www.sportchaco.com.ar\/index.php?rest_route=\/wp\/v2\/posts\/30337\/revisions"}],"predecessor-version":[{"id":30340,"href":"https:\/\/www.sportchaco.com.ar\/index.php?rest_route=\/wp\/v2\/posts\/30337\/revisions\/30340"}],"wp:featuredmedia":[{"embeddable":true,"href":"https:\/\/www.sportchaco.com.ar\/index.php?rest_route=\/wp\/v2\/media\/30339"}],"wp:attachment":[{"href":"https:\/\/www.sportchaco.com.ar\/index.php?rest_route=%2Fwp%2Fv2%2Fmedia&parent=30337"}],"wp:term":[{"taxonomy":"category","embeddable":true,"href":"https:\/\/www.sportchaco.com.ar\/index.php?rest_route=%2Fwp%2Fv2%2Fcategories&post=30337"},{"taxonomy":"post_tag","embeddable":true,"href":"https:\/\/www.sportchaco.com.ar\/index.php?rest_route=%2Fwp%2Fv2%2Ftags&post=30337"}],"curies":[{"name":"wp","href":"https:\/\/api.w.org\/{rel}","templated":true}]}}