{"id":30341,"date":"2025-12-19T20:10:47","date_gmt":"2025-12-19T23:10:47","guid":{"rendered":"https:\/\/www.sportchaco.com.ar\/?p=30341"},"modified":"2025-12-19T20:10:47","modified_gmt":"2025-12-19T23:10:47","slug":"dos-chaquenos-en-el-radar-de-for-ever","status":"publish","type":"post","link":"https:\/\/www.sportchaco.com.ar\/?p=30341","title":{"rendered":"Dos chaque\u00f1os en el radar de For Ever"},"content":{"rendered":"<p><strong>19-12-2025<\/strong><\/p>\n<p><img loading=\"lazy\" decoding=\"async\" class=\"aligncenter size-large wp-image-17986\" src=\"https:\/\/www.sportchaco.com.ar\/wp-content\/uploads\/2025\/04\/BANNER-WEB-IMPULSAR_320x50-1024x160.gif\" alt=\"\" width=\"1024\" height=\"160\" srcset=\"https:\/\/www.sportchaco.com.ar\/wp-content\/uploads\/2025\/04\/BANNER-WEB-IMPULSAR_320x50-1024x160.gif 1024w, https:\/\/www.sportchaco.com.ar\/wp-content\/uploads\/2025\/04\/BANNER-WEB-IMPULSAR_320x50-300x47.gif 300w, https:\/\/www.sportchaco.com.ar\/wp-content\/uploads\/2025\/04\/BANNER-WEB-IMPULSAR_320x50-768x120.gif 768w\" sizes=\"auto, (max-width: 1024px) 100vw, 1024px\" \/><\/p>\n<p>La dirigencia de For Ever y el propio director t\u00e9cnico Ricardo Pancaldo mantuvieron contacto con dos jugadores chaque\u00f1os, a quienes tentaron para sumarse al plantel que afrontar\u00e1 la temporada 2026 del campeonato de Primera Nacional. Uno es defensor-volante que est\u00e1 al caer, y el otro delantero, ambos del interior.<\/p>\n<p>Aunque, desde la entidad de avenida 9 de Julio de Resistencia se mantiene el hermetismo, en las pr\u00f3ximas horas se har\u00eda oficial el anuncio de la incorporaci\u00f3n de un jugador oriundo de S\u00e1enz Pe\u00f1a que un par de a\u00f1os atr\u00e1s debut\u00f3 en primera divisi\u00f3n en la Liga Profesional, aunque desde hace dos temporadas se desempe\u00f1a en un club de Buenos Aires, a quien pertenece su pase, e incluso enfrent\u00f3 al \u201cNegro\u201d.<\/p>\n<p>El propio Pancaldo lanz\u00f3 esta novedad en di\u00e1logo con <em>Eco Deportivo Radio<\/em>, al sostener que en el transcurso de la semana, o en su defecto la pr\u00f3xima, se informar\u00e1 sobre la llegada de dos o tres refuerzos \u201cuno de ellos de la zona de ustedes\u201d refiri\u00f3, evitando dar mayores precisiones, aunque en S\u00e1enz Pe\u00f1a ya se da por hecho el arribo del mencionado jugador, que se desempe\u00f1a como lateral o volante por izquierda.<\/p>\n<p>Tambi\u00e9n hubo sondeos con Uni\u00f3n de Santa Fe por\u00a0Diego Armando D\u00edaz, el centrodelantero oriundo de Los Frentones al que la entidad tatengue le compr\u00f3 el 80 por ciento de su pase a Sportivo Las Parejas por alrededor de 150 mil d\u00f3lares, pero a\u00fan no hay certezas que sea tenido en cuenta en el plantel. Si ello ocurre, la chance de que llegue a For Ever podr\u00eda incrementarse.<\/p>\n<p>Al respecto, el entrenador forevista reconoci\u00f3 que \u201ctengo muy buena relaci\u00f3n con el presidente de Uni\u00f3n (Luis Spahn), hemos charlado del tema pero ser\u00e1 una decisi\u00f3n de Leo Madel\u00f3n (el DT) si lo van a dar a pr\u00e9stamo o no. Despu\u00e9s pasa por una decisi\u00f3n que pueda tomar el jugador, que ojal\u00e1 se decida por venir a su provincia, con nosotros\u201d, anhel\u00f3.<\/p>\n<p><strong><em>Fuente: Eco Deportivo\u00a0<\/em><\/strong><\/p>\n<p><img loading=\"lazy\" decoding=\"async\" class=\"aligncenter size-large wp-image-16973\" src=\"https:\/\/www.sportchaco.com.ar\/wp-content\/uploads\/2025\/03\/gob-produccion-1-821x1024.jpg\" alt=\"\" width=\"821\" height=\"1024\" srcset=\"https:\/\/www.sportchaco.com.ar\/wp-content\/uploads\/2025\/03\/gob-produccion-1-821x1024.jpg 821w, https:\/\/www.sportchaco.com.ar\/wp-content\/uploads\/2025\/03\/gob-produccion-1-240x300.jpg 240w, https:\/\/www.sportchaco.com.ar\/wp-content\/uploads\/2025\/03\/gob-produccion-1-768x958.jpg 768w, https:\/\/www.sportchaco.com.ar\/wp-content\/uploads\/2025\/03\/gob-produccion-1-1231x1536.jpg 1231w, https:\/\/www.sportchaco.com.ar\/wp-content\/uploads\/2025\/03\/gob-produccion-1.jpg 1440w\" sizes=\"auto, (max-width: 821px) 100vw, 821px\" \/><\/p>\n","protected":false},"excerpt":{"rendered":"<p>19-12-2025 La dirigencia de For Ever y el propio director t\u00e9cnico Ricardo Pancaldo mantuvieron contacto con dos jugadores chaque\u00f1os, a quienes tentaron para sumarse al plantel que afrontar\u00e1 la temporada 2026 del campeonato de Primera Nacional. Uno es defensor-volante que est\u00e1 al caer, y el otro delantero, ambos del interior. Aunque, desde la entidad de &hellip;<\/p>\n","protected":false},"author":3,"featured_media":17068,"comment_status":"open","ping_status":"open","sticky":false,"template":"","format":"standard","meta":{"footnotes":""},"categories":[5],"tags":[],"class_list":["post-30341","post","type-post","status-publish","format-standard","has-post-thumbnail","hentry","category-futbol"],"_links":{"self":[{"href":"https:\/\/www.sportchaco.com.ar\/index.php?rest_route=\/wp\/v2\/posts\/30341","targetHints":{"allow":["GET"]}}],"collection":[{"href":"https:\/\/www.sportchaco.com.ar\/index.php?rest_route=\/wp\/v2\/posts"}],"about":[{"href":"https:\/\/www.sportchaco.com.ar\/index.php?rest_route=\/wp\/v2\/types\/post"}],"author":[{"embeddable":true,"href":"https:\/\/www.sportchaco.com.ar\/index.php?rest_route=\/wp\/v2\/users\/3"}],"replies":[{"embeddable":true,"href":"https:\/\/www.sportchaco.com.ar\/index.php?rest_route=%2Fwp%2Fv2%2Fcomments&post=30341"}],"version-history":[{"count":1,"href":"https:\/\/www.sportchaco.com.ar\/index.php?rest_route=\/wp\/v2\/posts\/30341\/revisions"}],"predecessor-version":[{"id":30342,"href":"https:\/\/www.sportchaco.com.ar\/index.php?rest_route=\/wp\/v2\/posts\/30341\/revisions\/30342"}],"wp:featuredmedia":[{"embeddable":true,"href":"https:\/\/www.sportchaco.com.ar\/index.php?rest_route=\/wp\/v2\/media\/17068"}],"wp:attachment":[{"href":"https:\/\/www.sportchaco.com.ar\/index.php?rest_route=%2Fwp%2Fv2%2Fmedia&parent=30341"}],"wp:term":[{"taxonomy":"category","embeddable":true,"href":"https:\/\/www.sportchaco.com.ar\/index.php?rest_route=%2Fwp%2Fv2%2Fcategories&post=30341"},{"taxonomy":"post_tag","embeddable":true,"href":"https:\/\/www.sportchaco.com.ar\/index.php?rest_route=%2Fwp%2Fv2%2Ftags&post=30341"}],"curies":[{"name":"wp","href":"https:\/\/api.w.org\/{rel}","templated":true}]}}