{"id":30354,"date":"2025-12-20T00:09:13","date_gmt":"2025-12-20T03:09:13","guid":{"rendered":"https:\/\/www.sportchaco.com.ar\/?p=30354"},"modified":"2025-12-20T12:43:53","modified_gmt":"2025-12-20T15:43:53","slug":"lucas-carabajal-deportista-del-ano-2025","status":"publish","type":"post","link":"https:\/\/www.sportchaco.com.ar\/?p=30354","title":{"rendered":"Lucas Carabajal deportista del a\u00f1o 2025"},"content":{"rendered":"<header><strong>20-12-2025<\/strong><\/p>\n<div class=\"meta\"><img loading=\"lazy\" decoding=\"async\" class=\"aligncenter size-full wp-image-26819\" src=\"https:\/\/www.sportchaco.com.ar\/wp-content\/uploads\/2025\/10\/320x50-3.gif\" alt=\"\" width=\"667\" height=\"105\" \/><\/div>\n<\/header>\n<section class=\"body\">\n<section class=\"content\">\n<div class=\"main-text\">\n<div class=\"social\">\n<div class=\"share\"><\/div>\n<\/div>\n<p>En una noche a pura emoci\u00f3n, el deporte del Chaco tuvo su velada en el Centro de Convenciones del Domo del Centenario con buen marco de asistentes, 37 deportistas de diferentes disciplinas que fueron premiados y el piloto de automovilismo, Lucas Carabajal, fue consagrado Deportista del A\u00f1o 2025 por el C\u00edrculo de Periodistas Deportivo de la provincia.<\/p>\n<div class=\" large m_image\">\n<figure><picture><source srcset=\"https:\/\/www.diarionorte.com\/content\/bucket\/3\/440313w790h534c.jpg.webp\" type=\"image\/webp\" media=\"(min-width: 640px)\" \/><source srcset=\"https:\/\/www.diarionorte.com\/content\/bucket\/3\/440313w440h298c.jpg.webp\" type=\"image\/webp\" media=\"(min-width: 300px)\" \/><source srcset=\"https:\/\/www.diarionorte.com\/content\/bucket\/3\/440313w790h534c.jpg\" media=\"(min-width: 300px)\" \/><img loading=\"lazy\" decoding=\"async\" class=\"pic\" src=\"https:\/\/www.diarionorte.com\/content\/bucket\/3\/440313w790h534c.jpg.webp\" alt=\"\" width=\"790\" height=\"534\" \/><\/picture><\/figure>\n<\/div>\n<p>En el transcurrir de la velada se vivieron diferentes momentos de impacto, uno de ellos cuando ingresaron los abanderados Alejandro \u00abPuma\u00bb Pirota, Carolina Guti\u00e9rrez y Ramiro Gandola, pasado y presente de tres s\u00edmbolos de nuestro deporte. Tambi\u00e9n, en el momento de la menci\u00f3n de Lucas Carabajal, primero distinguido en automovilismo, y luego como el mejor del a\u00f1o, lo que caus\u00f3 un cerrado aplauso de los presentes.<\/p>\n<div class=\" large m_image\">\n<figure><picture><source srcset=\"https:\/\/www.diarionorte.com\/content\/bucket\/4\/440314w790h489c.jpg.webp\" type=\"image\/webp\" media=\"(min-width: 640px)\" \/><source srcset=\"https:\/\/www.diarionorte.com\/content\/bucket\/4\/440314w440h272c.jpg.webp\" type=\"image\/webp\" media=\"(min-width: 300px)\" \/><source srcset=\"https:\/\/www.diarionorte.com\/content\/bucket\/4\/440314w790h489c.jpg\" media=\"(min-width: 300px)\" \/><img loading=\"lazy\" decoding=\"async\" class=\"pic\" src=\"https:\/\/www.diarionorte.com\/content\/bucket\/4\/440314w790h489c.jpg.webp\" alt=\"\" width=\"790\" height=\"489\" \/><\/picture><\/figure>\n<\/div>\n<p>Cabe destacar que Carabajal obtuvo el t\u00edtulo de campe\u00f3n del TC Mouras en una gran temporada personal en la que puso lo mejor de s\u00ed como conductor para suplir la falta de presupuesto en algunas carreras que lo condicionaron.<\/p>\n<div class=\" large m_image\">\n<figure><picture><source srcset=\"https:\/\/www.diarionorte.com\/content\/bucket\/6\/440316w790h1185c.jpg.webp\" type=\"image\/webp\" media=\"(min-width: 640px)\" \/><source srcset=\"https:\/\/www.diarionorte.com\/content\/bucket\/6\/440316w440h660c.jpg.webp\" type=\"image\/webp\" media=\"(min-width: 300px)\" \/><source srcset=\"https:\/\/www.diarionorte.com\/content\/bucket\/6\/440316w790h1185c.jpg\" media=\"(min-width: 300px)\" \/><img loading=\"lazy\" decoding=\"async\" class=\"pic\" src=\"https:\/\/www.diarionorte.com\/content\/bucket\/6\/440316w790h1185c.jpg.webp\" alt=\"\" width=\"790\" height=\"1185\" \/><\/picture><\/figure>\n<\/div>\n<p>Hasta se desprendi\u00f3 de su auto personal para poder seguir compitiendo en una apuesta muy fuerte, que termin\u00f3 con el broche de oro. Ahora vendr\u00e1 la etapa m\u00e1s esperada de su vida como corredor que ser\u00e1 en el Turismo Carretera, habiendo probado en los \u00faltimos d\u00edas un Ford Mustang.<\/p>\n<p>Adem\u00e1s, en un viernes de muchos festejos, primero fue recibido por amigos, familiares y seguidores, en la tarde de ayer en el Aeropuerto Internacional de Resistencia, adonde arrib\u00f3 en un vuelo regular, para despu\u00e9s hacer un ingreso triunfal a la capital subido a una camioneta.<\/p>\n<p>Se lo vio desbordado de alegr\u00eda en el instante que el gobernador Leandro Zdero, Miguel Ortega y Willy Rodr\u00edguez, le entregaron la Copa Ant\u00faan Joyer\u00edas.<\/p>\n<p><strong>El apoyo a clubes<br \/>\n<\/strong>El presidente del C\u00edrculo de Periodistas Deportivos del Chaco, Edison Omar \u00abWilly\u00bb Rodr\u00edguez, dio la bienvenida a los presentes y destac\u00f3: \u00bb Estamos transitando los \u00faltimos d\u00edas del 2025, un a\u00f1o muy complejo para la mayor\u00eda de los sectores de la sociedad, el deporte, no fue la excepci\u00f3n, teniendo en cuenta que el factor econ\u00f3mico result\u00f3 determinante. En ese escenario, el empe\u00f1o de ustedes, de sus familias, de los dirigentes y el aporte del Estado, hizo posible el cumplimiento del calendario de las disciplinas que hoy reconocemos\u00bb.<\/p>\n<p>M\u00e1s adelante afirm\u00f3: \u00abTenemos un pa\u00eds de excelencia deportiva, sobran los casos de los grandes logros en la historia y en el presente, y esos hechos tienen su origen en los clubes, a los que debemos cuidar y respaldar incondicionalmente desde todos los sectores porque la labor que cumplen en nuestra sociedad es de un enorme valor por llevar adelante una tarea encomiable en la contenci\u00f3n y en la lucha contra el nuevo flagelo como la ludopat\u00eda y las drogas que hacen estragos.<\/p>\n<p>M\u00e1s adelante, remarc\u00f3: \u00abEl Chaco tiene sus representantes en el congreso de la naci\u00f3n, quienes deber\u00e1n presentar proyectos a los efectos de incrementar las partidas presupuestarias destinadas al deporte en la distribuci\u00f3n de recursos desde el orden nacional, garantizando fondos para que nuestros deportistas accedan a las becas que les permitan seguir evolucionando en el Cenard.\u00bb<\/p>\n<p>En otro orden, mencion\u00f3 que \u00bb En lo institucional, el C\u00edrculo de Periodistas, celebra el avance de las nuevas generaciones de periodistas que se est\u00e1n formando y perfeccionando con buenos resultados en la Tecnicatura Superior, mediante el convenio celebrado con la UEGP N\u00b0 157 de Resistencia.\u00bb<\/p>\n<div class=\" large m_image\">\n<figure><picture><source srcset=\"https:\/\/www.diarionorte.com\/content\/bucket\/9\/440309w790h563c.jpg.webp\" type=\"image\/webp\" media=\"(min-width: 640px)\" \/><source srcset=\"https:\/\/www.diarionorte.com\/content\/bucket\/9\/440309w440h314c.jpg.webp\" type=\"image\/webp\" media=\"(min-width: 300px)\" \/><source srcset=\"https:\/\/www.diarionorte.com\/content\/bucket\/9\/440309w790h563c.jpg\" media=\"(min-width: 300px)\" \/><img loading=\"lazy\" decoding=\"async\" class=\"pic\" src=\"https:\/\/www.diarionorte.com\/content\/bucket\/9\/440309w790h563c.jpg.webp\" alt=\"\" width=\"790\" height=\"563\" \/><\/picture><\/figure>\n<\/div>\n<p>Por su parte, el gobernador Leandro Zdero, consider\u00f3 que \u00abm\u00e1s all\u00e1 de los premios, lo m\u00e1s importante son los valores que genera el deporte: la competencia sana, el compromiso y el acompa\u00f1amiento de las familias y profesores. El deporte forma, cuida y brinda oportunidades\u00bb. Resalt\u00f3 el apoyo de su gesti\u00f3n al deporte y asegur\u00f3 que seguir\u00e1n en esa l\u00ednea por lo valioso que es el deporte.<\/p>\n<p><em><strong>Fuente: Diario Norte<\/strong><\/em><\/p>\n<p><strong>Los distinguidos del a\u00f1o 2025<\/strong><br \/>\n<strong>Ajedrez:<\/strong>\u00a0Noah Zalazar<br \/>\n<strong>\u00c1rbitro:<\/strong>\u00a0Leandro D\u00edaz Doro\u00f1uk<br \/>\n<strong>Artes Marciales:<\/strong>\u00a0Adriana Delgado<br \/>\n<strong>Atletismo:<\/strong>\u00a0Thiago Acevedo<br \/>\n<strong>Automovilismo:<\/strong>\u00a0Lucas Carabajal<br \/>\n<strong>B\u00e1squet femenino:<\/strong>\u00a0Aldana Duarte<br \/>\n<strong>B\u00e1squet masculino:<\/strong>\u00a0Carlos Araujo<br \/>\n<strong>Bochas:<\/strong>\u00a0Santiago Lucas Morales<br \/>\n<strong>Boxeo:<\/strong>\u00a0Carlos G\u00f3mez Remotti<br \/>\n<strong>Caza:<\/strong>\u00a0Juan Gael Alegre<br \/>\n<strong>Canotaje:<\/strong>\u00a0Paula Flores<br \/>\n<strong>Cestoball:<\/strong>\u00a0Mat\u00edas Barreto<br \/>\n<strong>Ciclismo:<\/strong>\u00a0Germ\u00e1n Trautner<br \/>\n<strong>Deporte Adaptado:<\/strong>\u00a0Lucas Leguiza<br \/>\n<strong>F\u00fatbol femenino:<\/strong>\u00a0Agustina Correa<br \/>\n<strong>F\u00fatbol masculino:<\/strong>\u00a0Tom\u00e1s Aquino<br \/>\n<strong>Futsal:<\/strong>\u00a0Marcos Jes\u00fas Fern\u00e1ndez<br \/>\n<strong>Fisicoculturismo:<\/strong>\u00a0Mario Monfardini<br \/>\n<strong>Gimnasia:<\/strong>\u00a0Ezequ\u00edas B\u00e1ez<br \/>\n<strong>Golf:<\/strong>\u00a0Camilo Chapresto<br \/>\n<strong>Handball:<\/strong>\u00a0Sof\u00eda Silva<br \/>\n<strong>Hockey:<\/strong>\u00a0Cristian Castro<br \/>\n<strong>Karting:<\/strong>\u00a0Fausto Vicente<br \/>\n<strong>Levantamiento Ol\u00edmpico de Pesas:<\/strong>\u00a0Milena Ayala<br \/>\n<strong>Marat\u00f3n:<\/strong>\u00a0Gabriela Moreyra<br \/>\n<strong>Motociclismo:<\/strong>\u00a0Ramiro Gandola<br \/>\n<strong>Nataci\u00f3n:<\/strong>\u00a0Thiago Romero<br \/>\n<strong>Pat\u00edn:<\/strong>\u00a0Martina Ferreira<br \/>\n<strong>Pesca:<\/strong>\u00a0Mario Passarino<br \/>\n<strong>Rugby femenino:<\/strong>\u00a0Cristal Escalante<br \/>\n<strong>Rugby masculino:<\/strong>\u00a0Ignacio Baiter<br \/>\n<strong>Squash:<\/strong>\u00a0Luca Antenucci<br \/>\n<strong>Tenis:<\/strong>\u00a0Fantino Alberca<br \/>\n<strong>Tenis de Mesa:<\/strong>\u00a0Juan Cruz Axon<br \/>\n<strong>Tiro:<\/strong>\u00a0Adri\u00e1n Cristaldo<br \/>\n<strong>Triatl\u00f3n:<\/strong>\u00a0Ignacio Zurlo<br \/>\n<strong>V\u00f3ley:<\/strong>\u00a0Gabriel C\u00f3rdoba<\/p>\n<p><strong>Reconocimientos<\/strong><br \/>\nLiga Chaque\u00f1a de F\u00fatbol<br \/>\nClub de Regatas Resistencia<br \/>\nAlejandro \u201cPuma\u201d Pirota<br \/>\nGonzalo Corbal\u00e1n<br \/>\nSelecci\u00f3n de Seven de la Uni\u00f3n de Rugby del Nordeste<br \/>\nDeportivo Luj\u00e1n<br \/>\nClub Empleados de Comercio<br \/>\nParque Patricios<br \/>\nUni\u00f3n y Fuerza de Corzuela<br \/>\nJazm\u00edn Travesani<br \/>\nValentino Mar\u00edn<\/p>\n<p><strong>Deportistas de cada temporada<br \/>\n<\/strong>1987: Carolina Guti\u00e9rrez (Atletismo)<br \/>\n1988: Miguel Fern\u00e1ndez (Golf)<br \/>\n1989: Celso Freyre (F\u00fatbol)<br \/>\n1990: Azucena Zorz\u00f3n (Artes Marciales)<br \/>\n1991: Patricio Simoni (B\u00e1squetbol)<br \/>\n1992: Walter Scordo (Rugby)<br \/>\n1993: Juan Manuel Silva (Automovilismo)<br \/>\n1994: Jos\u00e9 C\u00f3ceres (Golf)<br \/>\n1995: Carlos Zalazar (Boxeo)<br \/>\n1996: Patricio Simoni (B\u00e1squetbol)<br \/>\n1997: Marisol Villa (Remo)<br \/>\n1998: Juan Manuel Silva (Automovilismo)<br \/>\n1999: Juan Manuel Silva (Automovilismo)<br \/>\n2000: Rub\u00e9n Wolkowyski (B\u00e1squetbol)<br \/>\n2001: Jos\u00e9 C\u00f3ceres (Golf)<br \/>\n2002: Fernanda Lauro (Canotaje)<br \/>\n2003: Gast\u00f3n Vivas (Motociclismo)<br \/>\n2004: Ramiro Gandola (Motociclismo)<br \/>\n2005: Juan Manuel Silva (Automovilismo)<br \/>\n2006: Fernanda Lauro (Canotaje)<br \/>\n2007: Ana Codina (Tenis de Mesa)<br \/>\n2008: Luis Cequeira (B\u00e1squetbol)<br \/>\n2009: Franco L\u00f3pez (V\u00f3leibol)<br \/>\n2010: Daniela Gim\u00e9nez (Nataci\u00f3n)<br \/>\n2011: Franco Stupaczuk (P\u00e1del)<br \/>\n2012: Ail\u00e9n Acosta (Taekwondo)<br \/>\n2013: Emiliano Grillo (Golf)<br \/>\n2014: Andrea Balbuena (Taekwondo)<br \/>\n2015: Daniel Ju\u00e1rez (Ciclismo)<br \/>\n2016: Fabi\u00e1n G\u00f3mez (Golf)<br \/>\n2017: \u00c1ngel Deld\u00f3 (Deporte Adaptado)<br \/>\n2018: Ezequiel Allende (Motociclismo)<br \/>\n2019: Lucas Bohdanowicz (Automovilismo)<br \/>\n2020: no se hizo evento por la pandemia<br \/>\n2021: \u00c1ngel Deld\u00f3 (Deporte Adaptado)<br \/>\n2022: Pablo Zacar\u00edas (Automovilismo)<br \/>\n2023: Milena Ayala (Pesas)<br \/>\n2024: Lucas Bohdanowicz (Automovilismo)<br \/>\n2025:\u00a0 Lucas Carabajal (Automovilismo)<\/p>\n<p><img loading=\"lazy\" decoding=\"async\" class=\"aligncenter size-large wp-image-20149\" src=\"https:\/\/www.sportchaco.com.ar\/wp-content\/uploads\/2025\/06\/Chaco-sin-fuego-1080x1350-3-819x1024.gif\" alt=\"\" width=\"819\" height=\"1024\" srcset=\"https:\/\/www.sportchaco.com.ar\/wp-content\/uploads\/2025\/06\/Chaco-sin-fuego-1080x1350-3-819x1024.gif 819w, https:\/\/www.sportchaco.com.ar\/wp-content\/uploads\/2025\/06\/Chaco-sin-fuego-1080x1350-3-240x300.gif 240w, https:\/\/www.sportchaco.com.ar\/wp-content\/uploads\/2025\/06\/Chaco-sin-fuego-1080x1350-3-768x960.gif 768w, https:\/\/www.sportchaco.com.ar\/wp-content\/uploads\/2025\/06\/Chaco-sin-fuego-1080x1350-3-1229x1536.gif 1229w, https:\/\/www.sportchaco.com.ar\/wp-content\/uploads\/2025\/06\/Chaco-sin-fuego-1080x1350-3-1638x2048.gif 1638w\" sizes=\"auto, (max-width: 819px) 100vw, 819px\" \/><\/p>\n<\/div>\n<\/section>\n<\/section>\n","protected":false},"excerpt":{"rendered":"<p>20-12-2025 En una noche a pura emoci\u00f3n, el deporte del Chaco tuvo su velada en el Centro de Convenciones del Domo del Centenario con buen marco de asistentes, 37 deportistas de diferentes disciplinas que fueron premiados y el piloto de automovilismo, Lucas Carabajal, fue consagrado Deportista del A\u00f1o 2025 por el C\u00edrculo de Periodistas Deportivo &hellip;<\/p>\n","protected":false},"author":2,"featured_media":30356,"comment_status":"open","ping_status":"open","sticky":false,"template":"","format":"standard","meta":{"footnotes":""},"categories":[44],"tags":[],"class_list":["post-30354","post","type-post","status-publish","format-standard","has-post-thumbnail","hentry","category-varios"],"_links":{"self":[{"href":"https:\/\/www.sportchaco.com.ar\/index.php?rest_route=\/wp\/v2\/posts\/30354","targetHints":{"allow":["GET"]}}],"collection":[{"href":"https:\/\/www.sportchaco.com.ar\/index.php?rest_route=\/wp\/v2\/posts"}],"about":[{"href":"https:\/\/www.sportchaco.com.ar\/index.php?rest_route=\/wp\/v2\/types\/post"}],"author":[{"embeddable":true,"href":"https:\/\/www.sportchaco.com.ar\/index.php?rest_route=\/wp\/v2\/users\/2"}],"replies":[{"embeddable":true,"href":"https:\/\/www.sportchaco.com.ar\/index.php?rest_route=%2Fwp%2Fv2%2Fcomments&post=30354"}],"version-history":[{"count":6,"href":"https:\/\/www.sportchaco.com.ar\/index.php?rest_route=\/wp\/v2\/posts\/30354\/revisions"}],"predecessor-version":[{"id":30373,"href":"https:\/\/www.sportchaco.com.ar\/index.php?rest_route=\/wp\/v2\/posts\/30354\/revisions\/30373"}],"wp:featuredmedia":[{"embeddable":true,"href":"https:\/\/www.sportchaco.com.ar\/index.php?rest_route=\/wp\/v2\/media\/30356"}],"wp:attachment":[{"href":"https:\/\/www.sportchaco.com.ar\/index.php?rest_route=%2Fwp%2Fv2%2Fmedia&parent=30354"}],"wp:term":[{"taxonomy":"category","embeddable":true,"href":"https:\/\/www.sportchaco.com.ar\/index.php?rest_route=%2Fwp%2Fv2%2Fcategories&post=30354"},{"taxonomy":"post_tag","embeddable":true,"href":"https:\/\/www.sportchaco.com.ar\/index.php?rest_route=%2Fwp%2Fv2%2Ftags&post=30354"}],"curies":[{"name":"wp","href":"https:\/\/api.w.org\/{rel}","templated":true}]}}