{"id":30378,"date":"2025-12-20T13:28:23","date_gmt":"2025-12-20T16:28:23","guid":{"rendered":"https:\/\/www.sportchaco.com.ar\/?p=30378"},"modified":"2025-12-20T13:28:23","modified_gmt":"2025-12-20T16:28:23","slug":"el-jiu-jitsu-adaptado-realizo-su-graduacion","status":"publish","type":"post","link":"https:\/\/www.sportchaco.com.ar\/?p=30378","title":{"rendered":"El Jiu Jitsu Adaptado realiz\u00f3 su graduaci\u00f3n"},"content":{"rendered":"<p><strong>20-12-2025<\/strong><\/p>\n<p><img loading=\"lazy\" decoding=\"async\" class=\"aligncenter size-large wp-image-20253\" src=\"https:\/\/www.sportchaco.com.ar\/wp-content\/uploads\/2025\/06\/Campo-720x90-13-1024x128.gif\" alt=\"\" width=\"1024\" height=\"128\" srcset=\"https:\/\/www.sportchaco.com.ar\/wp-content\/uploads\/2025\/06\/Campo-720x90-13-1024x128.gif 1024w, https:\/\/www.sportchaco.com.ar\/wp-content\/uploads\/2025\/06\/Campo-720x90-13-300x38.gif 300w, https:\/\/www.sportchaco.com.ar\/wp-content\/uploads\/2025\/06\/Campo-720x90-13-768x96.gif 768w\" sizes=\"auto, (max-width: 1024px) 100vw, 1024px\" \/><\/p>\n<p>La Fundaci\u00f3n Desocha llev\u00f3 adelante una emotiva graduaci\u00f3n de Jiu Jitsu Adaptado, destinada a ni\u00f1os y adultos, celebrando el esfuerzo, la constancia y los logros alcanzados por cada alumno a lo largo de su proceso de aprendizaje.<\/p>\n<p>El encuentro se desarroll\u00f3 en las instalaciones del SUM del CEF N\u00b01, donde familiares, entrenadores y referentes de la instituci\u00f3n acompa\u00f1aron este importante paso en la formaci\u00f3n deportiva y personal de los participantes. La jornada estuvo marcada por la emoci\u00f3n, el compa\u00f1erismo y el reconocimiento al compromiso de cada alumno.<\/p>\n<p>Desde la Fundaci\u00f3n destacaron que el Jiu Jitsu Adaptado es mucho m\u00e1s que una disciplina deportiva: es un espacio de inclusi\u00f3n, respeto, superaci\u00f3n personal y trabajo en equipo, donde cada persona puede desarrollarse a su propio ritmo, fortaleciendo la confianza y la autoestima.<\/p>\n<p><img loading=\"lazy\" decoding=\"async\" class=\"aligncenter size-large wp-image-30380\" src=\"https:\/\/www.sportchaco.com.ar\/wp-content\/uploads\/2025\/12\/9c75e540-204f-40d1-ade1-4e70aba5cb43-1024x682.jpg\" alt=\"\" width=\"1024\" height=\"682\" srcset=\"https:\/\/www.sportchaco.com.ar\/wp-content\/uploads\/2025\/12\/9c75e540-204f-40d1-ade1-4e70aba5cb43-1024x682.jpg 1024w, https:\/\/www.sportchaco.com.ar\/wp-content\/uploads\/2025\/12\/9c75e540-204f-40d1-ade1-4e70aba5cb43-300x200.jpg 300w, https:\/\/www.sportchaco.com.ar\/wp-content\/uploads\/2025\/12\/9c75e540-204f-40d1-ade1-4e70aba5cb43-768x512.jpg 768w, https:\/\/www.sportchaco.com.ar\/wp-content\/uploads\/2025\/12\/9c75e540-204f-40d1-ade1-4e70aba5cb43-1536x1023.jpg 1536w, https:\/\/www.sportchaco.com.ar\/wp-content\/uploads\/2025\/12\/9c75e540-204f-40d1-ade1-4e70aba5cb43.jpg 1600w\" sizes=\"auto, (max-width: 1024px) 100vw, 1024px\" \/><\/p>\n<p>\u201cCelebramos cada logro alcanzado en este camino, reafirmando nuestro compromiso con el deporte como herramienta de transformaci\u00f3n social\u201d, expresaron desde la organizaci\u00f3n.<\/p>\n<p>La Fundaci\u00f3n Desocha contin\u00faa impulsando propuestas inclusivas que promuevan la igualdad de oportunidades y el acceso al deporte para todas las personas, reafirmando su rol activo en la construcci\u00f3n de una sociedad m\u00e1s justa e integrada.<\/p>\n<p><img loading=\"lazy\" decoding=\"async\" class=\"aligncenter size-large wp-image-20100\" src=\"https:\/\/www.sportchaco.com.ar\/wp-content\/uploads\/2025\/06\/300x250-1024x854.gif\" alt=\"\" width=\"1024\" height=\"854\" srcset=\"https:\/\/www.sportchaco.com.ar\/wp-content\/uploads\/2025\/06\/300x250-1024x854.gif 1024w, https:\/\/www.sportchaco.com.ar\/wp-content\/uploads\/2025\/06\/300x250-300x250.gif 300w, https:\/\/www.sportchaco.com.ar\/wp-content\/uploads\/2025\/06\/300x250-768x640.gif 768w\" sizes=\"auto, (max-width: 1024px) 100vw, 1024px\" \/><\/p>\n","protected":false},"excerpt":{"rendered":"<p>20-12-2025 La Fundaci\u00f3n Desocha llev\u00f3 adelante una emotiva graduaci\u00f3n de Jiu Jitsu Adaptado, destinada a ni\u00f1os y adultos, celebrando el esfuerzo, la constancia y los logros alcanzados por cada alumno a lo largo de su proceso de aprendizaje. El encuentro se desarroll\u00f3 en las instalaciones del SUM del CEF N\u00b01, donde familiares, entrenadores y referentes &hellip;<\/p>\n","protected":false},"author":3,"featured_media":30379,"comment_status":"open","ping_status":"open","sticky":false,"template":"","format":"standard","meta":{"footnotes":""},"categories":[62],"tags":[],"class_list":["post-30378","post","type-post","status-publish","format-standard","has-post-thumbnail","hentry","category-artes-marciales"],"_links":{"self":[{"href":"https:\/\/www.sportchaco.com.ar\/index.php?rest_route=\/wp\/v2\/posts\/30378","targetHints":{"allow":["GET"]}}],"collection":[{"href":"https:\/\/www.sportchaco.com.ar\/index.php?rest_route=\/wp\/v2\/posts"}],"about":[{"href":"https:\/\/www.sportchaco.com.ar\/index.php?rest_route=\/wp\/v2\/types\/post"}],"author":[{"embeddable":true,"href":"https:\/\/www.sportchaco.com.ar\/index.php?rest_route=\/wp\/v2\/users\/3"}],"replies":[{"embeddable":true,"href":"https:\/\/www.sportchaco.com.ar\/index.php?rest_route=%2Fwp%2Fv2%2Fcomments&post=30378"}],"version-history":[{"count":1,"href":"https:\/\/www.sportchaco.com.ar\/index.php?rest_route=\/wp\/v2\/posts\/30378\/revisions"}],"predecessor-version":[{"id":30381,"href":"https:\/\/www.sportchaco.com.ar\/index.php?rest_route=\/wp\/v2\/posts\/30378\/revisions\/30381"}],"wp:featuredmedia":[{"embeddable":true,"href":"https:\/\/www.sportchaco.com.ar\/index.php?rest_route=\/wp\/v2\/media\/30379"}],"wp:attachment":[{"href":"https:\/\/www.sportchaco.com.ar\/index.php?rest_route=%2Fwp%2Fv2%2Fmedia&parent=30378"}],"wp:term":[{"taxonomy":"category","embeddable":true,"href":"https:\/\/www.sportchaco.com.ar\/index.php?rest_route=%2Fwp%2Fv2%2Fcategories&post=30378"},{"taxonomy":"post_tag","embeddable":true,"href":"https:\/\/www.sportchaco.com.ar\/index.php?rest_route=%2Fwp%2Fv2%2Ftags&post=30378"}],"curies":[{"name":"wp","href":"https:\/\/api.w.org\/{rel}","templated":true}]}}