{"id":30392,"date":"2025-12-21T18:44:04","date_gmt":"2025-12-21T21:44:04","guid":{"rendered":"https:\/\/www.sportchaco.com.ar\/?p=30392"},"modified":"2025-12-21T21:15:27","modified_gmt":"2025-12-22T00:15:27","slug":"villa-cierra-el-ano-ante-santa-paula-por-la-liga-argentina","status":"publish","type":"post","link":"https:\/\/www.sportchaco.com.ar\/?p=30392","title":{"rendered":"Villa cierra el a\u00f1o ante Santa Paula por La Liga Argentina"},"content":{"rendered":"<p><strong>21-12-2025<\/strong><\/p>\n<p><img loading=\"lazy\" decoding=\"async\" class=\"aligncenter size-full wp-image-26819\" src=\"https:\/\/www.sportchaco.com.ar\/wp-content\/uploads\/2025\/10\/320x50-3.gif\" alt=\"\" width=\"667\" height=\"105\" \/><\/p>\n<p>Luego de una extensa gira por Mendoza y C\u00f3rdoba, disputando cuatro juegos, con dos victorias y dos ca\u00eddas, Villa San Mart\u00edn ya est\u00e1 de regreso en Resistencia y con la vista puesta en su pr\u00f3ximo duelo por la Conferencia Norte, que ser\u00e1 el lunes 22, desde las 21.30, ante Santa Paula de G\u00e1lvez (Santa Fe). Con este juego, cerrar\u00e1 el 2025, por el receso navide\u00f1o y a\u00f1o nuevo, y todo vuelve en enero.<\/p>\n<p>Hoy el elenco chaque\u00f1o se posiciona en la s\u00e9ptima posici\u00f3n con 20 unidades, saldo de siete victorias y seis\u00a0derrotas en 13 presentaciones, por lo que el duelo ante los santafesinos parte como clave para escalar en la tabla de posiciones antes del receso por las fiestas de fin de a\u00f1o. El certamen reci\u00e9n volver\u00e1 a la acci\u00f3n en los primeros d\u00edas de enero para lo que ser\u00e1 la segunda parte de la fase regular.<\/p>\n<p><img decoding=\"async\" src=\"https:\/\/scontent.fcnq2-1.fna.fbcdn.net\/v\/t39.30808-6\/600355894_3776024282707264_559554542340607668_n.jpg?_nc_cat=106&amp;ccb=1-7&amp;_nc_sid=127cfc&amp;_nc_ohc=SnB4Z17HkhMQ7kNvwEPbpny&amp;_nc_oc=AdmM7axVbMEWQPkPO-Qq6ZVI4Obm6o67cwC2_hr_P2Pqbkm1zvIemB4Y3hI-OvoKlNM&amp;_nc_zt=23&amp;_nc_ht=scontent.fcnq2-1.fna&amp;_nc_gid=FxJn6JyRDVsHnKF4fCvkNw&amp;oh=00_AfkyMQjaE4K3IZ9SZ5Q4aMhC-v2oKDzYDmbmH7MnNnwunw&amp;oe=694E46B9\" alt=\"Puede ser una imagen de b\u00e1squet, v\u00f3leibol y texto\" \/><\/p>\n<p>Hay que recordar que la temporada 2025\/26 se disputa con un torneo \u00fanico de 34 equipos divididos en dos conferencias con formato todos contra todos y partidos de ida y vuelta dentro de cada conferencia, siendo un total de 32 encuentros antes del comienzo de los playoffs. La fase regular culminar\u00e1 a finales de marzo 2026 para dar paso a los playoffs.<\/p>\n<p>\u00abSeguimos trabajando, por suerte ahora con Simondi de regreso y Maximiliano Mart\u00edn se recupera favorablemente tras una molestia que padeci\u00f3 en el \u00faltimo partido ante los cordobeses; por supuesto se deja liberado a Santiago Rath, Agust\u00edn Camisasca, Gael Carrasco y Valentino Barua quienes se encuentran disputando las finales del Asociativo\u00bb, remarc\u00f3 el entrenador principal, Eduardo \u00abChiche\u00bb J\u00e1pez.<\/p>\n<p><img decoding=\"async\" src=\"https:\/\/scontent.fcnq2-1.fna.fbcdn.net\/v\/t39.30808-6\/601420610_3776024599373899_2196309178501000249_n.jpg?_nc_cat=102&amp;ccb=1-7&amp;_nc_sid=127cfc&amp;_nc_ohc=6arxQUel7ZgQ7kNvwEyT1-Y&amp;_nc_oc=AdnRlzHJbqeq_T89cS-emm9ZMYs2SgU667UztcDa3Yxm4UW-PkTn0o73WjtYqncE1DY&amp;_nc_zt=23&amp;_nc_ht=scontent.fcnq2-1.fna&amp;_nc_gid=SD-Tw6mH-bR6EqTya_rfag&amp;oh=00_AfmY8JqjzOoi6LamBSAK5FhC0NNHSBo8WiJlOGg7f1Slqg&amp;oe=694E3C0B\" alt=\"Puede ser una imagen de b\u00e1squet, v\u00f3leibol y f\u00fatbol\" \/><\/p>\n<p><strong>Regresa Simondi<\/strong><\/p>\n<p>De cara al \u00faltimo partido de este a\u00f1o, el que regresa es el pivote Est\u00e9fano Simondi, quien se recuper\u00f3 de un desgarro en el aductor izquierdo, dej\u00e1ndolo fuera de las canchas 28 d\u00edas y perdi\u00e9ndose siete\u00a0juegos, tres\u00a0de local y cuatro\u00a0de visitante.\u00a0El jugador ya se encuentra a disposici\u00f3n del cuerpo t\u00e9cnico y preparado para todo lo que se viene en la temporada 25\/26.<\/p>\n<p><strong>Transmite Radio Provincia<\/strong><\/p>\n<p>Cara y Ceca del Deporte estar\u00e1 a trav\u00e9s de Radio Provincia en la 101.5 con el partido que sostendr\u00e1n Villa San Mart\u00edn y Santa Paula de Galvez a partir de las 21:15<\/p>\n<p><img loading=\"lazy\" decoding=\"async\" class=\"size-large wp-image-20149 alignleft\" src=\"https:\/\/www.sportchaco.com.ar\/wp-content\/uploads\/2025\/06\/Chaco-sin-fuego-1080x1350-3-819x1024.gif\" alt=\"\" width=\"819\" height=\"1024\" srcset=\"https:\/\/www.sportchaco.com.ar\/wp-content\/uploads\/2025\/06\/Chaco-sin-fuego-1080x1350-3-819x1024.gif 819w, https:\/\/www.sportchaco.com.ar\/wp-content\/uploads\/2025\/06\/Chaco-sin-fuego-1080x1350-3-240x300.gif 240w, https:\/\/www.sportchaco.com.ar\/wp-content\/uploads\/2025\/06\/Chaco-sin-fuego-1080x1350-3-768x960.gif 768w, https:\/\/www.sportchaco.com.ar\/wp-content\/uploads\/2025\/06\/Chaco-sin-fuego-1080x1350-3-1229x1536.gif 1229w, https:\/\/www.sportchaco.com.ar\/wp-content\/uploads\/2025\/06\/Chaco-sin-fuego-1080x1350-3-1638x2048.gif 1638w\" sizes=\"auto, (max-width: 819px) 100vw, 819px\" \/><\/p>\n<p>&nbsp;<\/p>\n<p>&nbsp;<\/p>\n","protected":false},"excerpt":{"rendered":"<p>21-12-2025 Luego de una extensa gira por Mendoza y C\u00f3rdoba, disputando cuatro juegos, con dos victorias y dos ca\u00eddas, Villa San Mart\u00edn ya est\u00e1 de regreso en Resistencia y con la vista puesta en su pr\u00f3ximo duelo por la Conferencia Norte, que ser\u00e1 el lunes 22, desde las 21.30, ante Santa Paula de G\u00e1lvez (Santa &hellip;<\/p>\n","protected":false},"author":2,"featured_media":30393,"comment_status":"open","ping_status":"open","sticky":false,"template":"","format":"standard","meta":{"footnotes":""},"categories":[3],"tags":[],"class_list":["post-30392","post","type-post","status-publish","format-standard","has-post-thumbnail","hentry","category-basquetbol"],"_links":{"self":[{"href":"https:\/\/www.sportchaco.com.ar\/index.php?rest_route=\/wp\/v2\/posts\/30392","targetHints":{"allow":["GET"]}}],"collection":[{"href":"https:\/\/www.sportchaco.com.ar\/index.php?rest_route=\/wp\/v2\/posts"}],"about":[{"href":"https:\/\/www.sportchaco.com.ar\/index.php?rest_route=\/wp\/v2\/types\/post"}],"author":[{"embeddable":true,"href":"https:\/\/www.sportchaco.com.ar\/index.php?rest_route=\/wp\/v2\/users\/2"}],"replies":[{"embeddable":true,"href":"https:\/\/www.sportchaco.com.ar\/index.php?rest_route=%2Fwp%2Fv2%2Fcomments&post=30392"}],"version-history":[{"count":3,"href":"https:\/\/www.sportchaco.com.ar\/index.php?rest_route=\/wp\/v2\/posts\/30392\/revisions"}],"predecessor-version":[{"id":30403,"href":"https:\/\/www.sportchaco.com.ar\/index.php?rest_route=\/wp\/v2\/posts\/30392\/revisions\/30403"}],"wp:featuredmedia":[{"embeddable":true,"href":"https:\/\/www.sportchaco.com.ar\/index.php?rest_route=\/wp\/v2\/media\/30393"}],"wp:attachment":[{"href":"https:\/\/www.sportchaco.com.ar\/index.php?rest_route=%2Fwp%2Fv2%2Fmedia&parent=30392"}],"wp:term":[{"taxonomy":"category","embeddable":true,"href":"https:\/\/www.sportchaco.com.ar\/index.php?rest_route=%2Fwp%2Fv2%2Fcategories&post=30392"},{"taxonomy":"post_tag","embeddable":true,"href":"https:\/\/www.sportchaco.com.ar\/index.php?rest_route=%2Fwp%2Fv2%2Ftags&post=30392"}],"curies":[{"name":"wp","href":"https:\/\/api.w.org\/{rel}","templated":true}]}}