{"id":30395,"date":"2025-12-21T23:37:22","date_gmt":"2025-12-22T02:37:22","guid":{"rendered":"https:\/\/www.sportchaco.com.ar\/?p=30395"},"modified":"2025-12-21T23:37:53","modified_gmt":"2025-12-22T02:37:53","slug":"efemerides-del-22-de-diciembre-3","status":"publish","type":"post","link":"https:\/\/www.sportchaco.com.ar\/?p=30395","title":{"rendered":"Efem\u00e9rides del 22 de diciembre"},"content":{"rendered":"<div class=\"container fullwidth-entry-title-wrapper\">\n<div class=\"container-wrapper fullwidth-entry-title\">\n<header class=\"entry-header-outer\">\n<div class=\"entry-header\">\n<div class=\"single-post-meta post-meta clearfix\"><\/div>\n<\/div>\n<\/header>\n<\/div>\n<\/div>\n<div id=\"content\" class=\"site-content container\">\n<div id=\"main-content-row\" class=\"tie-row main-content-row\">\n<div class=\"main-content tie-col-md-8 tie-col-xs-12\" role=\"main\">\n<article id=\"the-post\" class=\"container-wrapper post-content tie-standard\">\n<div class=\"featured-area\">\n<div class=\"featured-area-inner\">\n<h5 class=\"single-featured-image\">Foto portada de El\u00edas Roberto Nissim en el 2013, cuando fue homenajeado a 40 a\u00f1os de haber conseguido el t\u00edtulo nacional de ajedrez en los Juegos Evita.<\/h5>\n<\/div>\n<\/div>\n<div class=\"entry-content entry clearfix\">\n<div class=\"container-wrapper fullwidth-entry-title\">\n<header class=\"entry-header-outer\">\n<div class=\"entry-header\"><\/div>\n<\/header>\n<\/div>\n<div id=\"content\" class=\"site-content container\">\n<div id=\"main-content-row\" class=\"tie-row main-content-row\">\n<div class=\"main-content tie-col-md-8 tie-col-xs-12\" role=\"main\">\n<article id=\"the-post\" class=\"container-wrapper post-content tie-standard\">\n<div class=\"featured-area-inner\"><\/div>\n<div class=\"entry-content entry clearfix\">\n<h5><strong>Estas son las efem\u00e9rides de un 22 de diciembre, del libro \u00ab100 a\u00f1os de historia del deporte en el Chaco\u00bb, del periodista Luis Dar\u00edo Molodezky.<\/strong><\/h5>\n<p><img decoding=\"async\" class=\"aligncenter\" src=\"https:\/\/www.sportchaco.com.ar\/wp-content\/uploads\/2023\/11\/Luis-D-SP-199x300.jpg\" \/><\/p>\n<p>&nbsp;<\/p>\n<p><strong>1954 \/<\/strong>\u00a0Atl\u00e9tico Juventud, de Las Palmas, obtiene el torneo de f\u00fatbol juvenil provincial de los Campeonatos \u201cEvita\u201d y se convierte en representante provincial para la instancia final. Derrot\u00f3 por 4 a 0 a Instituto, de Resistencia.<\/p>\n<p><strong>1957 \/<\/strong>\u00a0El equipo femenino de b\u00e1squetbol de V\u00e9lez Sarsfield se clasifica campe\u00f3n de la Asociaci\u00f3n de Resistencia, al vencer a 12 de Octubre 50 a 33. Integraban el plantel Anita Busol\u00f3n, Olga Toledo, Irene Mart\u00ednez, Hilda Toledo, Lili Pallar\u00e9s y Luc\u00eda Crist\u00f3fani.<\/p>\n<p><strong>1973 \/<\/strong>\u00a0El\u00edas Roberto Nissin se corona campe\u00f3n argentino infantil de ajedrez en Juegos Evita, recibiendo la copa de manos del presidente Juan Domingo Per\u00f3n.<\/p>\n<p><strong>1981 \/<\/strong>\u00a0Regatas se consagra campe\u00f3n de la ABR al vencer en el cotejo final a Hind\u00fa Club 100 a 89, cotejo dirigido por N\u00fa\u00f1ez y Forte. Integraron el equipo campe\u00f3n Eduardo P\u00e9rez, Ricardo Siri, Carl Scales, Pedro Fern\u00e1ndez, Ra\u00fal Castro y Marcelo Andreata (35 puntos). DT: Ernesto Roig.<\/p>\n<p><strong>1984 \/<\/strong>\u00a0Omar Palito Ben\u00edtez se consagra campe\u00f3n chaque\u00f1o de los welters juniors, al vencer por puntos a Alcides Puebla en el estadio de Acci\u00f3n de S\u00e1enz Pe\u00f1a.<\/p>\n<p><strong>1999 \/<\/strong> Juan Manuel Pato Silva es consagrado como Deportista del A\u00f1o 1999, por el C\u00edrculo de Periodistas Deportivos del Chaco, repitiendo el lauro de 1993. La n\u00f3mina de premiados fue la siguiente: ajedrez Juan Carlos Tossutti, \u00e1rbitro Carlos Zalazar; artes marciales Alberto Su\u00e1rez, atletismo Ignacio Mat\u00edas Romano, automovilismo Juan Manuel Silva, b\u00e1squetbol, Diego S\u00e1nchez, bochas Marcelo Arzuaga, boxeo Javier \u00c1lvarez, canotaje Mar\u00eda Fernanda Lauro; caza Fabi\u00e1n Vrobel ciclismo Diego Adri\u00e1n Lezcano, dirigente Antonio Golob de Charata, equitaci\u00f3n, Horacio Cabrera, f\u00edsicoculturismo Sergio Parras, f\u00fatbol Gaspar Mu\u00f1oz, gimnasia art\u00edstica Federico Sgroppo, golf Leandro Alem, handball Gustavo Roberto Bravo; hockey Fernando Gonz\u00e1lez Oliver; homenaje Normando Coronel, karting Yamil Apud, marat\u00f3n Sandra Gay, mountain bike Miguel Prado, motociclismo Alberto Salom, nataci\u00f3n Yanina De Benedetti, p\u00e1del Maximiliano Grillo, pat\u00edn Francisco Cristian Camiletti, pelota Mariano Mar\u00edn, pesca Marcela Rossi, rugby Nicol\u00e1s Ayala, tiro Emilio Heredia, tenis, Ignacio Gonz\u00e1lez King y voleibol Roc\u00edo Rivas. En una fiesta que congreg\u00f3 en el Club Sarmiento a m\u00e1s de 600 personas, el legendario Eduardo Lolo Carauni recibi\u00f3 el premio como el deportista de todos los tiempos. El periodista Julio Silgueiro fue nominado como socio honorario y Normando Coronel fue el homenaje del a\u00f1o.<\/p>\n<p><strong>2003 \/<\/strong>\u00a0Nace la Asociaci\u00f3n de B\u00e1squetbol del Sudoeste Chaque\u00f1o.<\/p>\n<p><strong>2005 \/<\/strong>\u00a0El Centro de Educaci\u00f3n F\u00edsica de Margarita Bel\u00e9n con sus equipos masculino y femenino resultaron los campeones en las distintas categor\u00edas de la Asociaci\u00f3n de Handball del Nordeste. Los varones tuvieron este plantel: Eduardo Perka, V\u00edctor G\u00f3mez, Walter G\u00f3mez, Mario Falc\u00f3n, Gast\u00f3n Rodr\u00edguez, Walter Genez, Fernando Ayala, Eduardo Ayala, Rub\u00e9n Custiniano, Ariel Billasvo, Santiago Rodr\u00edguez, V\u00edctor Ram\u00edrez, Mat\u00edas Falc\u00f3n, Adri\u00e1n Reyes, Mart\u00edn Giafranghi, Javier Parras, Danilo Rusich, Roberto Peralta. D.T.: Diego Encina. Delegado: Juan Falc\u00f3n. En tanto, las chicas campeonas fueron: Cristina Peralta, Ariana Caravaca (capitana), Soledad Pegoraro, Bel\u00e9n Ayala, Noelia Ayala, Paola Falc\u00f3n, Paola Peralta, Noelia Ojeda, Jessica Velazco, Anal\u00eda Silva, Graciela S\u00e1nchez, Natalia L\u00f3pez y Marisel Carballo. D.T.: Diego Encina. Delegado: Juan Falc\u00f3n.<\/p>\n<p><strong>Foto: Juan Manuel Pato Silva<\/strong><\/p>\n<\/div>\n<\/article>\n<\/div>\n<\/div>\n<\/div>\n<\/div>\n<\/article>\n<\/div>\n<\/div>\n<\/div>\n","protected":false},"excerpt":{"rendered":"<p>Foto portada de El\u00edas Roberto Nissim en el 2013, cuando fue homenajeado a 40 a\u00f1os de haber conseguido el t\u00edtulo nacional de ajedrez en los Juegos Evita. Estas son las efem\u00e9rides de un 22 de diciembre, del libro \u00ab100 a\u00f1os de historia del deporte en el Chaco\u00bb, del periodista Luis Dar\u00edo Molodezky. &nbsp; 1954 \/\u00a0Atl\u00e9tico &hellip;<\/p>\n","protected":false},"author":2,"featured_media":30396,"comment_status":"open","ping_status":"open","sticky":false,"template":"","format":"standard","meta":{"footnotes":""},"categories":[3],"tags":[],"class_list":["post-30395","post","type-post","status-publish","format-standard","has-post-thumbnail","hentry","category-basquetbol"],"_links":{"self":[{"href":"https:\/\/www.sportchaco.com.ar\/index.php?rest_route=\/wp\/v2\/posts\/30395","targetHints":{"allow":["GET"]}}],"collection":[{"href":"https:\/\/www.sportchaco.com.ar\/index.php?rest_route=\/wp\/v2\/posts"}],"about":[{"href":"https:\/\/www.sportchaco.com.ar\/index.php?rest_route=\/wp\/v2\/types\/post"}],"author":[{"embeddable":true,"href":"https:\/\/www.sportchaco.com.ar\/index.php?rest_route=\/wp\/v2\/users\/2"}],"replies":[{"embeddable":true,"href":"https:\/\/www.sportchaco.com.ar\/index.php?rest_route=%2Fwp%2Fv2%2Fcomments&post=30395"}],"version-history":[{"count":1,"href":"https:\/\/www.sportchaco.com.ar\/index.php?rest_route=\/wp\/v2\/posts\/30395\/revisions"}],"predecessor-version":[{"id":30397,"href":"https:\/\/www.sportchaco.com.ar\/index.php?rest_route=\/wp\/v2\/posts\/30395\/revisions\/30397"}],"wp:featuredmedia":[{"embeddable":true,"href":"https:\/\/www.sportchaco.com.ar\/index.php?rest_route=\/wp\/v2\/media\/30396"}],"wp:attachment":[{"href":"https:\/\/www.sportchaco.com.ar\/index.php?rest_route=%2Fwp%2Fv2%2Fmedia&parent=30395"}],"wp:term":[{"taxonomy":"category","embeddable":true,"href":"https:\/\/www.sportchaco.com.ar\/index.php?rest_route=%2Fwp%2Fv2%2Fcategories&post=30395"},{"taxonomy":"post_tag","embeddable":true,"href":"https:\/\/www.sportchaco.com.ar\/index.php?rest_route=%2Fwp%2Fv2%2Ftags&post=30395"}],"curies":[{"name":"wp","href":"https:\/\/api.w.org\/{rel}","templated":true}]}}