{"id":30398,"date":"2025-12-21T20:59:24","date_gmt":"2025-12-21T23:59:24","guid":{"rendered":"https:\/\/www.sportchaco.com.ar\/?p=30398"},"modified":"2025-12-21T20:59:55","modified_gmt":"2025-12-21T23:59:55","slug":"30398","status":"publish","type":"post","link":"https:\/\/www.sportchaco.com.ar\/?p=30398","title":{"rendered":"Agostina Hein y Vicente Vergauven, distinguidos por el Comit\u00e9 Ol\u00edmpico"},"content":{"rendered":"<div class=\"c-stack b-single-chain\" data-style-direction=\"vertical\" data-style-justification=\"start\" data-style-alignment=\"unset\" data-style-inline=\"false\" data-style-wrap=\"nowrap\">\n<div class=\"c-stack b-single-chain__children-stack\" data-style-direction=\"vertical\" data-style-justification=\"start\" data-style-alignment=\"unset\" data-style-inline=\"false\" data-style-wrap=\"nowrap\">\n<h6><time datetime=\"2025-12-21T20:05:25.672Z\">Foto portada de Agustina Hein<\/time><\/h6>\n<h5><\/h5>\n<h5><time datetime=\"2025-12-21T20:05:25.672Z\">21 de diciembre de 2025\u00a0<\/time><\/h5>\n<h5 class=\"p12Heading h2 p12Header\">Se realiz\u00f3 la Gala del Deporte Argentino en el Polideportivo Braian Toledo. Agostina Hein y Vicente Vergauven, distinguidos por el Comit\u00e9 Ol\u00edmpico como \u201cMejores Deportistas del A\u00f1o\u201d. El reconocimiento destaca sus logros durante el 2025, pero tambi\u00e9n remarca la pasi\u00f3n y esp\u00edritu ol\u00edmpico que inspiran.<\/h5>\n<div class=\"p12-article-info\">\n<hr class=\"p12-divider p12-divider--horizontal \" aria-hidden=\"true\" \/>\n<div class=\"article-info-content\">\n<div class=\"right-content\">\n<div class=\"p12Date undefined\"><\/div>\n<div class=\"p12SocialIcons\">\n<div class=\"icon small \"><\/div>\n<\/div>\n<\/div>\n<\/div>\n<hr class=\"p12-divider p12-divider--horizontal \" aria-hidden=\"true\" \/>\n<\/div>\n<div class=\"p12-lead-art\"><\/div>\n<\/div>\n<\/div>\n<div class=\"article-content\">\n<article class=\"p12-article-body \">\n<p class=\"c-paragraph\"><b>Agostina Hein y Vicente Vergauven\u00a0<\/b>fueron distinguidos en la noche del viernes por el Comit\u00e9 Ol\u00edmpico Argentino (COA) en la tercera edici\u00f3n de los Premios Centenario.<\/p>\n<p class=\"c-paragraph\">Los dos j\u00f3venes y talentosos atletas recibieron el galard\u00f3n a\u00a0<b>\u201cMejores Deportistas del A\u00f1o\u201d,<\/b>\u00a0un reconocimiento que destaca sus logros durante el 2025, pero tambi\u00e9n remarca la pasi\u00f3n y esp\u00edritu ol\u00edmpico que inspiran.<\/p>\n<p class=\"c-paragraph\">Hein, con 17 a\u00f1os, se proclam\u00f3 la gran revelaci\u00f3n de la nataci\u00f3n sudamericana. Semejante denominaci\u00f3n se basa en t\u00edtulos:\u00a0<b>campeona Mundial Junior en los 400 metros combinados,<\/b>\u00a0m\u00faltiple medallista en los Juegos Panamericanos Junior ASU2025 (tres de oro, cuatro de plata y una de bronce) y dominadora absoluta en los Campeonato Sudamericano y Argentino.<\/p>\n<p class=\"c-paragraph\">Por su parte, Vergauven, con 20 a\u00f1os, se destac\u00f3 en el canotaje con su actuaci\u00f3n hist\u00f3rica en los ASU2025 al obtener\u00a0<b>dos medallas de oro en K2 y K4 500 metros,\u00a0<\/b>una de plata en K1 1000 metros y otra de bronce en K1 500 metros.<\/p>\n<p class=\"c-paragraph\">El Comit\u00e9 realiz\u00f3 la tercera edici\u00f3n de los Premios Centenario que reconoce a los deportistas que, a lo largo del a\u00f1o, mostraron\u00a0<b>excelencia competitiva, compromiso con los valores ol\u00edmpicos y tuvieron logros destacados a nivel nacional e internacional.<\/b>\u00a0Esta distinci\u00f3n, instaurada en 2023, consolida una iniciativa que pone en valor el esfuerzo y el talento de los atletas.<\/p>\n<\/article>\n<div class=\"p12-lead-art__image-wrapper\"><img loading=\"lazy\" decoding=\"async\" class=\"c-image\" src=\"https:\/\/www.pagina12.com.ar\/resizer\/v2\/KG5V2ETDDBE7BINESTIVJHKRYI.jpeg?smart=true&amp;auth=d1e34e38dd649079f685724a5757e8218d3f126f0a824da8264e195cec27e75d&amp;width=1600&amp;height=1066\" srcset=\"https:\/\/www.pagina12.com.ar\/resizer\/v2\/KG5V2ETDDBE7BINESTIVJHKRYI.jpeg?smart=true&amp;auth=d1e34e38dd649079f685724a5757e8218d3f126f0a824da8264e195cec27e75d&amp;width=960&amp;height=639 960w, https:\/\/www.pagina12.com.ar\/resizer\/v2\/KG5V2ETDDBE7BINESTIVJHKRYI.jpeg?smart=true&amp;auth=d1e34e38dd649079f685724a5757e8218d3f126f0a824da8264e195cec27e75d&amp;width=1920&amp;height=1279 1920w\" alt=\"\" width=\"1600\" height=\"1066\" data-chromatic=\"ignore\" \/><\/div>\n<p><span class=\"c-media-item__title\">El presidente Mario Moccia y Vicente Vergauven con el premio.\u00a0<\/span><span class=\"c-media-item__credit\">(Prensa)<\/span><\/p>\n<article class=\"p12-article-body \">\n<p class=\"c-paragraph\"><b>La siguiente n\u00f3mina incluye a todos los atletas distinguidos en la tercera edici\u00f3n:<\/b><\/p>\n<p class=\"c-paragraph\">Ernestina Adam y Pablo Ismael Acosta (Ajedrez)<\/p>\n<p class=\"c-paragraph\">Micaela Levaggie y Joaqu\u00edn G\u00f3mez (Atletismo)<\/p>\n<p class=\"c-paragraph\">Iona Gualdi y Franco Motto (B\u00e1dminton)<\/p>\n<p class=\"c-paragraph\"><b>Keila Luna y Exequiel Talevi (B\u00e9isbol)<\/b><\/p>\n<p class=\"c-paragraph\">Laura Jazm\u00edn Deud y Santiago Vicente L\u00f3pez (Billar)<\/p>\n<p class=\"c-paragraph\">Candela Pilar Molina y Carmelo Valent\u00edn Retamar rassesco (Bochas)<\/p>\n<p class=\"c-paragraph\">Vanesa Rinke y Alexis Plakoudakis (Bowling)<\/p>\n<p class=\"c-paragraph\">Tatiana Flores y Edgardo Nicol\u00e1s Peralta (Boxeo)<\/p>\n<p class=\"c-paragraph\">Clara Feintuch y Agust\u00edn Nicol\u00e1s Madala (Bridge)<\/p>\n<p class=\"c-paragraph\"><b>Paulina Barreiro Hus y Vicente Vergauven (Canotaje)<\/b><\/p>\n<p class=\"c-paragraph\">Sol Filarent y Ariel Salom\u00f3n (Centros Comunitarios Macabeos)<\/p>\n<p class=\"c-paragraph\">Chichi Labake y Luis Marchetti (Cestoball)<\/p>\n<p class=\"c-paragraph\">Julieta Benedetti y Federico Capello (Ciclismo)<\/p>\n<p class=\"c-paragraph\">Gabriela Bel\u00e9n Caraballo y Pablo Javier Dietrich (Colombofilia)<\/p>\n<p class=\"c-paragraph\">Albertina Gal\u00e1n y Alan Kirschbaum (Cricket)<\/p>\n<p class=\"c-paragraph\"><b>Laila Chain y Mat\u00edas Berenbroek (Deporte Escolar)<\/b><\/p>\n<p class=\"c-paragraph\">Giuliana Gamba y Tom\u00e1s Ezequiel Faggiano (Deporte Universitario)<\/p>\n<p class=\"c-paragraph\">Agostina Hein y Ulises Saravia (Deportes Acu\u00e1ticos)<\/p>\n<p class=\"c-paragraph\">Victoria Santacroce y Dami\u00e1n Ancic (Equitaci\u00f3n)<\/p>\n<p class=\"c-paragraph\">Clara Isabel Mar\u00eda de las Mercedes Di Tella y Augusto Antonio Servello (Esgrima)<\/p>\n<p class=\"c-paragraph\">Eugenia De Armas y Tob\u00edas Giorgis (Esqu\u00ed N\u00e1utico y Wakeboard)<\/p>\n<p class=\"c-paragraph\"><b>Thiara Sosa y Nahuel Vener (Faustball)<\/b><\/p>\n<p class=\"c-paragraph\">Celeste D\u00b4Arc\u00e1ngelo y Daniel Villafa\u00f1e (Gimnasia)<\/p>\n<p class=\"c-paragraph\">Alma Molina y Santiago Emanuel Silva Garc\u00eda (Handball)<\/p>\n<p class=\"c-paragraph\">Juana Castellaro Morello y Tom\u00e1s Santiago (Hockey sobre (c\u00e9sped)<\/p>\n<p class=\"c-paragraph\">Delfina Fattore y Owen Haiek (Hockey sobre hielo y en l\u00ednea)<\/p>\n<p class=\"c-paragraph\"><b>Agustina Lahiton y Mariano Coto (Judo)<\/b><\/p>\n<p class=\"c-paragraph\">Micaela Pacheco y Juan Ignacio Gallardo (Karate)<\/p>\n<p class=\"c-paragraph\">Mar\u00eda Paz Casadevall y Joaqu\u00edn Eluney Mesa (Levantamiento de Pesas)<\/p>\n<p class=\"c-paragraph\">Camila Agustina Amarilla y Agust\u00edn Alejandro Destribats (Lucha)<\/p>\n<p class=\"c-paragraph\">Yoselin Altamirano y Valent\u00edn Valor (Motociclismo)<\/p>\n<p class=\"c-paragraph\">Catalina Schneider y Luciano Repetti Calvo (Netball)<\/p>\n<p class=\"c-paragraph\">Laura Poljak y Emilio Santa Coloma (Paracaidismo)<\/p>\n<p class=\"c-paragraph\"><b>Valentina Longo y Mat\u00edas Dell\u00b4Olio (Pat\u00edn \/ Skateboarding)<\/b><\/p>\n<p class=\"c-paragraph\">Mar\u00eda Lis Garc\u00eda Calder\u00f3n y Facundo Andreasen (Pelota)<\/p>\n<p class=\"c-paragraph\">Mar\u00eda Bel\u00e9n Serrano y Franco Santiago Serrano (Pentatl\u00f3n Moderno y Biatl\u00f3n)<\/p>\n<p class=\"c-paragraph\">M\u00eda Cambiaso y Antonio Heguy (Polo)<\/p>\n<p class=\"c-paragraph\">Mar\u00eda Jos\u00e9 Vargas Parada y Diego Garc\u00eda (Racquetball)<\/p>\n<p class=\"c-paragraph\">Clara Galfre y Santino Menin (Remo)<\/p>\n<p class=\"c-paragraph\">Mar\u00eda Paula Pedrozo y Santiago \u00c1lvarez (Rugby)<\/p>\n<p class=\"c-paragraph\">Francesca Baruzzi y Crist\u00f3bal Colombo (Ski y Andinismo)<\/p>\n<p class=\"c-paragraph\">Violeta Figueroa y Mat\u00edas Etchevers (Softbol)<\/p>\n<p class=\"c-paragraph\"><b>Paula Rivero y Segundo Portabales (Squash)<\/b><\/p>\n<p class=\"c-paragraph\">Juliette Duhaime y Thiago Passeri Pezzati (Surf)<\/p>\n<p class=\"c-paragraph\">Brenda Ruiz D\u00edaz y Nahuel Gillete (Taekwondo)<\/p>\n<p class=\"c-paragraph\">Solana Sierra y Horacio Zeballos (Tenis)<\/p>\n<p class=\"c-paragraph\">Ana Codina y Horacio Cifuentes (Tenis de Mesa)<\/p>\n<p class=\"c-paragraph\">Fernanda Russo Romero y Marcelo Juli\u00e1n Guti\u00e9rrez (Tiro)<\/p>\n<p class=\"c-paragraph\">Alma Pueyo L\u00f3pez y Esteban Jes\u00fas Silva (Tiro con Arco)<\/p>\n<p class=\"c-paragraph\">Mar\u00eda Emilia Vargas y Thomas Casta\u00f1eda (Triatl\u00f3n)<\/p>\n<p class=\"c-paragraph\"><b>Bianca Cugno y Tom\u00e1s Jos\u00e9 Capogrosso (Voleibol)<\/b><\/p>\n<p class=\"c-paragraph\">Julieta Calder\u00f3n y Jorge Tahan (Wushu Kung Fu)<\/p>\n<p class=\"c-paragraph\">Catalina Turienzo y Guillermo Parada (Yachting)<\/p>\n<figure class=\"c-media-item p12-article-body__image\"><img loading=\"lazy\" decoding=\"async\" class=\"c-image\" src=\"https:\/\/www.pagina12.com.ar\/resizer\/v2\/PQDBSEAHN5B6NPVIE46C7L4Z4I.jpg?auth=aae183d83094d6d1ea4f62a26e1d654da9bf71e38ca3c3b266ffefa6eaab851a&amp;smart=true&amp;width=800&amp;height=533\" srcset=\"https:\/\/www.pagina12.com.ar\/resizer\/v2\/PQDBSEAHN5B6NPVIE46C7L4Z4I.jpg?auth=aae183d83094d6d1ea4f62a26e1d654da9bf71e38ca3c3b266ffefa6eaab851a&amp;smart=true&amp;width=274&amp;height=182 274w, https:\/\/www.pagina12.com.ar\/resizer\/v2\/PQDBSEAHN5B6NPVIE46C7L4Z4I.jpg?auth=aae183d83094d6d1ea4f62a26e1d654da9bf71e38ca3c3b266ffefa6eaab851a&amp;smart=true&amp;width=400&amp;height=266 400w, https:\/\/www.pagina12.com.ar\/resizer\/v2\/PQDBSEAHN5B6NPVIE46C7L4Z4I.jpg?auth=aae183d83094d6d1ea4f62a26e1d654da9bf71e38ca3c3b266ffefa6eaab851a&amp;smart=true&amp;width=768&amp;height=511 768w, https:\/\/www.pagina12.com.ar\/resizer\/v2\/PQDBSEAHN5B6NPVIE46C7L4Z4I.jpg?auth=aae183d83094d6d1ea4f62a26e1d654da9bf71e38ca3c3b266ffefa6eaab851a&amp;smart=true&amp;width=1024&amp;height=682 1024w, https:\/\/www.pagina12.com.ar\/resizer\/v2\/PQDBSEAHN5B6NPVIE46C7L4Z4I.jpg?auth=aae183d83094d6d1ea4f62a26e1d654da9bf71e38ca3c3b266ffefa6eaab851a&amp;smart=true&amp;width=1440&amp;height=959 1440w\" alt=\"FOTO REDES SOCIALES agostina hein vicente vergauven\" width=\"800\" height=\"533\" data-chromatic=\"ignore\" \/><figcaption class=\"c-media-item__fig-caption\"><span class=\"c-media-item__title\">Los ganadores en la fiesta del deporte.\u00a0<\/span><span class=\"c-media-item__caption\">REDES SOCIALES\u00a0<\/span><span class=\"c-media-item__credit\">(REDES SOCIALES)<\/span><\/figcaption><\/figure>\n<p class=\"c-paragraph\">Con el premio entre sus manos, Vicente Vergauven exclam\u00f3: \u201cQuiero agradecer al Comit\u00e9 Ol\u00edmpico Argentino por este reconocimiento,\u00a0<b>a todos los atletas y creo que si bien el premio me lo quedo yo, es de todos.<\/b>\u00a0S\u00e9 que todos hacemos un trabajo enorme para llegar donde estamos y para lograrlo lo que cada uno logr\u00f3. Dejamos todo por la camiseta celeste y blanca as\u00ed que le agradezco al COA, a mi equipo de trabajo, a mis compa\u00f1eros, a mi familia que me apoya y felicito, tambi\u00e9n, a todos los atletas que est\u00e1n ac\u00e1 presentes\u201d.<\/p>\n<p class=\"c-paragraph\">En la primera edici\u00f3n (2023), los m\u00e1ximos galardones recayeron en\u00a0<b>Agust\u00edn Vernice (remo) y Bel\u00e9n Casetta\u00a0<\/b>(atletismo) como Mejores Deportistas del A\u00f1o.<\/p>\n<p class=\"c-paragraph\">Y, en la segunda edici\u00f3n (2024), fueron distinguidos\u00a0<b>Jos\u00e9 \u201cMaligno\u201d Torres (Ciclismo) y Eugenia Bosco (Yachting)\u00a0<\/b>como Mejores del 2024.<\/p>\n<p class=\"c-paragraph\">A modo de cierre de la Gala del Deporte Ol\u00edmpico Argentino las m\u00e1ximas autoridades del COA,\u00a0<b>Mario Moccia y Alicia Masoni de Morea,\u00a0<\/b>presidente y vicepresidente primera respectivamente, intercambiaron presentes con el intendente del Municipio de Malvinas Argentinas Leonardo Nardini y el diputado de la provincia de Buenos Aires Luis Omar Vivona.<\/p>\n<p class=\"c-paragraph\">Moccia expres\u00f3: \u201cFue inmensa la emoci\u00f3n de tenerlos ac\u00e1, de poder compartir este momento, de distinguir a los mejores deportistas del a\u00f1o,\u00a0<b>de homenajear a nuestros atletas de Sydney 2000 y de entregar todas las Distinciones Anuales.\u00a0<\/b>Lo que queremos es que a\u00f1o tras a\u00f1o reforcemos nuestro compromiso, nuestro entusiasmo y nuestra dedicaci\u00f3n para que el deporte argentino cada vez sea m\u00e1s grande, llegue m\u00e1s alto y nos permita disfrutar a todos en camarader\u00eda, con amistad y con expectativas de lograr los mejores objetivos\u201d.<\/p>\n<h3 class=\"p12-article-body__h3\"><b>Distinci\u00f3n 25 a\u00f1os de Sydney 2000<\/b><\/h3>\n<p class=\"c-paragraph\">El momento m\u00e1s destacado lleg\u00f3 cuando el Comit\u00e9 Ol\u00edmpico Argentino conmemor\u00f3 el vig\u00e9simo quinto aniversario de los Juegos Ol\u00edmpicos de S\u00eddney 2000, entregando un diploma de reconocimiento a los atletas que representaron a nuestro pa\u00eds en aquella hist\u00f3rica edici\u00f3n. Este homenaje reafirma el compromiso del COA con la preservaci\u00f3n de la memoria deportiva y el reconocimiento a quienes, con esfuerzo y dedicaci\u00f3n, engrandecieron el olimpismo argentino. Entre los distinguidos se encontraban:Jer\u00f3nimo Bidegain, Oscar Cort\u00ednez, Gabriel Taraburelli, Serena Bibiana Amato, Alejandra Garc\u00eda, Carolina Mariani,<b>\u00a0Mar\u00eda Julia Garisoain, Marisa Peguri, Mat\u00edas Vila, Pablo Pereyra\u00a0<\/b>y<b>\u00a0Jorge Lombi<\/b>.<\/p>\n<p class=\"c-paragraph\"><b>Alejandra Garc\u00eda<\/b>\u00a0fue la encargada de hablar en representaci\u00f3n de los homenajeados y dijo: \u201cGracias por reconocernos como deportistas y como personas. Estoy muy orgullosa de haber representado a mi pa\u00eds casi 30 a\u00f1os en mi deporte y como dijeron muchas personas esta noche, la idea es poder dejarle al deporte algo de todo lo que nos dio.\u00a0<b>A m\u00ed me dej\u00f3 un mont\u00f3n de ense\u00f1anzas, un mont\u00f3n de aprendizajes, y es lo que trato de dejarle a los chicos cada vez que tengo la oportunidad, y creo que es el objetivo de cada deportista retirado de nuestro querid\u00edsimo pa\u00eds\u201d<\/b>.<\/p>\n<p class=\"c-paragraph\">En el marco del agasajo a los deportistas argentino que compitieron en Sydney 2000, el COA realiz\u00f3 una menci\u00f3n destacada a\u00a0<b>Karina Mazota, Mercedes Margalot, Jorgelina Rimoldi<\/b>,<b>\u00a0Vanina Oneto<\/b>,\u00a0<b>In\u00e9s Arrondo<\/b>,<b>\u00a0Magdalena Aicega<\/b>\u00a0y<b>\u00a0Mariela Antoniska<\/b>\u00a0por haber sido protagonistas del nacimiento de \u201cLas Leonas\u201d, el equipo que marc\u00f3 un antes y un despu\u00e9s en la historia del hockey sobre c\u00e9sped argentino. El talento y el esp\u00edritu competitivo de aquel equipo imprimi\u00f3 una identidad deportiva que trascendi\u00f3 fronteras e inspir\u00f3 a generaciones de jugadoras como s\u00edmbolo de excelencia y pasi\u00f3n ol\u00edmpica.<\/p>\n<\/article>\n<\/div>\n","protected":false},"excerpt":{"rendered":"<p>Foto portada de Agustina Hein 21 de diciembre de 2025\u00a0 Se realiz\u00f3 la Gala del Deporte Argentino en el Polideportivo Braian Toledo. Agostina Hein y Vicente Vergauven, distinguidos por el Comit\u00e9 Ol\u00edmpico como \u201cMejores Deportistas del A\u00f1o\u201d. El reconocimiento destaca sus logros durante el 2025, pero tambi\u00e9n remarca la pasi\u00f3n y esp\u00edritu ol\u00edmpico que inspiran. &hellip;<\/p>\n","protected":false},"author":2,"featured_media":30399,"comment_status":"open","ping_status":"open","sticky":false,"template":"","format":"standard","meta":{"footnotes":""},"categories":[44],"tags":[],"class_list":["post-30398","post","type-post","status-publish","format-standard","has-post-thumbnail","hentry","category-varios"],"_links":{"self":[{"href":"https:\/\/www.sportchaco.com.ar\/index.php?rest_route=\/wp\/v2\/posts\/30398","targetHints":{"allow":["GET"]}}],"collection":[{"href":"https:\/\/www.sportchaco.com.ar\/index.php?rest_route=\/wp\/v2\/posts"}],"about":[{"href":"https:\/\/www.sportchaco.com.ar\/index.php?rest_route=\/wp\/v2\/types\/post"}],"author":[{"embeddable":true,"href":"https:\/\/www.sportchaco.com.ar\/index.php?rest_route=\/wp\/v2\/users\/2"}],"replies":[{"embeddable":true,"href":"https:\/\/www.sportchaco.com.ar\/index.php?rest_route=%2Fwp%2Fv2%2Fcomments&post=30398"}],"version-history":[{"count":2,"href":"https:\/\/www.sportchaco.com.ar\/index.php?rest_route=\/wp\/v2\/posts\/30398\/revisions"}],"predecessor-version":[{"id":30401,"href":"https:\/\/www.sportchaco.com.ar\/index.php?rest_route=\/wp\/v2\/posts\/30398\/revisions\/30401"}],"wp:featuredmedia":[{"embeddable":true,"href":"https:\/\/www.sportchaco.com.ar\/index.php?rest_route=\/wp\/v2\/media\/30399"}],"wp:attachment":[{"href":"https:\/\/www.sportchaco.com.ar\/index.php?rest_route=%2Fwp%2Fv2%2Fmedia&parent=30398"}],"wp:term":[{"taxonomy":"category","embeddable":true,"href":"https:\/\/www.sportchaco.com.ar\/index.php?rest_route=%2Fwp%2Fv2%2Fcategories&post=30398"},{"taxonomy":"post_tag","embeddable":true,"href":"https:\/\/www.sportchaco.com.ar\/index.php?rest_route=%2Fwp%2Fv2%2Ftags&post=30398"}],"curies":[{"name":"wp","href":"https:\/\/api.w.org\/{rel}","templated":true}]}}