{"id":30418,"date":"2025-12-22T10:30:51","date_gmt":"2025-12-22T13:30:51","guid":{"rendered":"https:\/\/www.sportchaco.com.ar\/?p=30418"},"modified":"2025-12-22T11:10:15","modified_gmt":"2025-12-22T14:10:15","slug":"se-postergo-la-presentacion-del-libro-de-sager-y-bittel","status":"publish","type":"post","link":"https:\/\/www.sportchaco.com.ar\/?p=30418","title":{"rendered":"Se posterg\u00f3 la presentaci\u00f3n del libro de Sager y Bittel"},"content":{"rendered":"<div class=\"container fullwidth-entry-title-wrapper\">\n<div class=\"container-wrapper fullwidth-entry-title\">\n<header class=\"entry-header-outer\">\n<div class=\"entry-header\">\n<h1 class=\"post-title entry-title\"><\/h1>\n<div class=\"single-post-meta post-meta clearfix\"><\/div>\n<\/div>\n<\/header>\n<\/div>\n<\/div>\n<div id=\"content\" class=\"site-content container\">\n<div id=\"main-content-row\" class=\"tie-row main-content-row\">\n<div class=\"main-content tie-col-md-8 tie-col-xs-12\" role=\"main\">\n<article id=\"the-post\" class=\"container-wrapper post-content tie-standard\">\n<div class=\"featured-area\">\n<div class=\"featured-area-inner\"><\/div>\n<\/div>\n<div class=\"entry-content entry clearfix\">\n<header>\n<h1><\/h1>\n<h5>La presentaci\u00f3n del libro \u00abPol\u00edtica Deportiva en la Comunidad Organizada, fue diferida para una fecha a fijar, como consecuencia de las inclemencias clim\u00e1ticas sobre Resistencia y la regi\u00f3n.<\/h5>\n<p>Los autores Hugo Abel Sager y Ra\u00fal Gerardo Bittel compartir\u00e1n\u00a0 oportunamente sus reflexiones sobre el rol del deporte en la construcci\u00f3n comunitaria, en un encuentro que conjuga pensamiento pol\u00edtico, investigaci\u00f3n y compromiso social.<\/p>\n<div class=\"meta\"><time>\u00a0<\/time><\/div>\n<\/header>\n<section class=\"body\">\n<section class=\"content\">\n<div class=\"main-text\">\n<div class=\"social\">\n<div class=\"share\"><\/div>\n<\/div>\n<div class=\" large m_image\">\n<figure><picture><source srcset=\"https:\/\/www.diarionorte.com\/content\/bucket\/9\/440329w790h444c.jpg.webp\" type=\"image\/webp\" media=\"(min-width: 640px)\" \/><source srcset=\"https:\/\/www.diarionorte.com\/content\/bucket\/9\/440329w440h248c.jpg.webp\" type=\"image\/webp\" media=\"(min-width: 300px)\" \/><source srcset=\"https:\/\/www.diarionorte.com\/content\/bucket\/9\/440329w790h444c.jpg\" media=\"(min-width: 300px)\" \/><img loading=\"lazy\" decoding=\"async\" class=\"pic\" src=\"https:\/\/www.diarionorte.com\/content\/bucket\/9\/440329w790h444c.jpg.webp\" alt=\"\" width=\"790\" height=\"444\" \/><\/picture><\/figure>\n<\/div>\n<p>El deporte vuelve a ocupar un lugar central en el debate de ideas, esta vez desde la reflexi\u00f3n escrita y el intercambio colectivo. El lunes 22 de diciembre, a las 19.30, la Universidad Popular \u2014en la esquina de Mitre y Santa Fe\u2014 ser\u00e1 escenario de la presentaci\u00f3n del libro Pol\u00edtica Deportiva en la Comunidad Organizada, una obra que propone repensar el deporte m\u00e1s all\u00e1 de la competencia y los resultados.<\/p>\n<p>Editado por Ediciones De La Paz, el libro re\u00fane los aportes de Hugo Abel Sager y Ra\u00fal Gerardo Bittel, quienes analizan la pol\u00edtica deportiva como una herramienta clave para el desarrollo social y la organizaci\u00f3n comunitaria. A lo largo de sus p\u00e1ginas, los autores exploran el impacto del deporte en la vida cotidiana, su capacidad de inclusi\u00f3n y su potencial como motor de transformaci\u00f3n social en la Argentina.<\/p>\n<div class=\"left medium m_image\">\n<figure><picture><source srcset=\"https:\/\/www.diarionorte.com\/content\/bucket\/0\/440330w380h475c.jpg.webp\" type=\"image\/webp\" media=\"(min-width: 640px)\" \/><source srcset=\"https:\/\/www.diarionorte.com\/content\/bucket\/0\/440330w440h550c.jpg.webp\" type=\"image\/webp\" media=\"(min-width: 300px)\" \/><source srcset=\"https:\/\/www.diarionorte.com\/content\/bucket\/0\/440330w380h475c.jpg\" media=\"(min-width: 300px)\" \/><img loading=\"lazy\" decoding=\"async\" class=\"pic\" src=\"https:\/\/www.diarionorte.com\/content\/bucket\/0\/440330w380h475c.jpg.webp\" alt=\"\" width=\"380\" height=\"475\" \/><\/picture><\/figure>\n<\/div>\n<p>La presentaci\u00f3n estar\u00e1 a cargo del periodista Luis Dar\u00edo Molodezky, quien guiar\u00e1 el di\u00e1logo con los autores y abrir\u00e1 el espacio para el intercambio con el p\u00fablico. El encuentro se propone como una instancia de reflexi\u00f3n colectiva, donde el deporte es pensado como un fen\u00f3meno cultural, pol\u00edtico y social, profundamente ligado a la identidad y a la organizaci\u00f3n de la comunidad.<\/p>\n<p>La actividad es organizada de manera conjunta por la Librer\u00eda De La Paz y el Instituto de Capacitaci\u00f3n Pol\u00edtica Juan Domingo Per\u00f3n, en una convocatoria abierta que invita a dirigentes, deportistas, estudiantes y p\u00fablico en general a sumarse al debate y a descubrir nuevas miradas sobre el deporte como herramienta de construcci\u00f3n social.<\/p>\n<\/div>\n<\/section>\n<\/section>\n<div class=\"post-bottom-meta post-bottom-edit\">\n<div class=\"post-bottom-meta-title\"><\/div>\n<\/div>\n<\/div>\n<\/article>\n<\/div>\n<\/div>\n<\/div>\n","protected":false},"excerpt":{"rendered":"<p>La presentaci\u00f3n del libro \u00abPol\u00edtica Deportiva en la Comunidad Organizada, fue diferida para una fecha a fijar, como consecuencia de las inclemencias clim\u00e1ticas sobre Resistencia y la regi\u00f3n. Los autores Hugo Abel Sager y Ra\u00fal Gerardo Bittel compartir\u00e1n\u00a0 oportunamente sus reflexiones sobre el rol del deporte en la construcci\u00f3n comunitaria, en un encuentro que conjuga &hellip;<\/p>\n","protected":false},"author":2,"featured_media":30427,"comment_status":"open","ping_status":"open","sticky":false,"template":"","format":"standard","meta":{"footnotes":""},"categories":[44],"tags":[],"class_list":["post-30418","post","type-post","status-publish","format-standard","has-post-thumbnail","hentry","category-varios"],"_links":{"self":[{"href":"https:\/\/www.sportchaco.com.ar\/index.php?rest_route=\/wp\/v2\/posts\/30418","targetHints":{"allow":["GET"]}}],"collection":[{"href":"https:\/\/www.sportchaco.com.ar\/index.php?rest_route=\/wp\/v2\/posts"}],"about":[{"href":"https:\/\/www.sportchaco.com.ar\/index.php?rest_route=\/wp\/v2\/types\/post"}],"author":[{"embeddable":true,"href":"https:\/\/www.sportchaco.com.ar\/index.php?rest_route=\/wp\/v2\/users\/2"}],"replies":[{"embeddable":true,"href":"https:\/\/www.sportchaco.com.ar\/index.php?rest_route=%2Fwp%2Fv2%2Fcomments&post=30418"}],"version-history":[{"count":2,"href":"https:\/\/www.sportchaco.com.ar\/index.php?rest_route=\/wp\/v2\/posts\/30418\/revisions"}],"predecessor-version":[{"id":30428,"href":"https:\/\/www.sportchaco.com.ar\/index.php?rest_route=\/wp\/v2\/posts\/30418\/revisions\/30428"}],"wp:featuredmedia":[{"embeddable":true,"href":"https:\/\/www.sportchaco.com.ar\/index.php?rest_route=\/wp\/v2\/media\/30427"}],"wp:attachment":[{"href":"https:\/\/www.sportchaco.com.ar\/index.php?rest_route=%2Fwp%2Fv2%2Fmedia&parent=30418"}],"wp:term":[{"taxonomy":"category","embeddable":true,"href":"https:\/\/www.sportchaco.com.ar\/index.php?rest_route=%2Fwp%2Fv2%2Fcategories&post=30418"},{"taxonomy":"post_tag","embeddable":true,"href":"https:\/\/www.sportchaco.com.ar\/index.php?rest_route=%2Fwp%2Fv2%2Ftags&post=30418"}],"curies":[{"name":"wp","href":"https:\/\/api.w.org\/{rel}","templated":true}]}}