{"id":30454,"date":"2025-12-23T00:35:38","date_gmt":"2025-12-23T03:35:38","guid":{"rendered":"https:\/\/www.sportchaco.com.ar\/?p=30454"},"modified":"2025-12-23T00:36:11","modified_gmt":"2025-12-23T03:36:11","slug":"30454","status":"publish","type":"post","link":"https:\/\/www.sportchaco.com.ar\/?p=30454","title":{"rendered":"Agust\u00edn Canapino gan\u00f3 el Olimpia de Oro"},"content":{"rendered":"<section class=\" mb-8 flex flex-col gap-4 text-neutral-850 lg:mb-12 \">\n<div><em><strong>Foto portada: Agust\u00edn Canapino, ganador del Olimpia de Oro 2025.<\/strong><\/em><\/div>\n<div><\/div>\n<div class=\" text-base undefined \"><\/div>\n<div class=\" flex flex-col items-start justify-between gap-4 lg:flex-row lg:items-center \">\n<div class=\"flex flex-row gap-4\">\n<div class=\" text-base font-bold undefined \"><\/div>\n<\/div>\n<div class=\"flex gap-4\">\n<section class=\"clearfix ajuste-1440-card\">\n<div class=\"viafoura counter-vf\"><\/div>\n<\/section>\n<\/div>\n<\/div>\n<div class=\"flex flex-col\"><\/div>\n<div class=\"flex flex-col\"><\/div>\n<\/section>\n<div class=\"sc-hvigdm cIIxiZ\">\n<p>&nbsp;<\/p>\n<section class=\"undefined mb-8 lg:min-h-[180px] min-h-[120px] \">\n<div id=\"powerbeans-player\" class=\"mb-4 undefined h-100% max-h-[190px] relative z-40\">\n<div id=\"powerbeans-widget\" class=\"pb-tw light\" data-current-content=\"https:\/\/www.lavoz.com.ar\/deportes\/y-mas\/campazzo-carreras-tomas-santiago-cabrera-y-destribats-fueron-plata-mientras-que-canapino-se-llevo-el-oro\/\" data-should-refetch=\"false\" data-refetching=\"false\" data-mounted=\"true\" data-fetched=\"true\">\n<div class=\"App !beans-px-[16px] !beans-pt-[12px] !beans-pb-[8px] beans-bg-primary beans-relative beans-flex beans-justify-around beans-flex-row beans-items-center beans-rounded-xl beans-py-1 beans-px-3 beans-drop-shadow-md\">\n<div id=\"powerbeans-player-container\" class=\"beans-w-full beans-h-[auto] beans-z-[6] beans-bottom-0 beans-left-0 beans-relative\" role=\"region\" aria-label=\"Escuchar el resumen del articulo\">\n<div class=\"beans-flex beans-flex-col !beans-w-full\">\n<div><\/div>\n<div class=\"beans-flex beans-flex-col\">\n<div class=\"beans-flex beans-grow\">\n<div class=\"beans-flex beans-mr-[12px]\"><\/div>\n<div class=\"beans-flex beans-flex-col beans-grow\">\n<div class=\"beans-flex beans-h-[50%]\">\n<div class=\"beans-transition-all beans-linear beans-duration-300\">\n<div class=\"beans-flex beans-gap-[4px] beans-w-full beans-absolute\">\n<div class=\"!beans-leading-[18px] beans-text-[#3B383E] beans-font-medium beans-text-[12px] beans-flex beans-items-center !beans-text-left\"><\/div>\n<\/div>\n<\/div>\n<\/div>\n<\/div>\n<\/div>\n<div class=\"\">\n<div id=\"powerbeans-sticky-container\" class=\"beans-overflow-hidden beans-transition-all beans-duration-200 beans-h-[1px]\">\n<div id=\"DISPLAY_BANNER_CONTAINER\" class=\"beans-flex beans-justify-center\">\n<div id=\"POWERBEANS_DISPLAY_BANNER\"><\/div>\n<\/div>\n<h5 id=\"COMPANION_BANNER\" class=\"beans-flex beans-justify-center\"><\/h5>\n<\/div>\n<\/div>\n<\/div>\n<\/div>\n<\/div>\n<\/div>\n<\/div>\n<\/div>\n<\/section>\n<div class=\"sc-hvigdm cIIxiZ mx-auto flex max-w-body flex-col\">\n<h5 class=\"text-class\">Este lunes por la noche, se llev\u00f3 a cabo la ceremonia de los<b>\u00a0Premios Olimpia 2025. Agust\u00edn Canapino\u00a0<\/b>se consagr\u00f3 ganador del Olimpia de Oro.Adem\u00e1s, cinco cordobeses fueron ganadores de Olimpia de Plata: Facundo Campazzo (b\u00e1squet), Santiago Carreras (rugby), \u00c1ngel Cabrera (golf), Agust\u00f3n Destribats (lucha) y Tom\u00e1s Santiago (hockey).<\/h5>\n<p>&nbsp;<\/p>\n<div class=\"my-4 flex flex-col\"><picture><source srcset=\"https:\/\/www.lavoz.com.ar\/resizer\/v2\/RI5ENCNSIVGHTD3ONDHIL2W2QY.jpg?auth=94470f056a70f9bf6182e00dc12bfa4714811a2dcb000589dd21d933afb3d927&amp;quality=75&amp;smart=true&amp;width=632\" media=\"(min-width: 800px)\" \/><source srcset=\"https:\/\/www.lavoz.com.ar\/resizer\/v2\/RI5ENCNSIVGHTD3ONDHIL2W2QY.jpg?auth=94470f056a70f9bf6182e00dc12bfa4714811a2dcb000589dd21d933afb3d927&amp;quality=75&amp;smart=true&amp;width=316\" media=\"(min-width: 600px)\" \/><img decoding=\"async\" class=\" w-full rounded-xl md:block md:h-auto md:rounded-20 \" src=\"https:\/\/www.lavoz.com.ar\/resizer\/v2\/RI5ENCNSIVGHTD3ONDHIL2W2QY.jpg?auth=94470f056a70f9bf6182e00dc12bfa4714811a2dcb000589dd21d933afb3d927&amp;quality=75&amp;smart=true&amp;width=385\" sizes=\"100vw\" alt=\"Facundo Campazzo conquist\u00f3 por quinta vez la Liga ACB de Espa\u00f1a y por segunda vez fue premiado como el Jugador M\u00e1s Valioso. (Liga ACB)\" width=\"632\" height=\"auto\" \/><\/picture>Facundo Campazzo conquist\u00f3 por quinta vez la Liga ACB de Espa\u00f1a y por segunda vez fue premiado como el Jugador M\u00e1s Valioso. (Liga ACB)<\/div>\n<p class=\"text-class\">La Usina del Arte volvi\u00f3 a convertirse en el escenario que re\u00fane a las principales figuras del deporte argentino, por primera vez se incorpor\u00f3 la categor\u00eda de\u00a0<b>eSports<\/b>, reflejo del crecimiento de una generaci\u00f3n de nuevas audiencias que ya forma parte del mapa deportivo global.<\/p>\n<p class=\"text-class\">Adem\u00e1s, se entreg\u00f3 el flamante\u00a0<b>\u201cPremio Inspiraci\u00f3n\u201d<\/b>, un reconocimiento destinado a uno de los deportistas ternados que no gane su Olimpia de Plata. El p\u00fablico fue el encargado de elegir al ganador, que recibir\u00e1 tambi\u00e9n una beca anual para potenciar su desarrollo deportivo.\u00a0<b>Manuel Tripano,<\/b>\u00a0que realiza canotaje,<b>\u00a0<\/b>fue el elegido.<\/p>\n<div class=\"my-4 flex flex-col\"><picture><source srcset=\"https:\/\/www.lavoz.com.ar\/resizer\/v2\/TH4PSZE3NFC57MB6RV5BWCWI6Q.jpg?auth=5b2ff39d8951bc95f6ed798ddf8deb930f8522cde80f9ea21aee481519dd4293&amp;quality=75&amp;smart=true&amp;width=632\" media=\"(min-width: 800px)\" \/><source srcset=\"https:\/\/www.lavoz.com.ar\/resizer\/v2\/TH4PSZE3NFC57MB6RV5BWCWI6Q.jpg?auth=5b2ff39d8951bc95f6ed798ddf8deb930f8522cde80f9ea21aee481519dd4293&amp;quality=75&amp;smart=true&amp;width=316\" media=\"(min-width: 600px)\" \/><img decoding=\"async\" class=\" w-full rounded-xl md:block md:h-auto md:rounded-20 \" src=\"https:\/\/www.lavoz.com.ar\/resizer\/v2\/TH4PSZE3NFC57MB6RV5BWCWI6Q.jpg?auth=5b2ff39d8951bc95f6ed798ddf8deb930f8522cde80f9ea21aee481519dd4293&amp;quality=75&amp;smart=true&amp;width=385\" sizes=\"100vw\" alt=\"El cordob\u00e9s Santiago Carreras gan\u00f3 el Olimpia de Plata en rugby. (Cr\u00e9ditos: Walter y Juan Gasparini \/ Gaspafotos \/ Prensa UAR)\" width=\"632\" height=\"auto\" \/><\/picture>El cordob\u00e9s Santiago Carreras gan\u00f3 el Olimpia de Plata en rugby. (Cr\u00e9ditos: Walter y Juan Gasparini \/ Gaspafotos \/ Prensa UAR)<\/div>\n<p class=\"text-class\">La edici\u00f3n pasada consagr\u00f3 a\u00a0<b>Franco Colapinto<\/b>\u00a0y\u00a0<b>Emiliano \u201cDibu\u201d Mart\u00ednez<\/b>\u00a0como ganadores del Olimpia de Oro 2024, un doble hito por el debut del piloto en la F\u00f3rmula 1 y el protagonismo mundial del arquero de la selecci\u00f3n.<\/p>\n<h2 class=\" header-class\">La terna m\u00e1s esperada: f\u00fatbol con nombres de peso mundial<\/h2>\n<p class=\"text-class\">La disciplina m\u00e1s popular vuelve a presentar una terna de lujo:<\/p>\n<ul>\n<li class=\"font-sans !text-[18px] font-normal !leading-[28px] md:!text-[18px] md:!leading-[28px]\"><b>\u00c1ngel Di Mar\u00eda<\/b><\/li>\n<li class=\"font-sans !text-[18px] font-normal !leading-[28px] md:!text-[18px] md:!leading-[28px]\"><b>Lautaro Mart\u00ednez<\/b><\/li>\n<li class=\"font-sans !text-[18px] font-normal !leading-[28px] md:!text-[18px] md:!leading-[28px]\"><b>Leandro Paredes<\/b><\/li>\n<\/ul>\n<p class=\"text-class\">El ganador de la noche en la terna m\u00e1s esperada fue el delantero de Rosario Central,<b>\u00a0\u00c1ngel Di Mar\u00eda<\/b>.<\/p>\n<h2 class=\" header-class\">Un Olimpia que define el p\u00fablico<\/h2>\n<p class=\"text-class\">En la categor\u00eda de eSports, en la que el p\u00fablico podr\u00e1 elegir tanto a su equipo favorito como al mejor deportista del a\u00f1o, los equipos ternados son 9Z Globant, Besti, Isurus, Kr\u00fc (el equipo del exfutbolista Sergio \u201cKun\u201d Ag\u00fcero), Leviat\u00e1n y ShindeN.\u00a0<b>El ganador del p\u00fablico fue Leviat\u00e1n<\/b>.<\/p>\n<h2 class=\" header-class\">\u201cOlimpia Infinito\u201d<\/h2>\n<p class=\"text-class\"><b>Diego Armando Maradona<\/b>\u00a0fue el ganador del premio especial de la noche. Una leyenda del deporte nacional que siempre se llevar\u00e1 en la memoria de todos los argentinos. Dalma y Giannina subieron al escenario a recibir el premio.<\/p>\n<h2 class=\" header-class\">Homenajes<\/h2>\n<p class=\"text-class\">En una noche a pura emoci\u00f3n, el C\u00edrculo de Periodistas Deportivos, homenaje\u00f3 a deportistas y periodistas que dejaron un legado. Adem\u00e1s con la presencia de\u00a0<b>\u00c1ngel Di Mar\u00eda<\/b>\u00a0y<b>\u00a0Claudio \u201cChiqui\u201d Tapia<\/b>, la Selecci\u00f3n Argentina masculina de f\u00fatbol, recibi\u00f3 un reconocimiento.<\/p>\n<div class=\"my-4 flex flex-col\"><picture><source srcset=\"https:\/\/www.lavoz.com.ar\/resizer\/v2\/MZFBVCMI2JD2FKUSKYXOBXVQ34.jpg?auth=aab4f70b9a70eec00c6e84ed107c63002f6ea87dbf9fa0d18c13e6af652e5c0e&amp;quality=75&amp;smart=true&amp;width=632\" media=\"(min-width: 800px)\" \/><source srcset=\"https:\/\/www.lavoz.com.ar\/resizer\/v2\/MZFBVCMI2JD2FKUSKYXOBXVQ34.jpg?auth=aab4f70b9a70eec00c6e84ed107c63002f6ea87dbf9fa0d18c13e6af652e5c0e&amp;quality=75&amp;smart=true&amp;width=316\" media=\"(min-width: 600px)\" \/><img decoding=\"async\" class=\" w-full rounded-xl md:block md:h-auto md:rounded-20 \" src=\"https:\/\/www.lavoz.com.ar\/resizer\/v2\/MZFBVCMI2JD2FKUSKYXOBXVQ34.jpg?auth=aab4f70b9a70eec00c6e84ed107c63002f6ea87dbf9fa0d18c13e6af652e5c0e&amp;quality=75&amp;smart=true&amp;width=385\" sizes=\"100vw\" alt=\"\u00c1ngel Di Mar\u00eda y Claudio Tapia en representaci\u00f3n de la selecci\u00f3n argentina en los Premios Olimpia. (@ADamelio64).\" width=\"632\" height=\"auto\" \/><\/picture>\u00c1ngel Di Mar\u00eda y Claudio Tapia en representaci\u00f3n de la selecci\u00f3n argentina en los Premios Olimpia. (@ADamelio64).<\/div>\n<p class=\"text-class\">Uno de los tantos reconocimientos fue para\u00a0<b>Ricardo Gonz\u00e1lez<\/b>, campe\u00f3n mundial de b\u00e1squetbol y que con 100 a\u00f1os se subi\u00f3 al escenario a recibir su reconocimiento por la trayectoria sobresaliente.<\/p>\n<h2 class=\" header-class\">Un premio con historia<\/h2>\n<p class=\"text-class\">Organizados desde 1954 por el\u00a0<b>C\u00edrculo de Periodistas Deportivos<\/b>, los Premios Olimpia son el reconocimiento m\u00e1s importante del deporte argentino. Su misi\u00f3n: destacar a los atletas m\u00e1s sobresalientes del a\u00f1o y mantener vivo el esp\u00edritu del deporte como motor social, cultural y educativo.<\/p>\n<div class=\"twitter-embed-container\">\n<div class=\"twitter-tweet twitter-tweet-rendered\"><iframe id=\"twitter-widget-0\" class=\"\" title=\"X Post\" src=\"https:\/\/platform.twitter.com\/embed\/Tweet.html?dnt=false&amp;embedId=twitter-widget-0&amp;features=eyJ0ZndfdGltZWxpbmVfbGlzdCI6eyJidWNrZXQiOltdLCJ2ZXJzaW9uIjpudWxsfSwidGZ3X2ZvbGxvd2VyX2NvdW50X3N1bnNldCI6eyJidWNrZXQiOnRydWUsInZlcnNpb24iOm51bGx9LCJ0ZndfdHdlZXRfZWRpdF9iYWNrZW5kIjp7ImJ1Y2tldCI6Im9uIiwidmVyc2lvbiI6bnVsbH0sInRmd19yZWZzcmNfc2Vzc2lvbiI6eyJidWNrZXQiOiJvbiIsInZlcnNpb24iOm51bGx9LCJ0ZndfZm9zbnJfc29mdF9pbnRlcnZlbnRpb25zX2VuYWJsZWQiOnsiYnVja2V0Ijoib24iLCJ2ZXJzaW9uIjpudWxsfSwidGZ3X21peGVkX21lZGlhXzE1ODk3Ijp7ImJ1Y2tldCI6InRyZWF0bWVudCIsInZlcnNpb24iOm51bGx9LCJ0ZndfZXhwZXJpbWVudHNfY29va2llX2V4cGlyYXRpb24iOnsiYnVja2V0IjoxMjA5NjAwLCJ2ZXJzaW9uIjpudWxsfSwidGZ3X3Nob3dfYmlyZHdhdGNoX3Bpdm90c19lbmFibGVkIjp7ImJ1Y2tldCI6Im9uIiwidmVyc2lvbiI6bnVsbH0sInRmd19kdXBsaWNhdGVfc2NyaWJlc190b19zZXR0aW5ncyI6eyJidWNrZXQiOiJvbiIsInZlcnNpb24iOm51bGx9LCJ0ZndfdXNlX3Byb2ZpbGVfaW1hZ2Vfc2hhcGVfZW5hYmxlZCI6eyJidWNrZXQiOiJvbiIsInZlcnNpb24iOm51bGx9LCJ0ZndfdmlkZW9faGxzX2R5bmFtaWNfbWFuaWZlc3RzXzE1MDgyIjp7ImJ1Y2tldCI6InRydWVfYml0cmF0ZSIsInZlcnNpb24iOm51bGx9LCJ0ZndfbGVnYWN5X3RpbWVsaW5lX3N1bnNldCI6eyJidWNrZXQiOnRydWUsInZlcnNpb24iOm51bGx9LCJ0ZndfdHdlZXRfZWRpdF9mcm9udGVuZCI6eyJidWNrZXQiOiJvbiIsInZlcnNpb24iOm51bGx9fQ%3D%3D&amp;frame=false&amp;hideCard=false&amp;hideThread=false&amp;id=2003294793330557122&amp;lang=es&amp;origin=https%3A%2F%2Fwww.lavoz.com.ar%2Fdeportes%2Fy-mas%2Fcampazzo-carreras-tomas-santiago-cabrera-y-destribats-fueron-plata-mientras-que-canapino-se-llevo-el-oro%2F&amp;sessionId=b8f15c96f832dbab77f0b6c40afb9dc5d794147e&amp;theme=light&amp;widgetsVersion=2615f7e52b7e0%3A1702314776716&amp;width=550px\" frameborder=\"0\" scrolling=\"no\" allowfullscreen=\"allowfullscreen\" data-tweet-id=\"2003294793330557122\" data-mce-fragment=\"1\"><\/iframe><\/div>\n<\/div>\n<h2 class=\" header-class\">Los ganadores de los Premios Olimpia<\/h2>\n<ul>\n<li class=\"font-sans !text-[18px] font-normal !leading-[28px] md:!text-[18px] md:!leading-[28px]\"><b>Ajedrez<\/b>: Faustino Oro<\/li>\n<li class=\"font-sans !text-[18px] font-normal !leading-[28px] md:!text-[18px] md:!leading-[28px]\"><b>Artes Marciales Mixtas<\/b>: Ail\u00edn P\u00e9rez<\/li>\n<li class=\"font-sans !text-[18px] font-normal !leading-[28px] md:!text-[18px] md:!leading-[28px]\"><b>Atletismo<\/b>: Florencia Borelli<\/li>\n<li class=\"font-sans !text-[18px] font-normal !leading-[28px] md:!text-[18px] md:!leading-[28px]\"><b>Automovilismo<\/b>: Agust\u00edn Canapino<\/li>\n<li class=\"font-sans !text-[18px] font-normal !leading-[28px] md:!text-[18px] md:!leading-[28px]\"><b>B\u00e1squetbol<\/b>:\u00a0<b>Facundo Campazzo<\/b><\/li>\n<li class=\"font-sans !text-[18px] font-normal !leading-[28px] md:!text-[18px] md:!leading-[28px]\"><b>Billar<\/b>: Valentino Oliveto<\/li>\n<li class=\"font-sans !text-[18px] font-normal !leading-[28px] md:!text-[18px] md:!leading-[28px]\"><b>Bochas<\/b>: Carmelo Retamar<\/li>\n<li class=\"font-sans !text-[18px] font-normal !leading-[28px] md:!text-[18px] md:!leading-[28px]\"><b>Boxeo<\/b>: Evelin Berm\u00fadez<\/li>\n<li class=\"font-sans !text-[18px] font-normal !leading-[28px] md:!text-[18px] md:!leading-[28px]\"><b>Canotaje<\/b>: Aramis S\u00e1nchez Ayala<\/li>\n<li class=\"font-sans !text-[18px] font-normal !leading-[28px] md:!text-[18px] md:!leading-[28px]\"><b>Cestoball<\/b>: Santiago D\u00edaz<\/li>\n<li class=\"font-sans !text-[18px] font-normal !leading-[28px] md:!text-[18px] md:!leading-[28px]\"><b>Ciclismo<\/b>: Julieta Benedetti<\/li>\n<li class=\"font-sans !text-[18px] font-normal !leading-[28px] md:!text-[18px] md:!leading-[28px]\"><b>Deportes de Invierno<\/b>: Franco Dal Farra<\/li>\n<li class=\"font-sans !text-[18px] font-normal !leading-[28px] md:!text-[18px] md:!leading-[28px]\"><b>Equitaci\u00f3n<\/b>: Manuel Chechic<\/li>\n<li class=\"font-sans !text-[18px] font-normal !leading-[28px] md:!text-[18px] md:!leading-[28px]\"><b>Esqu\u00ed N\u00e1utico<\/b>: Eugenia De Armas<\/li>\n<li class=\"font-sans !text-[18px] font-normal !leading-[28px] md:!text-[18px] md:!leading-[28px]\"><b>Esgrima<\/b>: Isabel Di Tella<\/li>\n<li class=\"font-sans !text-[18px] font-normal !leading-[28px] md:!text-[18px] md:!leading-[28px]\"><b>E-Sport:<\/b>\u00a0Luc\u00eda Dubra<\/li>\n<li class=\"font-sans !text-[18px] font-normal !leading-[28px] md:!text-[18px] md:!leading-[28px]\"><b>F\u00fatbol<\/b>: \u00c1ngel Di Mar\u00eda<\/li>\n<li class=\"font-sans !text-[18px] font-normal !leading-[28px] md:!text-[18px] md:!leading-[28px]\"><b>Futsal<\/b>: Juan Cruz Freijo<\/li>\n<li class=\"font-sans !text-[18px] font-normal !leading-[28px] md:!text-[18px] md:!leading-[28px]\"><b>Gimnasia<\/b>: Julieta Lucas<\/li>\n<li class=\"font-sans !text-[18px] font-normal !leading-[28px] md:!text-[18px] md:!leading-[28px]\"><b>Golf<\/b>:\u00a0<b>\u00c1ngel Cabrera<\/b><\/li>\n<li class=\"font-sans !text-[18px] font-normal !leading-[28px] md:!text-[18px] md:!leading-[28px]\"><b>Handball<\/b>: Diego Simonet<\/li>\n<li class=\"font-sans !text-[18px] font-normal !leading-[28px] md:!text-[18px] md:!leading-[28px]\"><b>Hockey sobre C\u00e9sped<\/b>:\u00a0<b>Tom\u00e1s Santiago<\/b><\/li>\n<li class=\"font-sans !text-[18px] font-normal !leading-[28px] md:!text-[18px] md:!leading-[28px]\"><b>Hockey sobre Patines<\/b>: Gonzalo Romero<\/li>\n<li class=\"font-sans !text-[18px] font-normal !leading-[28px] md:!text-[18px] md:!leading-[28px]\"><b>Judo<\/b>: Mariano Coto<\/li>\n<li class=\"font-sans !text-[18px] font-normal !leading-[28px] md:!text-[18px] md:!leading-[28px]\"><b>Karate<\/b>: Juan Ignacio Gallardo<\/li>\n<li class=\"font-sans !text-[18px] font-normal !leading-[28px] md:!text-[18px] md:!leading-[28px]\"><b>Lucha<\/b>:\u00a0<b>Agust\u00edn Destribats<\/b><\/li>\n<li class=\"font-sans !text-[18px] font-normal !leading-[28px] md:!text-[18px] md:!leading-[28px]\"><b>Motociclismo<\/b>: Valent\u00edn Perrone<\/li>\n<li class=\"font-sans !text-[18px] font-normal !leading-[28px] md:!text-[18px] md:!leading-[28px]\"><b>Nataci\u00f3n<\/b>: Agostina Hein<\/li>\n<li class=\"font-sans !text-[18px] font-normal !leading-[28px] md:!text-[18px] md:!leading-[28px]\"><b>P\u00e1del<\/b>: Agust\u00edn Tapia<\/li>\n<li class=\"font-sans !text-[18px] font-normal !leading-[28px] md:!text-[18px] md:!leading-[28px]\"><b>Paral\u00edmpicos<\/b>: I\u00f1aki Basiloff<\/li>\n<li class=\"font-sans !text-[18px] font-normal !leading-[28px] md:!text-[18px] md:!leading-[28px]\"><b>Pat\u00edn<\/b>: Facundo Nieva Biza<\/li>\n<li class=\"font-sans !text-[18px] font-normal !leading-[28px] md:!text-[18px] md:!leading-[28px]\"><b>Pato<\/b>: Justo Berm\u00fadez<\/li>\n<li class=\"font-sans !text-[18px] font-normal !leading-[28px] md:!text-[18px] md:!leading-[28px]\"><b>Pelota<\/b>: Facundo Andreasen<\/li>\n<li class=\"font-sans !text-[18px] font-normal !leading-[28px] md:!text-[18px] md:!leading-[28px]\"><b>Polo:<\/b>\u00a0Adolfo Cambiaso (N)<\/li>\n<li class=\"font-sans !text-[18px] font-normal !leading-[28px] md:!text-[18px] md:!leading-[28px]\"><b>Remo<\/b>: Santino Men\u00edn<\/li>\n<li class=\"font-sans !text-[18px] font-normal !leading-[28px] md:!text-[18px] md:!leading-[28px]\"><b>Rugby<\/b>:\u00a0<b>Santiago Carreras<\/b><\/li>\n<li class=\"font-sans !text-[18px] font-normal !leading-[28px] md:!text-[18px] md:!leading-[28px]\"><b>Softbol<\/b>: Luciano Biondi<\/li>\n<li class=\"font-sans !text-[18px] font-normal !leading-[28px] md:!text-[18px] md:!leading-[28px]\"><b>Taekwondo<\/b>: Ignacio Esp\u00edndola<\/li>\n<li class=\"font-sans !text-[18px] font-normal !leading-[28px] md:!text-[18px] md:!leading-[28px]\"><b>Tenis<\/b>: Horacio Zeballos<\/li>\n<li class=\"font-sans !text-[18px] font-normal !leading-[28px] md:!text-[18px] md:!leading-[28px]\"><b>Tenis de Mesa<\/b>: Horacio Cifuentes<\/li>\n<li class=\"font-sans !text-[18px] font-normal !leading-[28px] md:!text-[18px] md:!leading-[28px]\"><b>Tiro<\/b>: Juli\u00e1n Guti\u00e9rrez<\/li>\n<li class=\"font-sans !text-[18px] font-normal !leading-[28px] md:!text-[18px] md:!leading-[28px]\"><b>Turf<\/b>: Francisco Goncalves<\/li>\n<li class=\"font-sans !text-[18px] font-normal !leading-[28px] md:!text-[18px] md:!leading-[28px]\"><b>Voleibol<\/b>: Agust\u00edn Loser<\/li>\n<li class=\"font-sans !text-[18px] font-normal !leading-[28px] md:!text-[18px] md:!leading-[28px]\"><b>Yachting<\/b>: Catalina Turienzo<\/li>\n<\/ul>\n<\/div>\n<\/div>\n","protected":false},"excerpt":{"rendered":"<p>Foto portada: Agust\u00edn Canapino, ganador del Olimpia de Oro 2025. &nbsp; Este lunes por la noche, se llev\u00f3 a cabo la ceremonia de los\u00a0Premios Olimpia 2025. Agust\u00edn Canapino\u00a0se consagr\u00f3 ganador del Olimpia de Oro.Adem\u00e1s, cinco cordobeses fueron ganadores de Olimpia de Plata: Facundo Campazzo (b\u00e1squet), Santiago Carreras (rugby), \u00c1ngel Cabrera (golf), Agust\u00f3n Destribats (lucha) y &hellip;<\/p>\n","protected":false},"author":2,"featured_media":30455,"comment_status":"open","ping_status":"open","sticky":false,"template":"","format":"standard","meta":{"footnotes":""},"categories":[47],"tags":[],"class_list":["post-30454","post","type-post","status-publish","format-standard","has-post-thumbnail","hentry","category-nacionales"],"_links":{"self":[{"href":"https:\/\/www.sportchaco.com.ar\/index.php?rest_route=\/wp\/v2\/posts\/30454","targetHints":{"allow":["GET"]}}],"collection":[{"href":"https:\/\/www.sportchaco.com.ar\/index.php?rest_route=\/wp\/v2\/posts"}],"about":[{"href":"https:\/\/www.sportchaco.com.ar\/index.php?rest_route=\/wp\/v2\/types\/post"}],"author":[{"embeddable":true,"href":"https:\/\/www.sportchaco.com.ar\/index.php?rest_route=\/wp\/v2\/users\/2"}],"replies":[{"embeddable":true,"href":"https:\/\/www.sportchaco.com.ar\/index.php?rest_route=%2Fwp%2Fv2%2Fcomments&post=30454"}],"version-history":[{"count":2,"href":"https:\/\/www.sportchaco.com.ar\/index.php?rest_route=\/wp\/v2\/posts\/30454\/revisions"}],"predecessor-version":[{"id":30457,"href":"https:\/\/www.sportchaco.com.ar\/index.php?rest_route=\/wp\/v2\/posts\/30454\/revisions\/30457"}],"wp:featuredmedia":[{"embeddable":true,"href":"https:\/\/www.sportchaco.com.ar\/index.php?rest_route=\/wp\/v2\/media\/30455"}],"wp:attachment":[{"href":"https:\/\/www.sportchaco.com.ar\/index.php?rest_route=%2Fwp%2Fv2%2Fmedia&parent=30454"}],"wp:term":[{"taxonomy":"category","embeddable":true,"href":"https:\/\/www.sportchaco.com.ar\/index.php?rest_route=%2Fwp%2Fv2%2Fcategories&post=30454"},{"taxonomy":"post_tag","embeddable":true,"href":"https:\/\/www.sportchaco.com.ar\/index.php?rest_route=%2Fwp%2Fv2%2Ftags&post=30454"}],"curies":[{"name":"wp","href":"https:\/\/api.w.org\/{rel}","templated":true}]}}