{"id":30462,"date":"2025-12-23T12:26:58","date_gmt":"2025-12-23T15:26:58","guid":{"rendered":"https:\/\/www.sportchaco.com.ar\/?p=30462"},"modified":"2025-12-23T12:26:58","modified_gmt":"2025-12-23T15:26:58","slug":"mosqueda-fue-reelecto-en-la-liga-chaquena","status":"publish","type":"post","link":"https:\/\/www.sportchaco.com.ar\/?p=30462","title":{"rendered":"Mosqueda fue reelecto en la Liga Chaque\u00f1a"},"content":{"rendered":"<p><strong>23-12-2025<\/strong><\/p>\n<p><img loading=\"lazy\" decoding=\"async\" class=\"aligncenter size-large wp-image-19472\" src=\"https:\/\/www.sportchaco.com.ar\/wp-content\/uploads\/2025\/05\/Red-de-empeleos-1200x200-1-1024x171.gif\" alt=\"\" width=\"1024\" height=\"171\" srcset=\"https:\/\/www.sportchaco.com.ar\/wp-content\/uploads\/2025\/05\/Red-de-empeleos-1200x200-1-1024x171.gif 1024w, https:\/\/www.sportchaco.com.ar\/wp-content\/uploads\/2025\/05\/Red-de-empeleos-1200x200-1-300x50.gif 300w, https:\/\/www.sportchaco.com.ar\/wp-content\/uploads\/2025\/05\/Red-de-empeleos-1200x200-1-768x128.gif 768w, https:\/\/www.sportchaco.com.ar\/wp-content\/uploads\/2025\/05\/Red-de-empeleos-1200x200-1-1536x256.gif 1536w, https:\/\/www.sportchaco.com.ar\/wp-content\/uploads\/2025\/05\/Red-de-empeleos-1200x200-1-2048x341.gif 2048w\" sizes=\"auto, (max-width: 1024px) 100vw, 1024px\" \/><\/p>\n<p>Este lunes por la noche se llev\u00f3 a cabo la Asamblea de la Liga Chaque\u00f1a de F\u00fatbol donde Ra\u00fal Mosqueda fue reelecto como presidente de la misma. La reuni\u00f3n se llev\u00f3 a cabo en la sede del club Chaco For Ever.<\/p>\n<p>Durante la misma se present\u00f3 y aprob\u00f3 por unanimidad el Ejercicio de Memoria y Balance, correspondiente al per\u00edodo actual.<\/p>\n<p>Donde hubo modificaciones fue en la lista general de Mosqueda para el per\u00edodo 2026-2027. Adem\u00e1s, se trat\u00f3 en comisi\u00f3n directiva las fechas para el inicio de los torneo del a\u00f1o que viene y la fecha tentativa qued\u00f3 para la \u00faltima semana de febrero y con la posibilidad que el primer campeonato se vuelva a disputar por zonas.<\/p>\n<p><strong>COMISI\u00d3N DIRECTIVA DE LA LIGA CHAQUE\u00d1A<\/strong><br \/>\n<strong>Presidente<\/strong> &#8211; Ra\u00fal Mosqueda<br \/>\n<strong>Vicepresidente 1\u00b0<\/strong> &#8211; H\u00e9ctor G\u00f3mez<br \/>\n<strong>Vicepresidente 2\u00b0<\/strong> &#8211; Eduardo Mazo<br \/>\n<strong>Secretario<\/strong> &#8211; Omar Leguizam\u00f3n<br \/>\n<strong>Prosecretario<\/strong> &#8211; Mauricio Gonz\u00e1lez<br \/>\n<strong>Tesorero<\/strong> &#8211; Alfredo Fern\u00e1ndez<br \/>\n<strong>Protesorero<\/strong> &#8211; Erika Nasir<br \/>\n<strong>Secreataria de Actas<\/strong> &#8211; Ver\u00f3nica Alfonzo<br \/>\n<strong>Secretario de prensa y difusi\u00f3n<\/strong> &#8211; Carlos Mart\u00ednez<br \/>\n<strong>Secretario de Seguridad e Infraestructura<\/strong> &#8211; John Roger L. Dumont<br \/>\n<strong>Secretario de Marketing<\/strong> &#8211; Mart\u00edn Ojeda<br \/>\n<strong>Secretario de Relaciones P\u00fablicas<\/strong> &#8211; Sergio Caballero<br \/>\n<strong>Vocal 1\u00b0<\/strong> &#8211; Mart\u00edn Garcilazo<br \/>\n<strong>Vocal 2\u00b0<\/strong> Margarita Guti\u00e9rrez<br \/>\n<strong>Vocal 3\u00b0<\/strong> &#8211; Diego Amarilla.<\/p>\n<p><img loading=\"lazy\" decoding=\"async\" class=\"aligncenter size-large wp-image-20100\" src=\"https:\/\/www.sportchaco.com.ar\/wp-content\/uploads\/2025\/06\/300x250-1024x854.gif\" alt=\"\" width=\"1024\" height=\"854\" srcset=\"https:\/\/www.sportchaco.com.ar\/wp-content\/uploads\/2025\/06\/300x250-1024x854.gif 1024w, https:\/\/www.sportchaco.com.ar\/wp-content\/uploads\/2025\/06\/300x250-300x250.gif 300w, https:\/\/www.sportchaco.com.ar\/wp-content\/uploads\/2025\/06\/300x250-768x640.gif 768w\" sizes=\"auto, (max-width: 1024px) 100vw, 1024px\" \/><\/p>\n","protected":false},"excerpt":{"rendered":"<p>23-12-2025 Este lunes por la noche se llev\u00f3 a cabo la Asamblea de la Liga Chaque\u00f1a de F\u00fatbol donde Ra\u00fal Mosqueda fue reelecto como presidente de la misma. La reuni\u00f3n se llev\u00f3 a cabo en la sede del club Chaco For Ever. Durante la misma se present\u00f3 y aprob\u00f3 por unanimidad el Ejercicio de Memoria &hellip;<\/p>\n","protected":false},"author":3,"featured_media":30471,"comment_status":"open","ping_status":"open","sticky":false,"template":"","format":"standard","meta":{"footnotes":""},"categories":[5],"tags":[],"class_list":["post-30462","post","type-post","status-publish","format-standard","has-post-thumbnail","hentry","category-futbol"],"_links":{"self":[{"href":"https:\/\/www.sportchaco.com.ar\/index.php?rest_route=\/wp\/v2\/posts\/30462","targetHints":{"allow":["GET"]}}],"collection":[{"href":"https:\/\/www.sportchaco.com.ar\/index.php?rest_route=\/wp\/v2\/posts"}],"about":[{"href":"https:\/\/www.sportchaco.com.ar\/index.php?rest_route=\/wp\/v2\/types\/post"}],"author":[{"embeddable":true,"href":"https:\/\/www.sportchaco.com.ar\/index.php?rest_route=\/wp\/v2\/users\/3"}],"replies":[{"embeddable":true,"href":"https:\/\/www.sportchaco.com.ar\/index.php?rest_route=%2Fwp%2Fv2%2Fcomments&post=30462"}],"version-history":[{"count":1,"href":"https:\/\/www.sportchaco.com.ar\/index.php?rest_route=\/wp\/v2\/posts\/30462\/revisions"}],"predecessor-version":[{"id":30470,"href":"https:\/\/www.sportchaco.com.ar\/index.php?rest_route=\/wp\/v2\/posts\/30462\/revisions\/30470"}],"wp:featuredmedia":[{"embeddable":true,"href":"https:\/\/www.sportchaco.com.ar\/index.php?rest_route=\/wp\/v2\/media\/30471"}],"wp:attachment":[{"href":"https:\/\/www.sportchaco.com.ar\/index.php?rest_route=%2Fwp%2Fv2%2Fmedia&parent=30462"}],"wp:term":[{"taxonomy":"category","embeddable":true,"href":"https:\/\/www.sportchaco.com.ar\/index.php?rest_route=%2Fwp%2Fv2%2Fcategories&post=30462"},{"taxonomy":"post_tag","embeddable":true,"href":"https:\/\/www.sportchaco.com.ar\/index.php?rest_route=%2Fwp%2Fv2%2Ftags&post=30462"}],"curies":[{"name":"wp","href":"https:\/\/api.w.org\/{rel}","templated":true}]}}