{"id":30467,"date":"2025-12-23T12:21:56","date_gmt":"2025-12-23T15:21:56","guid":{"rendered":"https:\/\/www.sportchaco.com.ar\/?p=30467"},"modified":"2025-12-23T12:21:56","modified_gmt":"2025-12-23T15:21:56","slug":"castelli-inauguro-el-complejo-deportivo-stupadel-2","status":"publish","type":"post","link":"https:\/\/www.sportchaco.com.ar\/?p=30467","title":{"rendered":"Castelli inaugur\u00f3 el complejo deportivo Stupadel"},"content":{"rendered":"<nav id=\"breadcrumb\" class=\"breadcrumbs is-full-width breadcrumbs-a\"><\/nav>\n<div class=\"main ts-contain cf right-sidebar\" data-title=\"Castelli inaugur\u00f3 el complejo deportivo Stupadel - Diario La Voz del Chaco\" data-url=\"https:\/\/www.diariolavozdelchaco.com\/2025\/12\/23\/castelli-inauguro-el-complejo-deportivo-stupadel\/\">\n<div class=\"ts-row has-head-below\">\n<div class=\"col-8 main-content s-post-contain\">\n<div class=\"the-post-header s-head-modern s-head-modern-a s-head-modern-below\">\n<div class=\"post-meta post-meta-a post-meta-left post-meta-single has-below\">\n<div class=\"post-meta-items meta-above\"><\/div>\n<h1 class=\"is-title post-title\"><\/h1>\n<div class=\"post-meta-items meta-below\"><span class=\"meta-item date\"><time class=\"post-date\" datetime=\"2025-12-23T03:46:02-03:00\">23 de diciembre de 2025<\/time><\/span><\/div>\n<\/div>\n<\/div>\n<div class=\"single-featured\">\n<div class=\"featured\">\n<figure class=\"image-link media-ratio ratio-16-9\"><img loading=\"lazy\" decoding=\"async\" class=\"attachment-bunyad-main size-bunyad-main no-lazy skip-lazy wp-post-image\" title=\"Castelli inaugur\u00f3 el complejo deportivo Stupadel\" src=\"https:\/\/www.diariolavozdelchaco.com\/wp-content\/uploads\/2025\/12\/13-FOTO-130-18.jpg\" sizes=\"auto, (max-width: 801px) 100vw, 801px\" srcset=\"https:\/\/www.diariolavozdelchaco.com\/wp-content\/uploads\/2025\/12\/13-FOTO-130-18.jpg 800w, https:\/\/www.diariolavozdelchaco.com\/wp-content\/uploads\/2025\/12\/13-FOTO-130-18-300x169.jpg 300w, https:\/\/www.diariolavozdelchaco.com\/wp-content\/uploads\/2025\/12\/13-FOTO-130-18-768x432.jpg 768w, https:\/\/www.diariolavozdelchaco.com\/wp-content\/uploads\/2025\/12\/13-FOTO-130-18-150x84.jpg 150w, https:\/\/www.diariolavozdelchaco.com\/wp-content\/uploads\/2025\/12\/13-FOTO-130-18-450x253.jpg 450w\" alt=\"\" width=\"801\" height=\"451\" \/><\/figure>\n<\/div>\n<\/div>\n<div class=\"the-post s-post-modern-below\">\n<article id=\"post-310992\" class=\"post-310992 post type-post status-publish format-standard has-post-thumbnail category-deportes\">\n<div class=\"post-content-wrap has-share-float has-share-float-in\">\n<div class=\"post-share-float share-float-e spc-social-colors spc-social-colored\">\n<div class=\"inner\">\n<div class=\"services\"><\/div>\n<\/div>\n<\/div>\n<div class=\"post-content cf entry-content content-spacious\">\n<div class=\"a-wrap a-wrap-base a-wrap-5\"><\/div>\n<p>El deporte local suma un nuevo y significativo espacio con la inauguraci\u00f3n del Complejo Deportivo Stupadel, un emprendimiento familiar impulsado por el reconocido jugador del p\u00e1del castelense Franco Stupaczuk, fruto de un sue\u00f1o largamente anhelado que hoy abre sus puertas a toda la comunidad.<br \/>\nEl complejo cuenta con dos modernas canchas e instalaciones especialmente adaptadas y acondicionadas para recibir a quienes disfrutan del deporte de las paletas, fortaleciendo la infraestructura deportiva de la ciudad y promoviendo h\u00e1bitos saludables.<br \/>\nORGULLO CASTELENSE<br \/>\nEl intendente P\u00edo Sander acompa\u00f1ado por el secretario de Gobierno, Ismael Pablo Barnes; el subsecretario de Deportes, Roberto Scheffer, particip\u00f3 del evento, destacando el orgullo que representa para toda la comunidad ver c\u00f3mo los deportistas locales apuestan a invertir y fortalecer el deporte en su propia localidad.<br \/>\nEn ese marco, remarc\u00f3 la importancia del deporte como herramienta socializadora, de inclusi\u00f3n y formaci\u00f3n, especialmente para ni\u00f1os y j\u00f3venes.<br \/>\nDurante el acto, el intendente felicit\u00f3 Franco Stupaczuk, por su exitosa carrera deportiva y por la puesta en marcha de un emprendimiento ligado al desarrollo f\u00edsico y deportivo de la ciudad.<br \/>\nTras el corte inaugural, Stupaczuk agradeci\u00f3 a las autoridades, familiares y vecinos presentes, y destac\u00f3 el valor del deporte como espacio de contenci\u00f3n, socializaci\u00f3n e inclusi\u00f3n, especialmente para las nuevas generaciones, subrayando el acompa\u00f1amiento recibido para este gran sue\u00f1o.<\/p>\n<\/div>\n<\/div>\n<\/article>\n<\/div>\n<\/div>\n<\/div>\n<\/div>\n","protected":false},"excerpt":{"rendered":"<p>23 de diciembre de 2025 El deporte local suma un nuevo y significativo espacio con la inauguraci\u00f3n del Complejo Deportivo Stupadel, un emprendimiento familiar impulsado por el reconocido jugador del p\u00e1del castelense Franco Stupaczuk, fruto de un sue\u00f1o largamente anhelado que hoy abre sus puertas a toda la comunidad. El complejo cuenta con dos modernas &hellip;<\/p>\n","protected":false},"author":2,"featured_media":30464,"comment_status":"open","ping_status":"open","sticky":false,"template":"","format":"standard","meta":{"footnotes":""},"categories":[44],"tags":[],"class_list":["post-30467","post","type-post","status-publish","format-standard","has-post-thumbnail","hentry","category-varios"],"_links":{"self":[{"href":"https:\/\/www.sportchaco.com.ar\/index.php?rest_route=\/wp\/v2\/posts\/30467","targetHints":{"allow":["GET"]}}],"collection":[{"href":"https:\/\/www.sportchaco.com.ar\/index.php?rest_route=\/wp\/v2\/posts"}],"about":[{"href":"https:\/\/www.sportchaco.com.ar\/index.php?rest_route=\/wp\/v2\/types\/post"}],"author":[{"embeddable":true,"href":"https:\/\/www.sportchaco.com.ar\/index.php?rest_route=\/wp\/v2\/users\/2"}],"replies":[{"embeddable":true,"href":"https:\/\/www.sportchaco.com.ar\/index.php?rest_route=%2Fwp%2Fv2%2Fcomments&post=30467"}],"version-history":[{"count":1,"href":"https:\/\/www.sportchaco.com.ar\/index.php?rest_route=\/wp\/v2\/posts\/30467\/revisions"}],"predecessor-version":[{"id":30468,"href":"https:\/\/www.sportchaco.com.ar\/index.php?rest_route=\/wp\/v2\/posts\/30467\/revisions\/30468"}],"wp:featuredmedia":[{"embeddable":true,"href":"https:\/\/www.sportchaco.com.ar\/index.php?rest_route=\/wp\/v2\/media\/30464"}],"wp:attachment":[{"href":"https:\/\/www.sportchaco.com.ar\/index.php?rest_route=%2Fwp%2Fv2%2Fmedia&parent=30467"}],"wp:term":[{"taxonomy":"category","embeddable":true,"href":"https:\/\/www.sportchaco.com.ar\/index.php?rest_route=%2Fwp%2Fv2%2Fcategories&post=30467"},{"taxonomy":"post_tag","embeddable":true,"href":"https:\/\/www.sportchaco.com.ar\/index.php?rest_route=%2Fwp%2Fv2%2Ftags&post=30467"}],"curies":[{"name":"wp","href":"https:\/\/api.w.org\/{rel}","templated":true}]}}