{"id":30529,"date":"2025-12-24T23:22:40","date_gmt":"2025-12-25T02:22:40","guid":{"rendered":"https:\/\/www.sportchaco.com.ar\/?p=30529"},"modified":"2025-12-25T01:07:28","modified_gmt":"2025-12-25T04:07:28","slug":"efemerides-del-25-de-diciembre-3","status":"publish","type":"post","link":"https:\/\/www.sportchaco.com.ar\/?p=30529","title":{"rendered":"Efem\u00e9rides del 25 de diciembre"},"content":{"rendered":"<div class=\"container fullwidth-entry-title-wrapper\">\n<div class=\"container-wrapper fullwidth-entry-title\">\n<header class=\"entry-header-outer\">\n<div class=\"entry-header\">\n<h1 class=\"post-title entry-title\"><\/h1>\n<div class=\"single-post-meta post-meta clearfix\"><\/div>\n<\/div>\n<\/header>\n<\/div>\n<\/div>\n<div id=\"content\" class=\"site-content container\">\n<div id=\"main-content-row\" class=\"tie-row main-content-row\">\n<div class=\"main-content tie-col-md-8 tie-col-xs-12\" role=\"main\">\n<article id=\"the-post\" class=\"container-wrapper post-content tie-standard\">\n<div class=\"featured-area\">\n<div class=\"featured-area-inner\">\n<figure class=\"single-featured-image\"><\/figure>\n<p>&nbsp;<\/p>\n<\/div>\n<\/div>\n<div class=\"entry-content entry clearfix\">\n<h5><strong>Esta es la Efem\u00e9rides del Deporte en el Chaco de un 25 de diciembre del periodista Luis Dar\u00edo Molodezky<\/strong><\/h5>\n<p>&nbsp;<\/p>\n<p><img loading=\"lazy\" decoding=\"async\" class=\"alignnone size-full wp-image-30533 aligncenter\" src=\"https:\/\/www.sportchaco.com.ar\/wp-content\/uploads\/2025\/12\/Luis-Dario-Molodezky-2025-1.jpg\" alt=\"\" width=\"300\" height=\"298\" srcset=\"https:\/\/www.sportchaco.com.ar\/wp-content\/uploads\/2025\/12\/Luis-Dario-Molodezky-2025-1.jpg 300w, https:\/\/www.sportchaco.com.ar\/wp-content\/uploads\/2025\/12\/Luis-Dario-Molodezky-2025-1-150x150.jpg 150w\" sizes=\"auto, (max-width: 300px) 100vw, 300px\" \/><\/p>\n<p><strong>\u00a0<\/strong><\/p>\n<p><strong>1936\u00a0<\/strong>\/ Con una gran reuni\u00f3n danzante, Asociaci\u00f3n Italiana de Charata inaugura la nueva sede social, en la calle Rivadavia al 340, que hab\u00eda sido decidida por la comisi\u00f3n 5 meses antes.<\/p>\n<p>&nbsp;<\/p>\n<p><strong>1958\u00a0<\/strong>\/ Nace en Villa Berthet Ram\u00f3n Gaspar Abelda\u00f1o. Realiz\u00f3 104 combates como profesional. El 17 de mayo del 85 se consagr\u00f3 campe\u00f3n argentino welter. Rein\u00f3 durante 10 meses cuando fue derrotado por Miguel \u00c1ngel Arroyo.<\/p>\n<p>&nbsp;<\/p>\n<p><strong>1988 \/<\/strong>\u00a0Cosecha b\u00e1squetbol se consagra campe\u00f3n oficial de primera divisi\u00f3n de la ABR al vencer en el cotejo final a Villa San Mart\u00edn 83 a 71. Integraron el plantel Cesar Claris, Dante Fleitas, Jos\u00e9 Gonz\u00e1lez (Gonzalito), Marcus Adams, Luis Spagnoli (p), Hugo Montes; Alejandro Rodr\u00edguez, Ricardo Manuel Siri, Roberto Catarozzi, Daniel Bodanovich, Eduardo Paniagua. DT Ernesto Roig, PF Jos\u00e9 Luis Centanaro<\/p>\n<h3>Foto de Cosecha 1988 (Diario)<\/h3>\n<\/div>\n<\/article>\n<\/div>\n<\/div>\n<\/div>\n","protected":false},"excerpt":{"rendered":"<p>&nbsp; Esta es la Efem\u00e9rides del Deporte en el Chaco de un 25 de diciembre del periodista Luis Dar\u00edo Molodezky &nbsp; \u00a0 1936\u00a0\/ Con una gran reuni\u00f3n danzante, Asociaci\u00f3n Italiana de Charata inaugura la nueva sede social, en la calle Rivadavia al 340, que hab\u00eda sido decidida por la comisi\u00f3n 5 meses antes. &nbsp; 1958\u00a0\/ &hellip;<\/p>\n","protected":false},"author":2,"featured_media":30532,"comment_status":"open","ping_status":"open","sticky":false,"template":"","format":"standard","meta":{"footnotes":""},"categories":[42,45],"tags":[],"class_list":["post-30529","post","type-post","status-publish","format-standard","has-post-thumbnail","hentry","category-diciembre","category-efemerides-dia-por-dia"],"_links":{"self":[{"href":"https:\/\/www.sportchaco.com.ar\/index.php?rest_route=\/wp\/v2\/posts\/30529","targetHints":{"allow":["GET"]}}],"collection":[{"href":"https:\/\/www.sportchaco.com.ar\/index.php?rest_route=\/wp\/v2\/posts"}],"about":[{"href":"https:\/\/www.sportchaco.com.ar\/index.php?rest_route=\/wp\/v2\/types\/post"}],"author":[{"embeddable":true,"href":"https:\/\/www.sportchaco.com.ar\/index.php?rest_route=\/wp\/v2\/users\/2"}],"replies":[{"embeddable":true,"href":"https:\/\/www.sportchaco.com.ar\/index.php?rest_route=%2Fwp%2Fv2%2Fcomments&post=30529"}],"version-history":[{"count":1,"href":"https:\/\/www.sportchaco.com.ar\/index.php?rest_route=\/wp\/v2\/posts\/30529\/revisions"}],"predecessor-version":[{"id":30534,"href":"https:\/\/www.sportchaco.com.ar\/index.php?rest_route=\/wp\/v2\/posts\/30529\/revisions\/30534"}],"wp:featuredmedia":[{"embeddable":true,"href":"https:\/\/www.sportchaco.com.ar\/index.php?rest_route=\/wp\/v2\/media\/30532"}],"wp:attachment":[{"href":"https:\/\/www.sportchaco.com.ar\/index.php?rest_route=%2Fwp%2Fv2%2Fmedia&parent=30529"}],"wp:term":[{"taxonomy":"category","embeddable":true,"href":"https:\/\/www.sportchaco.com.ar\/index.php?rest_route=%2Fwp%2Fv2%2Fcategories&post=30529"},{"taxonomy":"post_tag","embeddable":true,"href":"https:\/\/www.sportchaco.com.ar\/index.php?rest_route=%2Fwp%2Fv2%2Ftags&post=30529"}],"curies":[{"name":"wp","href":"https:\/\/api.w.org\/{rel}","templated":true}]}}