{"id":30565,"date":"2025-12-25T18:23:33","date_gmt":"2025-12-25T21:23:33","guid":{"rendered":"https:\/\/www.sportchaco.com.ar\/?p=30565"},"modified":"2025-12-26T10:42:10","modified_gmt":"2025-12-26T13:42:10","slug":"miguel-omar-retamozo-medico-periodista-y-relator-deportivo","status":"publish","type":"post","link":"https:\/\/www.sportchaco.com.ar\/?p=30565","title":{"rendered":"Miguel Omar Retamozo, m\u00e9dico, periodista y relator deportivo"},"content":{"rendered":"<h5 data-start=\"182\" data-end=\"263\"><strong data-start=\"182\" data-end=\"263\">Miguel Omar Retamozo, lleva m\u00e1s de medio siglo con el periodismo deportiva y poco menos de 50 como m\u00e9dico, periodista. N<\/strong>aci\u00f3 en Barranqueras Miguel Omar Retamozo, una figura emblem\u00e1tica del Chaco que supo conjugar con excelencia dos vocaciones: la medicina y el periodismo deportivo. De extensa y reconocida trayectoria en ambas actividades, fue distinguido a nivel nacional como <strong data-start=\"549\" data-end=\"577\">\u201cMaestro del Periodismo\u201d<\/strong> por sus propios colegas, un reconocimiento que sintetiza una vida dedicada al servicio, la comunicaci\u00f3n y el deporte.<\/h5>\n<p>&nbsp;<\/p>\n<p><img loading=\"lazy\" decoding=\"async\" class=\"alignnone wp-image-30533\" src=\"https:\/\/www.sportchaco.com.ar\/wp-content\/uploads\/2025\/12\/Luis-Dario-Molodezky-2025-1.jpg\" alt=\"\" width=\"57\" height=\"56\" srcset=\"https:\/\/www.sportchaco.com.ar\/wp-content\/uploads\/2025\/12\/Luis-Dario-Molodezky-2025-1.jpg 300w, https:\/\/www.sportchaco.com.ar\/wp-content\/uploads\/2025\/12\/Luis-Dario-Molodezky-2025-1-150x150.jpg 150w\" sizes=\"auto, (max-width: 57px) 100vw, 57px\" \/>\u00a0<strong> \u00a0POR LUIS DARIO MOLODEZKY<\/strong><\/p>\n<p><!--more--><\/p>\n<p>&nbsp;<\/p>\n<p><img loading=\"lazy\" decoding=\"async\" class=\"aligncenter\" src=\"https:\/\/scontent.fcnq2-1.fna.fbcdn.net\/v\/t39.30808-6\/602465482_3779322275710798_5123733285691180210_n.jpg?_nc_cat=100&amp;ccb=1-7&amp;_nc_sid=127cfc&amp;_nc_ohc=vQisat0hy-UQ7kNvwEcppVd&amp;_nc_oc=AdkhGWBY7KUqZllVkyzOT3eAtAVp8R_IiGglhbirYwo9-15OyE3Q5ZiovtK5ikbpEH0&amp;_nc_zt=23&amp;_nc_ht=scontent.fcnq2-1.fna&amp;_nc_gid=ygjfZZo1y3h9Kdaz_YLHIg&amp;oh=00_AfkEjqCtpZUrNiBBpnpS74-UPPq5189ObWcHOO5jmx1VMQ&amp;oe=69536DC3\" alt=\"Puede ser una imagen de una o varias personas y anteojos\" width=\"450\" height=\"326\" \/><\/p>\n<p data-start=\"697\" data-end=\"1184\">Retamozo curs\u00f3 sus estudios en la Facultad de Medicina de la Universidad Nacional del Nordeste y ejerci\u00f3 su profesi\u00f3n en distintas dependencias de Salud P\u00fablica de la provincia del Chaco, dejando una huella humana y profesional en cada lugar donde se desempe\u00f1\u00f3. Paralelamente, en la d\u00e9cada del 70 inici\u00f3 su camino en el periodismo deportivo, una pasi\u00f3n que lo acompa\u00f1ar\u00eda durante m\u00e1s de medio siglo, sin abandonar nunca su compromiso como m\u00e9dico ni la construcci\u00f3n de una s\u00f3lida familia.<\/p>\n<p data-start=\"1186\" data-end=\"1782\">Su debut en los medios se produjo el <strong data-start=\"1223\" data-end=\"1246\">22 de junio de 1973<\/strong>, como aprendiz en la vieja <strong data-start=\"1274\" data-end=\"1298\">Radio Chaco (ex LT5)<\/strong>, ubicada entonces en avenida 9 de Julio 1875, hoy convertida en estaci\u00f3n de servicio. All\u00ed comenz\u00f3 a formarse en el programa <strong data-start=\"1424\" data-end=\"1444\">Deportivas Chaco<\/strong>, conducido por Eduardo Rub\u00e9n Ferreyra, Ricardo Victoriano C\u00e1rdenas y Alfredo Flores, con Rub\u00e9n Digiussepe en los controles t\u00e9cnicos y Eduardo Barrios Dur\u00e1n como locutor comercial. Con el tiempo se sumar\u00edan al equipo nombres como Edison Omar Rodr\u00edguez, Edmundo Duncan Molina, Jorge Diel, Jorge Altamirano, Ra\u00fal Castro, entre muchos otros.<\/p>\n<p data-start=\"1186\" data-end=\"1782\"><img loading=\"lazy\" decoding=\"async\" class=\"aligncenter\" src=\"https:\/\/scontent.fcnq2-1.fna.fbcdn.net\/v\/t39.30808-6\/604808593_3779322292377463_7881645637387622190_n.jpg?_nc_cat=106&amp;ccb=1-7&amp;_nc_sid=127cfc&amp;_nc_ohc=B-HthwSeCdYQ7kNvwHkVB9E&amp;_nc_oc=AdnIgjGiP2L5Ob7nkZOqHJCSzRjMEHJRjGmBbA1AGEUSkvTipUxV3gKBETFb-ntXcsw&amp;_nc_zt=23&amp;_nc_ht=scontent.fcnq2-1.fna&amp;_nc_gid=R3N9Tu0in8e5ykurRSDWSw&amp;oh=00_Afmf4rTgxixZXNq8HhF_MacnnF_Lfsn21_43NLKZ9fGtzQ&amp;oe=69537C63\" alt=\"Puede ser una imagen de una o varias personas, personas jugando al f\u00fatbol y personas jugando al f\u00fatbol\" width=\"472\" height=\"622\" \/><\/p>\n<p style=\"text-align: center;\" data-start=\"1186\" data-end=\"1782\"><strong>Haciendo campo de juego con un antiguo grabador.\u00a0<\/strong><\/p>\n<p data-start=\"1784\" data-end=\"2317\">En aquella Radio Chaco tambi\u00e9n comparti\u00f3 micr\u00f3fonos con destacados locutores de la \u00e9poca en <strong data-start=\"1876\" data-end=\"1897\">La Ma\u00f1ana del Sol<\/strong>, que se emit\u00eda los domingos por la ma\u00f1ana. Su recorrido profesional fue completo: comenz\u00f3 en estudios centrales, pas\u00f3 al campo de juego y lleg\u00f3 al rol que lo consagr\u00f3, el de <strong data-start=\"2072\" data-end=\"2093\">relator de f\u00fatbol<\/strong>. M\u00e1s adelante incorpor\u00f3 el automovilismo, de la mano de \u201cPirulo\u201d Ferreyra, transmitiendo competencias en el hist\u00f3rico circuito del <strong data-start=\"2225\" data-end=\"2246\">Patito Endiablado<\/strong>, y las circunstancias lo llevaron tambi\u00e9n a relatar combates de boxeo.<\/p>\n<p data-start=\"2319\" data-end=\"2805\">As\u00ed, su voz lleg\u00f3 a escenarios de primer nivel: relat\u00f3 <strong data-start=\"2374\" data-end=\"2422\">F\u00f3rmula 1 desde el aut\u00f3dromo de Buenos Aires<\/strong>, en tiempos en que compet\u00edan Carlos Reutemann y Niki Lauda, y cubri\u00f3 grandes veladas de boxeo desde el <strong data-start=\"2526\" data-end=\"2539\">Luna Park<\/strong>, como el inolvidable combate entre Nicolino Locche y Emiliano Villa, en una noche agobiante de calor dentro del estadio. En f\u00fatbol, fue durante muchos a\u00f1os corresponsal de <strong data-start=\"2712\" data-end=\"2755\">Radio Exc\u00e9lsior AM 1160 de Buenos Aires<\/strong>, en transmisiones conducidas por Humberto D\u00e1tola.<\/p>\n<p data-start=\"2807\" data-end=\"3122\">A lo largo de su carrera comparti\u00f3 transmisiones con reconocidos colegas como Pablo Alberto Mensi, corresponsal de la revista <em data-start=\"2933\" data-end=\"2940\">Goles<\/em>; Hugo Nelson Lacava Shell; Luis Dar\u00edo Molodezky; Emilio Miguel Lagranja; Marcelo Lagranja; Hugo Cattarozzi; \u201cCoco\u201d Ruiz; Jos\u00e9 \u201cPepe\u201d Leoni; y Edison Omar Rodr\u00edguez (h), entre otros.<\/p>\n<p data-start=\"3124\" data-end=\"3434\">En el plano institucional, ocup\u00f3 durante tres a\u00f1os la presidencia del <strong data-start=\"3194\" data-end=\"3230\">C\u00edrculo de Periodistas del Chaco<\/strong>, fue integrante de su Tribunal de Honor y presidi\u00f3 en varios per\u00edodos el <strong data-start=\"3304\" data-end=\"3351\">C\u00edrculo de Periodistas Deportivos del Chaco<\/strong>. Particip\u00f3 adem\u00e1s del programa <strong data-start=\"3383\" data-end=\"3400\">Radiodeportes<\/strong>, emitido por LRH 251 Radio Chaco.<\/p>\n<p data-start=\"3124\" data-end=\"3434\"><img decoding=\"async\" src=\"https:\/\/scontent.fcnq2-2.fna.fbcdn.net\/v\/t39.30808-6\/603772466_3779322555710770_5031215616019927654_n.jpg?_nc_cat=108&amp;ccb=1-7&amp;_nc_sid=127cfc&amp;_nc_ohc=d8E3d0f-6iQQ7kNvwGV3Y98&amp;_nc_oc=AdnKKaSGH8mKlvuB8w_yjM3KVCVzzL9BGzFQlYnw4DGbAdr_Sf40ijNog8Tqt1q1oK8&amp;_nc_zt=23&amp;_nc_ht=scontent.fcnq2-2.fna&amp;_nc_gid=o16UGG8NhTODBXsSxhk-_g&amp;oh=00_AflkJzz4E3nk6cB5MXTmsUqJVnZiy_dBYw311xig354ePw&amp;oe=695371F1\" alt=\"No hay ninguna descripci\u00f3n de la foto disponible.\" \/><\/p>\n<p data-start=\"3124\" data-end=\"3434\"><em><strong>Luis Molodezky, Hugo\u00a0 G\u00f3mez Ram\u00f3n Gonz\u00e1lez,Jorge\u00a0 Altamirano, Juan Carlos Gonz\u00e1lez,\u00a0 Angel Rozas, Miguel Retamoso , Willy Rodr\u00edguez y Ricardo Na\u00f3n, integrantes del C\u00edrculo de Peridoistas Deportivos con el gobernador.<\/strong><\/em><\/p>\n<p data-start=\"3436\" data-end=\"3815\">Su v\u00ednculo con el deporte trascendi\u00f3 el periodismo: durante m\u00e1s de <strong data-start=\"3503\" data-end=\"3545\">30 a\u00f1os fue m\u00e9dico del Club Don Orione<\/strong>, instituci\u00f3n en la que tambi\u00e9n jug\u00f3 al f\u00fatbol. Fue <strong data-start=\"3597\" data-end=\"3666\">presidente durante 11 a\u00f1os del C\u00edrculo de Ajedrez de Barranqueras<\/strong>, organizando torneos internacionales en la ciudad, campe\u00f3n senior de <strong data-start=\"3736\" data-end=\"3745\">p\u00e1del<\/strong> y participante en varias ediciones de la <strong data-start=\"3787\" data-end=\"3814\">Marat\u00f3n de Barranqueras<\/strong>.<\/p>\n<p data-start=\"3817\" data-end=\"4310\">En 2018, al jubilarse como m\u00e9dico del Centro de Salud de la ciudad, el municipio lo declar\u00f3 <strong data-start=\"3909\" data-end=\"3946\">Ciudadano Ilustre de Barranqueras<\/strong>. Un a\u00f1o despu\u00e9s, en julio de 2019, fue nominado por la <strong data-start=\"4002\" data-end=\"4052\">Federaci\u00f3n Argentina de Periodistas Deportivos<\/strong> para recibir el premio <strong data-start=\"4076\" data-end=\"4104\">\u201cMaestro del Periodismo\u201d<\/strong>, a propuesta del C\u00edrculo de Periodistas Deportivos del Chaco. La distinci\u00f3n fue entregada durante el <strong data-start=\"4206\" data-end=\"4273\">51\u00b0 Congreso Nacional e Internacional de Periodistas Deportivos<\/strong>, realizado en septiembre de ese a\u00f1o.<img loading=\"lazy\" decoding=\"async\" class=\"aligncenter\" src=\"https:\/\/scontent.fcnq2-2.fna.fbcdn.net\/v\/t39.30808-6\/607593577_3779322519044107_2836612491738832196_n.jpg?_nc_cat=108&amp;ccb=1-7&amp;_nc_sid=127cfc&amp;_nc_ohc=uEaIt260e5sQ7kNvwHgThzN&amp;_nc_oc=Adkv86taAXCzp1K6df9jPM54XIG9GGVdcOESAT3nIXzhALllQuNmS1VzJgdAhwNNDu0&amp;_nc_zt=23&amp;_nc_ht=scontent.fcnq2-2.fna&amp;_nc_gid=ZgBhxqDfKUS2wtTuikDbAQ&amp;oh=00_Afk7bpvX1WBMMiAzdzrhPjX5mmu93QJIRTrHaUtz6qQDeQ&amp;oe=695380F9\" alt=\"No hay ninguna descripci\u00f3n de la foto disponible.\" width=\"448\" height=\"286\" \/><\/p>\n<p style=\"text-align: center;\" data-start=\"3817\" data-end=\"4310\"><em><strong>Miguel Retamoso, atleta, en la Vuelta de Barranqueras\u00a0<\/strong><\/em><\/p>\n<p data-start=\"4312\" data-end=\"4530\">Finalmente, el <strong data-start=\"4327\" data-end=\"4350\">22 de junio de 2023<\/strong>, Miguel Omar Retamozo celebr\u00f3 sus <strong data-start=\"4385\" data-end=\"4427\">bodas de oro como periodista deportivo<\/strong>, coronando una trayectoria ejemplar, marcada por la \u00e9tica, la pasi\u00f3n y el compromiso con la comunidad.<\/p>\n<p data-start=\"4312\" data-end=\"4530\">Fue en varios periodos presidente del C\u00edrculo de Periodistas Deportivos, con figuras como Edison Omar Rodr\u00edguez, Emilio Miguel Lagranja, Luis Dar\u00edo Molodezky, Jorge Ra\u00fal Diel, Jorge Altamirano, Pedro Martin Vera, Carlos Bernasconi y\u00a0 Willy Rodr\u00edguez entre otros.<\/p>\n<p data-start=\"4312\" data-end=\"4530\"><em><strong><img loading=\"lazy\" decoding=\"async\" class=\"alignnone wp-image-30533\" src=\"https:\/\/www.sportchaco.com.ar\/wp-content\/uploads\/2025\/12\/Luis-Dario-Molodezky-2025-1.jpg\" alt=\"\" width=\"59\" height=\"59\" srcset=\"https:\/\/www.sportchaco.com.ar\/wp-content\/uploads\/2025\/12\/Luis-Dario-Molodezky-2025-1.jpg 300w, https:\/\/www.sportchaco.com.ar\/wp-content\/uploads\/2025\/12\/Luis-Dario-Molodezky-2025-1-150x150.jpg 150w\" sizes=\"auto, (max-width: 59px) 100vw, 59px\" \/>POR LUIS DARIO MOLODEZKY<\/strong><\/em><\/p>\n","protected":false},"excerpt":{"rendered":"<p>Miguel Omar Retamozo, lleva m\u00e1s de medio siglo con el periodismo deportiva y poco menos de 50 como m\u00e9dico, periodista. Naci\u00f3 en Barranqueras Miguel Omar Retamozo, una figura emblem\u00e1tica del Chaco que supo conjugar con excelencia dos vocaciones: la medicina y el periodismo deportivo. De extensa y reconocida trayectoria en ambas actividades, fue distinguido a &hellip;<\/p>\n","protected":false},"author":2,"featured_media":30566,"comment_status":"open","ping_status":"open","sticky":false,"template":"","format":"standard","meta":{"footnotes":""},"categories":[44],"tags":[],"class_list":["post-30565","post","type-post","status-publish","format-standard","has-post-thumbnail","hentry","category-varios"],"_links":{"self":[{"href":"https:\/\/www.sportchaco.com.ar\/index.php?rest_route=\/wp\/v2\/posts\/30565","targetHints":{"allow":["GET"]}}],"collection":[{"href":"https:\/\/www.sportchaco.com.ar\/index.php?rest_route=\/wp\/v2\/posts"}],"about":[{"href":"https:\/\/www.sportchaco.com.ar\/index.php?rest_route=\/wp\/v2\/types\/post"}],"author":[{"embeddable":true,"href":"https:\/\/www.sportchaco.com.ar\/index.php?rest_route=\/wp\/v2\/users\/2"}],"replies":[{"embeddable":true,"href":"https:\/\/www.sportchaco.com.ar\/index.php?rest_route=%2Fwp%2Fv2%2Fcomments&post=30565"}],"version-history":[{"count":6,"href":"https:\/\/www.sportchaco.com.ar\/index.php?rest_route=\/wp\/v2\/posts\/30565\/revisions"}],"predecessor-version":[{"id":30595,"href":"https:\/\/www.sportchaco.com.ar\/index.php?rest_route=\/wp\/v2\/posts\/30565\/revisions\/30595"}],"wp:featuredmedia":[{"embeddable":true,"href":"https:\/\/www.sportchaco.com.ar\/index.php?rest_route=\/wp\/v2\/media\/30566"}],"wp:attachment":[{"href":"https:\/\/www.sportchaco.com.ar\/index.php?rest_route=%2Fwp%2Fv2%2Fmedia&parent=30565"}],"wp:term":[{"taxonomy":"category","embeddable":true,"href":"https:\/\/www.sportchaco.com.ar\/index.php?rest_route=%2Fwp%2Fv2%2Fcategories&post=30565"},{"taxonomy":"post_tag","embeddable":true,"href":"https:\/\/www.sportchaco.com.ar\/index.php?rest_route=%2Fwp%2Fv2%2Ftags&post=30565"}],"curies":[{"name":"wp","href":"https:\/\/api.w.org\/{rel}","templated":true}]}}