{"id":30568,"date":"2025-12-25T18:36:38","date_gmt":"2025-12-25T21:36:38","guid":{"rendered":"https:\/\/www.sportchaco.com.ar\/?p=30568"},"modified":"2025-12-25T18:38:35","modified_gmt":"2025-12-25T21:38:35","slug":"30568","status":"publish","type":"post","link":"https:\/\/www.sportchaco.com.ar\/?p=30568","title":{"rendered":"Falleci\u00f3 Oscar Ayala, ex intentendte de Barranqueras y presidente de la Federaci\u00f3n de Altetismo"},"content":{"rendered":"<p>Falleci\u00f3 hoy el ex intendente de Barranqueras Oscr Ayala, quien en la d\u00e9cada pasada fue presidente de la Federaci\u00f3n Chaque\u00f1a de Atletismo, en los a\u00f1os en que se inaugurar\u00f3 el solado sint\u00e9tico en el Jaime Zapata, y cuando se realizaron importantes competencias atl\u00e9ticas.<\/p>\n<p>&nbsp;<\/p>\n<p>&nbsp;<\/p>\n<p><img decoding=\"async\" src=\"https:\/\/scontent.fcnq2-1.fna.fbcdn.net\/v\/t39.30808-6\/604566371_3612633042212223_8791830086609206400_n.jpg?stp=dst-jpg_s565x565_tt6&amp;_nc_cat=100&amp;ccb=1-7&amp;_nc_sid=127cfc&amp;_nc_eui2=AeHrXd-I3v3xIdUu7I0KiR0EBzm0btEe4twHObRu0R7i3AozPzbW-IfNo96wl-D6xng&amp;_nc_ohc=uOVoalF8d_gQ7kNvwExNAL2&amp;_nc_oc=AdlQ8ptVJH946xO4MAyvSi5lJ9zjeu51xHZXDMpEvEvoPiDn5OFM3m43h6Vy469q4Sc&amp;_nc_zt=23&amp;_nc_ht=scontent.fcnq2-1.fna&amp;_nc_gid=ycE-nzWuJiNf_Gqi968E2A&amp;oh=00_AfkyOFZ0aowEfybWRIPaA5DGlc7XeTGxIGUips0GBVVmdw&amp;oe=69536723\" alt=\"No hay ninguna descripci\u00f3n de la foto disponible.\" \/><\/p>\n<p>&nbsp;<\/p>\n<p><strong>CUANDO SE INAURO LA PISTA EN 2013<\/strong><\/p>\n<p><br class=\"html-br\" \/><br class=\"html-br\" \/>La Pista Internacional de solado sint\u00e9tico de Atletismo de Resistencia qued\u00f3 oficialmente inaugurada este viernes por la ma\u00f1ana, en el marco de un acto llevado a cabo en dependencias del predio del Polideportivo \u201cJaime Zapata\u201d.<br class=\"html-br\" \/>El acto cont\u00f3 con la presencia estelar del gobernador del Chaco, Jorge Capitanich; el presidente de la C\u00e1mara de Diputados, Eduardo Aguilar; el presidente del Instituto del Deporte Chaque\u00f1o, Ra\u00fal Bittel; el presidente de Loter\u00eda Chaque\u00f1a, Dar\u00edo Kholi; el titular de la Confederaci\u00f3n Argentina de Atletismo, Juan Scarpin; el presidente de la Federaci\u00f3n Chaque\u00f1a de Atletismo, Oscar Ayala; el vicepresidente del Instituto del Deporte Chaque\u00f1o, Iv\u00e1n de los Santos; el vocal del Instituto del Deporte Chaque\u00f1o, Fabi\u00e1n R\u00edos; adem\u00e1s de diferentes ministros de Poder Ejecutivo; diputados nacionales y provinciales; intendentes; dirigentes de la Uni\u00f3n de Periodistas Deportivos y del C\u00edrculo de Periodistas Deportivos; dirigentes de organismos aut\u00e1rquicos y descentralizados; y directores y alumnos de diferentes escuelas de Resistencia.<br class=\"html-br\" \/>La banda de m\u00fasica de la Polic\u00eda del Chaco dio pie al corte de cintas realizado por el contador Jorge Capitanich, dejando oficialmente inaugurada la Pista Internacional de Atletismo (nivel dos).<br class=\"html-br\" \/>Los destacados deportistas nacionales Germ\u00e1n Lauro (lanzamiento de bala y disco), Braian Toledo (jabalina), Germ\u00e1n Chiaraviglio (salto en garrocha) y Roc\u00edo Comba (lanzamiento de bala y disco) tambi\u00e9n dieron el presente y recibieron diferentes plaquetas del Instituto del Deporte Chaque\u00f1o en reconocimiento a su labor deportiva.<br class=\"html-br\" \/><br class=\"html-br\" \/>CAPITANICH<br class=\"html-br\" \/>El gobernador Jorge Capitanich se\u00f1al\u00f3 que: \u201cEsto se construy\u00f3 con sumo esfuerzo. Es un acto trascendente ya que esta pista est\u00e1 situada en un lugar estrat\u00e9gico para todo el deporte de la Regi\u00f3n. Hay que agradecer el secretario de Deportes de la Naci\u00f3n, Claudio Morresi; a la ministra de Desarrollo Social de la Naci\u00f3n, Alicia Kirchner; y a la mism\u00edsima presidenta Cristian Fern\u00e1ndez de Kirchner por depositar la confianza necesaria para que esto sea realidad. Invertimos 12.5 millones para la construcci\u00f3n. Nos const\u00f3 un esfuerzo enorme inaugurarla, pero somos conscientes de que tambi\u00e9n tenemos que ser ordenados para su mantenimiento\u201d.<br class=\"html-br\" \/>\u201cEsto nos da la posibilidad de que haya atletas ol\u00edmpicos surgidos desde nuestras entra\u00f1as, que va a permitir que compitan en distintos torneos a nivel nacional e internacional. Todos sabemos del valor humano del deportista, que es un militante de la vida, es decir, que da testimonio de la vida. El deportista es honrado y honesto, respeta reglas; es solidario, porque sabe que sin el apoyo de su familia y de su entrenador es dif\u00edcil lograr metas; tiene inteligencia, coraz\u00f3n y voluntad. Todos son valores esenciales de la sociedad. Por eso es que pretendemos que el deporte siga creciendo. Tenemos pensado conformar 100 canchas de f\u00fatbol en toda la provincia, y en 2015 vamos a terminar de construir 40 de canchas con piso parquet, porque entendemos que el deporte est\u00e1 conformado por valores humanos que son trascendentales para el desarrollo de la vida\u201d, explic\u00f3 Capitanich.<br class=\"html-br\" \/><br class=\"html-br\" \/>BANDERAS<br class=\"html-br\" \/>En el acto de inauguraci\u00f3n, la bandera argentina tuvo como abanderada a Carolina Guti\u00e9rrez, escoltada por C\u00e9sar Centanaro y Juan Osmar Arburu; los representantes, como propuesta de la Federaci\u00f3n Chaque\u00f1a de Atletismo.<br class=\"html-br\" \/>La bandera del Chaco tuvo como abanderado a Jes\u00fas L\u00f3pez, escoltado por Valeria Falc\u00f3n y Juan Pablo Chirnicinero; y la bandera del deporte tuvo a Iv\u00e1n Elio Bord\u00f3n como abanderado, escoltado por Cristian Daniel P\u00e9rez y Mart\u00edn Gonzalo N\u00fa\u00f1ez. Las dos banderas, con representantes propuestos por el Instituto del Deporte Chaque\u00f1o.<br class=\"html-br\" \/><br class=\"html-br\" \/>CAMPEONATO JUVENIL<br class=\"html-br\" \/>Desde este viernes, ya se disputa en la flamante Pista Internacional el 43er. Campeonato Nacional Juvenil Sub 20 de Atletismo. El torneo se extender\u00e1 hasta el domingo y es organizado por la Federaci\u00f3n Chaque\u00f1a de la especialidad y fiscalizado por la Confederaci\u00f3n Argentina de Atletismo.<br class=\"html-br\" \/>Prensa y Protocolo. Instituto del Deporte<\/p>\n","protected":false},"excerpt":{"rendered":"<p>Falleci\u00f3 hoy el ex intendente de Barranqueras Oscr Ayala, quien en la d\u00e9cada pasada fue presidente de la Federaci\u00f3n Chaque\u00f1a de Atletismo, en los a\u00f1os en que se inaugurar\u00f3 el solado sint\u00e9tico en el Jaime Zapata, y cuando se realizaron importantes competencias atl\u00e9ticas. &nbsp; &nbsp; &nbsp; CUANDO SE INAURO LA PISTA EN 2013 La Pista &hellip;<\/p>\n","protected":false},"author":2,"featured_media":30572,"comment_status":"open","ping_status":"open","sticky":false,"template":"","format":"standard","meta":{"footnotes":""},"categories":[63],"tags":[],"class_list":["post-30568","post","type-post","status-publish","format-standard","has-post-thumbnail","hentry","category-atletismo"],"_links":{"self":[{"href":"https:\/\/www.sportchaco.com.ar\/index.php?rest_route=\/wp\/v2\/posts\/30568","targetHints":{"allow":["GET"]}}],"collection":[{"href":"https:\/\/www.sportchaco.com.ar\/index.php?rest_route=\/wp\/v2\/posts"}],"about":[{"href":"https:\/\/www.sportchaco.com.ar\/index.php?rest_route=\/wp\/v2\/types\/post"}],"author":[{"embeddable":true,"href":"https:\/\/www.sportchaco.com.ar\/index.php?rest_route=\/wp\/v2\/users\/2"}],"replies":[{"embeddable":true,"href":"https:\/\/www.sportchaco.com.ar\/index.php?rest_route=%2Fwp%2Fv2%2Fcomments&post=30568"}],"version-history":[{"count":2,"href":"https:\/\/www.sportchaco.com.ar\/index.php?rest_route=\/wp\/v2\/posts\/30568\/revisions"}],"predecessor-version":[{"id":30571,"href":"https:\/\/www.sportchaco.com.ar\/index.php?rest_route=\/wp\/v2\/posts\/30568\/revisions\/30571"}],"wp:featuredmedia":[{"embeddable":true,"href":"https:\/\/www.sportchaco.com.ar\/index.php?rest_route=\/wp\/v2\/media\/30572"}],"wp:attachment":[{"href":"https:\/\/www.sportchaco.com.ar\/index.php?rest_route=%2Fwp%2Fv2%2Fmedia&parent=30568"}],"wp:term":[{"taxonomy":"category","embeddable":true,"href":"https:\/\/www.sportchaco.com.ar\/index.php?rest_route=%2Fwp%2Fv2%2Fcategories&post=30568"},{"taxonomy":"post_tag","embeddable":true,"href":"https:\/\/www.sportchaco.com.ar\/index.php?rest_route=%2Fwp%2Fv2%2Ftags&post=30568"}],"curies":[{"name":"wp","href":"https:\/\/api.w.org\/{rel}","templated":true}]}}