{"id":30584,"date":"2025-12-26T10:25:28","date_gmt":"2025-12-26T13:25:28","guid":{"rendered":"https:\/\/www.sportchaco.com.ar\/?p=30584"},"modified":"2025-12-26T10:25:28","modified_gmt":"2025-12-26T13:25:28","slug":"la-voz-del-deporte-a-fines-de-los-90","status":"publish","type":"post","link":"https:\/\/www.sportchaco.com.ar\/?p=30584","title":{"rendered":"La Voz del Deporte a fines de los 90"},"content":{"rendered":"<p>Muchos periodistas deportivos, locutores, en un aniversario del programa La Voz del Deporte en el Club Regatas Resistencia a fines de l\u00e1 d\u00e9cada del 90.<\/p>\n<p>Muchos de ellos ya partieron y aqu\u00ed el recuerdo Pocho Cardozo, Mart\u00edn Vera, Pirulo Ferreyra, Tito Caviglia, Santos Arguello y Oscar Zalazar).. Adme\u00e1s aparecen \u00a0Marcelo Lagranja, Miguel Arguello, Manolito Ch\u00e1vez, Pat\u00e1n Qui\u00f1onez, Miguel Retamoso y Gonza Caviglia. Foto Face Marcelo Lagranja)<\/p>\n","protected":false},"excerpt":{"rendered":"<p>Muchos periodistas deportivos, locutores, en un aniversario del programa La Voz del Deporte en el Club Regatas Resistencia a fines de l\u00e1 d\u00e9cada del 90. Muchos de ellos ya partieron y aqu\u00ed el recuerdo Pocho Cardozo, Mart\u00edn Vera, Pirulo Ferreyra, Tito Caviglia, Santos Arguello y Oscar Zalazar).. Adme\u00e1s aparecen \u00a0Marcelo Lagranja, Miguel Arguello, Manolito Ch\u00e1vez, &hellip;<\/p>\n","protected":false},"author":2,"featured_media":30585,"comment_status":"open","ping_status":"open","sticky":false,"template":"","format":"standard","meta":{"footnotes":""},"categories":[1],"tags":[],"class_list":["post-30584","post","type-post","status-publish","format-standard","has-post-thumbnail","hentry","category-fotos-del-recuerdo"],"_links":{"self":[{"href":"https:\/\/www.sportchaco.com.ar\/index.php?rest_route=\/wp\/v2\/posts\/30584","targetHints":{"allow":["GET"]}}],"collection":[{"href":"https:\/\/www.sportchaco.com.ar\/index.php?rest_route=\/wp\/v2\/posts"}],"about":[{"href":"https:\/\/www.sportchaco.com.ar\/index.php?rest_route=\/wp\/v2\/types\/post"}],"author":[{"embeddable":true,"href":"https:\/\/www.sportchaco.com.ar\/index.php?rest_route=\/wp\/v2\/users\/2"}],"replies":[{"embeddable":true,"href":"https:\/\/www.sportchaco.com.ar\/index.php?rest_route=%2Fwp%2Fv2%2Fcomments&post=30584"}],"version-history":[{"count":1,"href":"https:\/\/www.sportchaco.com.ar\/index.php?rest_route=\/wp\/v2\/posts\/30584\/revisions"}],"predecessor-version":[{"id":30586,"href":"https:\/\/www.sportchaco.com.ar\/index.php?rest_route=\/wp\/v2\/posts\/30584\/revisions\/30586"}],"wp:featuredmedia":[{"embeddable":true,"href":"https:\/\/www.sportchaco.com.ar\/index.php?rest_route=\/wp\/v2\/media\/30585"}],"wp:attachment":[{"href":"https:\/\/www.sportchaco.com.ar\/index.php?rest_route=%2Fwp%2Fv2%2Fmedia&parent=30584"}],"wp:term":[{"taxonomy":"category","embeddable":true,"href":"https:\/\/www.sportchaco.com.ar\/index.php?rest_route=%2Fwp%2Fv2%2Fcategories&post=30584"},{"taxonomy":"post_tag","embeddable":true,"href":"https:\/\/www.sportchaco.com.ar\/index.php?rest_route=%2Fwp%2Fv2%2Ftags&post=30584"}],"curies":[{"name":"wp","href":"https:\/\/api.w.org\/{rel}","templated":true}]}}