{"id":30607,"date":"2025-12-26T20:26:02","date_gmt":"2025-12-26T23:26:02","guid":{"rendered":"https:\/\/www.sportchaco.com.ar\/?p=30607"},"modified":"2025-12-26T20:26:02","modified_gmt":"2025-12-26T23:26:02","slug":"un-chaqueno-que-juega-en-brasil-quiere-llegar-a-la-seleccion-argentina","status":"publish","type":"post","link":"https:\/\/www.sportchaco.com.ar\/?p=30607","title":{"rendered":"Un chaque\u00f1o que juega en Brasil, quiere llegar a la Selecci\u00f3n Argentina"},"content":{"rendered":"<div class=\"flex flex-col w-full\">\n<div class=\"p-2.5 md:p-0\">\n<h1 class=\"mb-[14px] text-articleTitleMobile md:text-articleTitle font-articleTitle tracking-normal\" data-testid=\"article_title_h1\">Se compara con Erling Haaland, rechaz\u00f3 a Brasil por la Selecci\u00f3n Argentina y sue\u00f1a con jugar en el Santos de Neymar. Oriundo de Chaco. pero criado en Sao Paulo, Ignacio Pereira Salm\u00f3n fue citado para las juveniles albicelestes y en el Peixe ya lo blindaron con un contrato de formaci\u00f3n.<\/h1>\n<p>&nbsp;<\/p>\n<\/div>\n<figure class=\"border-solid border-b border-lightGray relative \"><figcaption class=\"mx-[10px] md:mx-0 mt-[5px] tracking-normal font-articleFigCaptionFanSite text-articleFigCaptionFanSite\"><strong><em>Foto portada: Ignacio Pereira Salm\u00f3n en Santos.<\/em><\/strong><\/figcaption><\/figure>\n<\/div>\n<div id=\"article-body-605678\" class=\"block w-full my-[30px] px-[10px] md:px-0 overflow-hidden font-three text-articleBody md:text-articleBodyDesktop \" data-testid=\"article_body\">\n<p class=\"mb-[20px] md:mb-[30px] break-word\" data-testid=\"paragraph\">El scouting de la\u00a0<a class=\"break-word font-articleLinkText text-articleLinkText hover:text-articleLinkTextHover hover:bg-articleLinkTextHoverBg cursor-pointer border-solid border-b-articleLinkTextHover\" href=\"https:\/\/bolavip.com\/ar\/seleccion\" target=\"_blank\" rel=\"noreferrer noopener\">Selecci\u00f3n Argentina<\/a>\u00a0ya dej\u00f3 en claro que no conoce fronteras. Primero lo demostr\u00f3 con los europibes. Y ahora lo reafirma en Sudam\u00e9rica:\u00a0<strong>Ignacio Pereira Salm\u00f3n<\/strong>,\u00a0<strong>el diamante en bruto de 15 a\u00f1os nacido en Chaco<\/strong>\u00a0pero formado en\u00a0<a class=\"break-word font-articleLinkText text-articleLinkText hover:text-articleLinkTextHover hover:bg-articleLinkTextHoverBg cursor-pointer border-solid border-b-articleLinkTextHover\" href=\"https:\/\/bolavip.com\/ar\/tema\/seleccion-brasil\" target=\"_blank\" rel=\"noreferrer noopener\">Brasil<\/a>, que tambi\u00e9n es tentado con fervor por la Verdeamarela. Pero la batalla empieza a te\u00f1irse de albiceleste:\u00a0<strong>fue citado al Sub 15 argentino con el cartel de promesa<\/strong>.<\/p>\n<p class=\"mb-[20px] md:mb-[30px] break-word\" data-testid=\"paragraph\"><strong>Se trata de la actual figura indiscutida de las inferiores de Santos<\/strong>. All\u00ed, su expectativa crece partido a partido a base de goles, para que, poco a poco, su prematura historia marcada por ra\u00edces mixtas empiece a tomar forma. Es que<strong>\u00a0su madre es oriunda de Chaco, mientras que su padre es brasile\u00f1o<\/strong>. Ambos se conocieron y se casaron en Argentina, donde concibieron a Ignacio, pero poco despu\u00e9s se trasladaron a\u00a0<strong>Porto Alegre<\/strong>. Una vez asentados,\u00a0<strong>con apenas cinco a\u00f1os, el peque\u00f1o comenz\u00f3 a tomar contacto con una pelota gracias a su hermano mayor<\/strong>.<\/p>\n<p class=\"mb-[20px] md:mb-[30px] break-word\" data-testid=\"paragraph\">La familia poco tard\u00f3 en notar el talento innato del chico con el bal\u00f3n e inmediatamente el chico dijo presente en un club de f\u00fatbol sala. Aunque poco durar\u00eda:\u00a0<strong>a los nueve a\u00f1os se gan\u00f3 un lugar en las inferiores de Gremio<\/strong>. M\u00e1s tarde visti\u00f3 durante seis meses la camiseta de<strong>\u00a0Juventude<\/strong>. Hasta que se top\u00f3 con lo que parece ser su lugar en el mundo:\u00a0<strong>Santos, el hist\u00f3rico club paulista que vio brillar a Pel\u00e9 y Neymar<\/strong>, donde le ofrecieron continuar su formaci\u00f3n profesional.<\/p>\n<p class=\"mb-[20px] md:mb-[30px] break-word\" data-testid=\"paragraph\">La confianza en el proyecto Peixe fue total. Al punto que<strong>\u00a0la familia entera se mud\u00f3 a Sao Paulo para acompa\u00f1arlo<\/strong>. Y los frutos no tardaron en verse: Ignacio,\u00a0<strong>con tan solo 13 a\u00f1os firm\u00f3 su primer contrato de formaci\u00f3n, con vigencia hasta febrero de 2027<\/strong>. En simult\u00e1neo, as\u00ed como los dirigentes intentaban blindar a su joya de cualquier pretendiente con el deseo de estar construyendo al nuevo socio de Neymar,\u00a0<strong>los ojeadores de talentos de la Selecci\u00f3n de Brasil no tard\u00f3 en llamarlo.<\/strong><\/p>\n<div class=\"max-w-[550px] block relative mx-auto mb-[20px] md:mb-[30px]\" data-testid=\"image-embed\"><img loading=\"lazy\" decoding=\"async\" class=\"h-auto\" src=\"https:\/\/ds-images.bolavip.com\/news\/image?src=https:\/\/images.bolavip.com\/webp\/ar\/full\/BAR_20251225_BAR_605678_santos_3e237d7d.webp&amp;width=2123&amp;height=1185\" alt=\"Ignacio Pereira Salm\u00f3n, la nueva joya que siguen de cerca en la Selecci\u00f3n. (Foto: Instagram)\" width=\"2123\" height=\"1185\" \/><\/p>\n<p class=\"text-center mt-5 text-[14px] leading-[20px] font-normal\">Ignacio Pereira Salm\u00f3n, la nueva joya que siguen de cerca en la Selecci\u00f3n. (Foto: Instagram)<\/p>\n<\/div>\n<p class=\"mb-[20px] md:mb-[30px] break-word\" data-testid=\"paragraph\">En principio,<strong>\u00a0supo atenderle el tel\u00e9fono a la Canarinha para vestir su camiseta. Sin embargo, Argentina no perdi\u00f3 las esperanzas<\/strong>, sac\u00f3 provecho de la sangre que el pibe hered\u00f3 de su madre y, por el momento, estar\u00eda llevando la delantera en la carrera.<\/p>\n<p class=\"mb-[20px] md:mb-[30px] break-word\" data-testid=\"paragraph\">El primero paso a su favor lo dio en el mes de agosto, en lo que fue su primera citaci\u00f3n con el combinado campe\u00f3n del mundo.\u00a0<strong>En aquella oportunidad logr\u00f3 ser titular en una victoria 1-0 frente a Uruguay en el predio Lionel Messi de Ezeiza<\/strong>. Aunque, por el momento, la decisi\u00f3n final por una o por otra no estar\u00eda definida.<\/p>\n<div class=\"flex bg-alsoRead border-solid border border-lightGray max-w-full md:max-w-[550px] mx-auto mb-[20px] md:mb-[30px]\"><\/div>\n<p class=\"mb-[20px] md:mb-[30px] break-word\" data-testid=\"paragraph\">\u201c<strong>Me sentir\u00eda orgulloso de representar a cualquiera de los dos. Ambos son parte de mi historia y de la de mi familia, y son igual de importantes en el mundo del f\u00fatbol<\/strong>\u201d, expres\u00f3 en su momento. Lo cierto es que las puertas de las dos potencias est\u00e1n m\u00e1s que abiertas, mientras en Santos sue\u00f1an con tener en sus manos a una de las grandes apuestas del f\u00fatbol sudamericano.<\/p>\n<h2 class=\"mb-[20px] md:mb-[30px] break-word text-articleHeading2Mobile md:text-articleHeading2\">C\u00f3mo juega Ignacio Pereira Salm\u00f3n<\/h2>\n<p class=\"mb-[20px] md:mb-[30px] break-word\" data-testid=\"paragraph\">Con\u00a0<strong>Erling Haaland como m\u00e1ximo referente<\/strong>\u00a0en su posici\u00f3n, casualidad o no, Salm\u00f3n se destaca por su\u00a0<strong>capacidad para manejar ambas piernas<\/strong>, su potencia f\u00edsica y su buen juego a\u00e9reo lo convirtieron r\u00e1pidamente en un delantero dif\u00edcil de marcar. \u201c<strong>Juego como atacante, y soy bastante t\u00e9cnico<\/strong>\u00a0a la hora de elaborar los ataques y posicionarme.\u00a0<strong>Pateo con las dos piernas, considero que cabeceo bien y que tengo una composici\u00f3n f\u00edsica importante para mi edad<\/strong>\u201d, explic\u00f3 en di\u00e1logo con Diario Norte.<\/p>\n<p class=\"break-word\" data-testid=\"paragraph\">Los n\u00fameros respaldan esa confianza<strong>. En 2023 fue goleador de la Sub-13 de Santos con 15 tantos<\/strong>, quedando adem\u00e1s como segundo m\u00e1ximo artillero del torneo.\u00a0<strong>En 2024 mantuvo la racha goleadora y volvi\u00f3 a destacarse como pieza clave de su categor\u00eda<\/strong>. Estas actuaciones ya encendieron las alarmas tanto de la AFA como de la Confederaci\u00f3n Brasile\u00f1a de F\u00fatbol.<\/p>\n<\/div>\n<div class=\"w-full bg-lightGray p-[15px_10px_10px] md:p-[15px_20px]\">\n<div class=\"flex items-center border-b-4 border-black max-h-[63px] md:max-h-[80px]\">\n<div class=\"flex-shrink-0 box-content w-[63px] h-[63px] md:w-[80px] md:h-[80px] rounded-full border-solid border-[5px] border-lightGray flex justify-center items-center overflow-hidden mr-[10px] md:mr-[15px] md:ml-[5px]\"><a class=\"leading-none\" href=\"https:\/\/bolavip.com\/ar\/staff\/bcarbajo\" target=\"_self\" rel=\"\"><img loading=\"lazy\" decoding=\"async\" class=\"rounded-full\" src=\"https:\/\/ds-images.bolavip.com\/news\/image\/by-path?src=https:\/\/images.bolavip.com\/images\/ar\/authors\/80_80\/IMG_2423-e1742591424717.webp\" alt=\"bruno carbajo\" width=\"80\" height=\"80\" \/><\/a><a class=\"leading-none\" href=\"https:\/\/bolavip.com\/ar\/staff\/bcarbajo\" target=\"_self\" rel=\"\"><span class=\"font-bold text-[18px] leading-[26px] text-gray-900 font-authorSignatureName\">Bruno Carbajo, <\/span><\/a><\/div>\n<div>https:\/\/bolavip.com\/<\/div>\n<\/div>\n<div><img decoding=\"async\" class=\"aligncenter\" src=\"https:\/\/www.diarionorte.com\/content\/bucket\/8\/418808w380h475c.jpg.webp\" \/><\/div>\n<div><\/div>\n<div>Es que Ignacio Pereira Salm\u00f3n, un talentoso joven de 15 a\u00f1os, es hijo de Gabriela Salm\u00f3n, chaque\u00f1a, y Eduardo Pereira, brasile\u00f1o, quienes se casaron en Argentina, y luego con el paso de los a\u00f1os, y tras vivir unos a\u00f1os en el pa\u00eds, decidieron plantar ra\u00edces en Porto Alegre, Brasil.<\/div>\n<\/div>\n","protected":false},"excerpt":{"rendered":"<p>Se compara con Erling Haaland, rechaz\u00f3 a Brasil por la Selecci\u00f3n Argentina y sue\u00f1a con jugar en el Santos de Neymar. Oriundo de Chaco. pero criado en Sao Paulo, Ignacio Pereira Salm\u00f3n fue citado para las juveniles albicelestes y en el Peixe ya lo blindaron con un contrato de formaci\u00f3n. &nbsp; Foto portada: Ignacio Pereira &hellip;<\/p>\n","protected":false},"author":2,"featured_media":30608,"comment_status":"open","ping_status":"open","sticky":false,"template":"","format":"standard","meta":{"footnotes":""},"categories":[6],"tags":[],"class_list":["post-30607","post","type-post","status-publish","format-standard","has-post-thumbnail","hentry","category-internacionales"],"_links":{"self":[{"href":"https:\/\/www.sportchaco.com.ar\/index.php?rest_route=\/wp\/v2\/posts\/30607","targetHints":{"allow":["GET"]}}],"collection":[{"href":"https:\/\/www.sportchaco.com.ar\/index.php?rest_route=\/wp\/v2\/posts"}],"about":[{"href":"https:\/\/www.sportchaco.com.ar\/index.php?rest_route=\/wp\/v2\/types\/post"}],"author":[{"embeddable":true,"href":"https:\/\/www.sportchaco.com.ar\/index.php?rest_route=\/wp\/v2\/users\/2"}],"replies":[{"embeddable":true,"href":"https:\/\/www.sportchaco.com.ar\/index.php?rest_route=%2Fwp%2Fv2%2Fcomments&post=30607"}],"version-history":[{"count":1,"href":"https:\/\/www.sportchaco.com.ar\/index.php?rest_route=\/wp\/v2\/posts\/30607\/revisions"}],"predecessor-version":[{"id":30609,"href":"https:\/\/www.sportchaco.com.ar\/index.php?rest_route=\/wp\/v2\/posts\/30607\/revisions\/30609"}],"wp:featuredmedia":[{"embeddable":true,"href":"https:\/\/www.sportchaco.com.ar\/index.php?rest_route=\/wp\/v2\/media\/30608"}],"wp:attachment":[{"href":"https:\/\/www.sportchaco.com.ar\/index.php?rest_route=%2Fwp%2Fv2%2Fmedia&parent=30607"}],"wp:term":[{"taxonomy":"category","embeddable":true,"href":"https:\/\/www.sportchaco.com.ar\/index.php?rest_route=%2Fwp%2Fv2%2Fcategories&post=30607"},{"taxonomy":"post_tag","embeddable":true,"href":"https:\/\/www.sportchaco.com.ar\/index.php?rest_route=%2Fwp%2Fv2%2Ftags&post=30607"}],"curies":[{"name":"wp","href":"https:\/\/api.w.org\/{rel}","templated":true}]}}