{"id":30620,"date":"2025-12-26T23:49:57","date_gmt":"2025-12-27T02:49:57","guid":{"rendered":"https:\/\/www.sportchaco.com.ar\/?p=30620"},"modified":"2025-12-26T23:50:21","modified_gmt":"2025-12-27T02:50:21","slug":"gran-cierre-del-ano-del-minibasquet-2025-una-verdadera-fiesta-del-basquet-capitalino","status":"publish","type":"post","link":"https:\/\/www.sportchaco.com.ar\/?p=30620","title":{"rendered":"Gran cierre del a\u00f1o del minib\u00e1squet 2025: una verdadera fiesta del b\u00e1squet capitalino"},"content":{"rendered":"<h1 class=\"story-title entry-title\">Gran cierre del a\u00f1o del minib\u00e1squet 2025: una verdadera fiesta del b\u00e1squet capitalino<\/h1>\n<div id=\"right-content\" class=\"relative\">\n<div id=\"content-area\" class=\"left relative\">\n<div id=\"feat-img-reg\" class=\"relative\"><img decoding=\"async\" class=\" lazyloaded\" src=\"https:\/\/baskettotal.com.ar\/wp-content\/uploads\/2025\/12\/12-FOTO-120-1000x455.jpg\" data-src=\"https:\/\/baskettotal.com.ar\/wp-content\/uploads\/2025\/12\/12-FOTO-120-1000x455.jpg\" \/><\/div>\n<div id=\"left-content-mobi\"><\/div>\n<div id=\"tps_slideContainer_29580\" class=\"theiaPostSlider_slides\">\n<p><strong>Gran cierre a pura diversi\u00f3n y con un saldo altamente positivo. \u201cFue un a\u00f1o con mucho b\u00e1squet en distintos escenarios, y eso se debe al gran esfuerzo de las instituciones, las familias y los entrenadores\u201d, destac\u00f3 el presidente Oscar Rivas.<\/strong><\/p>\n<p>&nbsp;<\/p>\n<p>En las magn\u00edficas instalaciones del Club Regatas Resistencia, la Asociaci\u00f3n de B\u00e1squet de Resistencia (ABR) despidi\u00f3 el 2025 con una jornada a pura emoci\u00f3n, color y deporte en las distintas canchas de la ciudad. El evento reuni\u00f3 a m\u00e1s de 1.500 chicos y chicas de las categor\u00edas Mosquito, Escuelita, Pre \u2013 Mini y Mini, pertenecientes a los 14 clubes de la asociaci\u00f3n, en una celebraci\u00f3n que reflej\u00f3 el crecimiento y la uni\u00f3n del minib\u00e1squet de los clubes que nuclea la entidad deportiva capitalina.<\/p>\n<p>El presidente de la ABR, Oscar Rivas, junto al vicepresidente Santiago Acu\u00f1a, encabez\u00f3 la lista de oradores y agradeci\u00f3 a los clubes por el compromiso mostrado durante todo el a\u00f1o. \u201cFue un 2025 con mucho b\u00e1squet en distintos escenarios, y eso se debe al gran esfuerzo de las instituciones, las familias y los entrenadores\u201d, destacaron los dirigentes.<\/p>\n<p><strong>CIERRE INOLVIDABLE<\/strong><\/p>\n<p>Por la ma\u00f1ana, las categor\u00edas Escuelita y Mosquitos protagonizaron m\u00faltiples partidos, mientras que por la tarde fue el turno de Premini y Mini, culminando con un desfile lleno de alegr\u00eda y acompa\u00f1amiento familiar.<\/p>\n<p>El cierre incluy\u00f3 animadores, luces, globos, espuma, pantallas, dron y m\u00fasica, coronando una verdadera fiesta deportiva. El coordinador del minib\u00e1squet de la ABR, Milton Sosa, expres\u00f3: \u201cFue un a\u00f1o genial, donde trabajamos en conjunto con todos los clubes. Participaron todas las instituciones de Resistencia y se sumaron Forever, Tirol y Juventud de Tirol. El cierre fue espectacular, con regalos, medallas y pelotas para los clubes. Vamos por m\u00e1s el a\u00f1o que viene, so\u00f1ando con un torneo Perico Aquino versi\u00f3n Resistencia\u201d.<\/p>\n<p>&nbsp;<\/p>\n<p><strong>LAS VOCES<\/strong><\/p>\n<p>Lucho Mierez (Hind\u00fa Club) celebr\u00f3 el crecimiento deportivo e institucional:<\/p>\n<p>\u201cDimos un salto de calidad. Se trabaj\u00f3 con orden, todos los clubes jugaron entre s\u00ed, y se gener\u00f3 un v\u00ednculo muy sano para los chicos y los entrenadores. Fue un a\u00f1o excelente, con familias y dirigentes empujando juntos\u201d.<\/p>\n<p>Nancy Fern\u00e1ndez (Don Bosco) valor\u00f3 el acompa\u00f1amiento de los padres y el progreso de sus jugadores: \u201cEncontr\u00e9 un grupo hermoso, con chicos que crecieron mucho. A pesar de las dificultades para viajar, disfrutamos cada jornada. Las sonrisas de los chicos en el cierre lo dijeron todo\u201d.<\/p>\n<p>Luca Sin\u00f3poli (CUNE) destac\u00f3 la organizaci\u00f3n y el trabajo conjunto con la ABR:<\/p>\n<p>\u201cFue uno de los mejores cierres de los \u00faltimos a\u00f1os. Se nota la dedicaci\u00f3n de los profes y el apoyo de los padres. M\u00e1s all\u00e1 de formar jugadores, buscamos formar buenas personas\u201d.<\/p>\n<p>C\u00e9sar Puljiz (Villa San Mart\u00edn) remarc\u00f3 el compromiso de las familias: \u201cEl balance es positivo por la cantidad de chicos y actividades. Participamos en torneos provinciales y locales con gran desempe\u00f1o. Agradecemos a las familias por acompa\u00f1ar mientras se constru\u00eda la cancha del club\u201d<\/p>\n<p>Jos\u00e9 C\u00e1ndido (Sarmiento) subray\u00f3 la continuidad y la organizaci\u00f3n de los torneos: \u201cPudimos completar todo el calendario. Hubo debates sobre la competitividad del U11, pero lo importante es que los clubes pudieron jugar y cerrar el a\u00f1o de la mejor manera\u201d.<\/p>\n<p>Jos\u00e9 Valant (Villa Libertad) expres\u00f3 su orgullo por el trabajo conjunto: \u201cFue una despedida que hace mucho no se ve\u00eda. M\u00e1s de 1.500 chicos, 14 clubes, color, brillo y alegr\u00eda. Todo sali\u00f3 hermoso\u201d.<\/p>\n<p>Sergio Abarca (Juventud de Tirol) destac\u00f3 el crecimiento del club y los nuevos desaf\u00edos: \u201cCerramos con casi 90 chicos entre 4 y 12 a\u00f1os. Queremos seguir creciendo, competir en ABR y mejorar nuestras instalaciones. El acompa\u00f1amiento de las familias ser\u00e1 clave\u201d.<\/p>\n<p><strong>CRECIMIENTO Y UNI\u00d3N<\/strong><\/p>\n<p>El cierre del minib\u00e1squet 2025 de la ABR fue mucho m\u00e1s que un evento deportivo: fue una muestra de trabajo colectivo, compromiso familiar y pasi\u00f3n por el b\u00e1squet.<\/p>\n<p>Con clubes fortalecidos, nuevas instituciones incorporadas y cientos de ni\u00f1os disfrutando del deporte, el b\u00e1squet formativo chaque\u00f1o sigue demostrando que su futuro est\u00e1 asegurado.<\/p>\n<p>&nbsp;<\/p>\n<\/div>\n<div class=\"theiaPostSlider_footer _footer\">\n<div id=\"left-content-mobi\">\n<div class=\"author-info-mob-wrap\"><span class=\"vcard author\"><br \/>\n<\/span><\/p>\n<div class=\"post-date-wrap left relative post-date-mob\"><span class=\"post-date\"><time class=\"post-date updated\" datetime=\"2025-12-26\">26 diciembre, 2025<\/time><\/span><\/div>\n<\/div>\n<\/div>\n<div id=\"tps_slideContainer_29580\" class=\"theiaPostSlider_slides\">\n<div>\n<p>(Por Santiago Waissmann\/ Basket Total)<\/p>\n<\/div>\n<\/div>\n<\/div>\n<p>&nbsp;<\/p>\n<div class=\"post-tags post-tags-mobi\"><\/div>\n<\/div>\n<\/div>\n","protected":false},"excerpt":{"rendered":"<p>Gran cierre del a\u00f1o del minib\u00e1squet 2025: una verdadera fiesta del b\u00e1squet capitalino Gran cierre a pura diversi\u00f3n y con un saldo altamente positivo. \u201cFue un a\u00f1o con mucho b\u00e1squet en distintos escenarios, y eso se debe al gran esfuerzo de las instituciones, las familias y los entrenadores\u201d, destac\u00f3 el presidente Oscar Rivas. &nbsp; En &hellip;<\/p>\n","protected":false},"author":2,"featured_media":30621,"comment_status":"open","ping_status":"open","sticky":false,"template":"","format":"standard","meta":{"footnotes":""},"categories":[3],"tags":[],"class_list":["post-30620","post","type-post","status-publish","format-standard","has-post-thumbnail","hentry","category-basquetbol"],"_links":{"self":[{"href":"https:\/\/www.sportchaco.com.ar\/index.php?rest_route=\/wp\/v2\/posts\/30620","targetHints":{"allow":["GET"]}}],"collection":[{"href":"https:\/\/www.sportchaco.com.ar\/index.php?rest_route=\/wp\/v2\/posts"}],"about":[{"href":"https:\/\/www.sportchaco.com.ar\/index.php?rest_route=\/wp\/v2\/types\/post"}],"author":[{"embeddable":true,"href":"https:\/\/www.sportchaco.com.ar\/index.php?rest_route=\/wp\/v2\/users\/2"}],"replies":[{"embeddable":true,"href":"https:\/\/www.sportchaco.com.ar\/index.php?rest_route=%2Fwp%2Fv2%2Fcomments&post=30620"}],"version-history":[{"count":2,"href":"https:\/\/www.sportchaco.com.ar\/index.php?rest_route=\/wp\/v2\/posts\/30620\/revisions"}],"predecessor-version":[{"id":30623,"href":"https:\/\/www.sportchaco.com.ar\/index.php?rest_route=\/wp\/v2\/posts\/30620\/revisions\/30623"}],"wp:featuredmedia":[{"embeddable":true,"href":"https:\/\/www.sportchaco.com.ar\/index.php?rest_route=\/wp\/v2\/media\/30621"}],"wp:attachment":[{"href":"https:\/\/www.sportchaco.com.ar\/index.php?rest_route=%2Fwp%2Fv2%2Fmedia&parent=30620"}],"wp:term":[{"taxonomy":"category","embeddable":true,"href":"https:\/\/www.sportchaco.com.ar\/index.php?rest_route=%2Fwp%2Fv2%2Fcategories&post=30620"},{"taxonomy":"post_tag","embeddable":true,"href":"https:\/\/www.sportchaco.com.ar\/index.php?rest_route=%2Fwp%2Fv2%2Ftags&post=30620"}],"curies":[{"name":"wp","href":"https:\/\/api.w.org\/{rel}","templated":true}]}}