{"id":30653,"date":"2025-12-28T11:30:51","date_gmt":"2025-12-28T14:30:51","guid":{"rendered":"https:\/\/www.sportchaco.com.ar\/?p=30653"},"modified":"2025-12-28T11:44:50","modified_gmt":"2025-12-28T14:44:50","slug":"la-gala-del-deporte-este-martes-30-en-saenz-pena","status":"publish","type":"post","link":"https:\/\/www.sportchaco.com.ar\/?p=30653","title":{"rendered":"La \u00abGala del Deporte\u00bb este martes 30 en S\u00e1enz Pe\u00f1a"},"content":{"rendered":"<header class=\"entry-header clearfix\">\n<h1 class=\"entry-title\"><\/h1>\n<\/header>\n<div class=\"entry-thumbnail\"><\/div>\n<div class=\"entry-content clearfix\">\n<p>Con una ceremonia de premiaci\u00f3n a deportistas, figuras de otros tiempos, dirigentes e instituciones, el pr\u00f3ximo martes 30 de diciembre se realizar\u00e1 la 8\u00aa edici\u00f3n de la \u201cGala del Deporte \u2013 S\u00e1enz Pe\u00f1a 2025\u201d. Ser\u00e1 en el Centro Cultural Municipal a partir de las 21, bajo la organizaci\u00f3n de la Fundaci\u00f3n Eco Deportivo y el auspicio del municipio.<\/p>\n<p>Como es habitual, y tal como se viene realizando de manera ininterrumpida desde 2018, la gala reunir\u00e1 a quienes han tenido una excelente temporada en su respectiva disciplina deportiva. Se entregar\u00e1n unos 70 premios elaborados artesanalmente por docentes y alumnos del Colegio Polit\u00e9cnico \u201cJuan XXIII\u201d.<\/p>\n<p>&nbsp;<\/p>\n<p>Ser\u00e1n merecedores de los reconocimientos tanto \u201cdestacados\u201d como \u201crevelaciones\u201d, a quienes se sumar\u00e1n menciones especiales y distinciones a la trayectoria, personalidades y dirigentes, en un acto que ser\u00e1 libre y gratuito para el p\u00fablico. Entre los destacados, se elegir\u00e1 el \u201cDeportista del A\u00f1o\u201d.<\/p>\n<div id=\"attachment_53127\" class=\"wp-caption alignnone\">\n<p><a href=\"https:\/\/www.ecodeportivo.com.ar\/img\/2025\/12\/gala-anuncio.jpg\"><img loading=\"lazy\" decoding=\"async\" class=\"wp-image-53127 size-full\" src=\"https:\/\/www.ecodeportivo.com.ar\/img\/2025\/12\/gala-anuncio.jpg\" sizes=\"auto, (max-width: 1260px) 100vw, 1260px\" srcset=\"https:\/\/www.ecodeportivo.com.ar\/img\/2025\/12\/gala-anuncio.jpg 1260w, https:\/\/www.ecodeportivo.com.ar\/img\/2025\/12\/gala-anuncio-300x180.jpg 300w, https:\/\/www.ecodeportivo.com.ar\/img\/2025\/12\/gala-anuncio-1024x614.jpg 1024w, https:\/\/www.ecodeportivo.com.ar\/img\/2025\/12\/gala-anuncio-768x461.jpg 768w\" alt=\"\" width=\"1260\" height=\"756\" aria-describedby=\"caption-attachment-53127\" \/><\/a><\/p>\n<p id=\"caption-attachment-53127\" class=\"wp-caption-text\">Avanza la organizaci\u00f3n de una nueva edici\u00f3n de la Gala del Deporte<\/p>\n<\/div>\n<p>El secretario de Desarrollo Humano y Deportes de la comuna, Germ\u00e1n Rearte, valor\u00f3 la continuidad de la Gala del Deporte e inst\u00f3 a seguir por esta senda para potenciar a los deportistas de la ciudad; y destac\u00f3 la gran cantidad de representantes que tiene S\u00e1enz Pe\u00f1a en la amplia gama de deportes.<\/p>\n<p>Por su parte el intendente Bruno Cipolini remarc\u00f3 la consolidaci\u00f3n de este evento y el empuje de la Fundaci\u00f3n Eco Deportivo para que \u201cesta Gala no se pierda, es una fiesta recuperada para una S\u00e1enz Pe\u00f1a con mucha historia. Un chico, un joven que se forma en el deporte, se est\u00e1 formando de manera integral, en costumbres y en valores\u201d, dijo.<\/p>\n<p>La ceremonia de premiaci\u00f3n se realizar\u00e1 el martes 30 de diciembre desde las 20,30 horas, y ser\u00e1 emitido en vivo mediante la Fan Page y Youtube de \u201cEco Deportivo\u201d. Desde la entidad organizadora agradecieron el acompa\u00f1amiento del municipio y de la Polit\u00e9cnica, cuyo director Daniel P\u00edccoli se puso a disposici\u00f3n desde un primer momento.<\/p>\n<p><img loading=\"lazy\" decoding=\"async\" class=\"attachment-content-single size-content-single wp-post-image\" src=\"https:\/\/www.ecodeportivo.com.ar\/img\/2025\/12\/gala-anuncio3-777x437.jpg\" sizes=\"auto, (max-width: 777px) 100vw, 777px\" srcset=\"https:\/\/www.ecodeportivo.com.ar\/img\/2025\/12\/gala-anuncio3-777x437.jpg 777w, https:\/\/www.ecodeportivo.com.ar\/img\/2025\/12\/gala-anuncio3-180x101.jpg 180w, https:\/\/www.ecodeportivo.com.ar\/img\/2025\/12\/gala-anuncio3-260x146.jpg 260w, https:\/\/www.ecodeportivo.com.ar\/img\/2025\/12\/gala-anuncio3-373x210.jpg 373w, https:\/\/www.ecodeportivo.com.ar\/img\/2025\/12\/gala-anuncio3-120x67.jpg 120w\" alt=\"\" width=\"777\" height=\"437\" \/><\/p>\n<\/div>\n","protected":false},"excerpt":{"rendered":"<p>Con una ceremonia de premiaci\u00f3n a deportistas, figuras de otros tiempos, dirigentes e instituciones, el pr\u00f3ximo martes 30 de diciembre se realizar\u00e1 la 8\u00aa edici\u00f3n de la \u201cGala del Deporte \u2013 S\u00e1enz Pe\u00f1a 2025\u201d. Ser\u00e1 en el Centro Cultural Municipal a partir de las 21, bajo la organizaci\u00f3n de la Fundaci\u00f3n Eco Deportivo y el &hellip;<\/p>\n","protected":false},"author":2,"featured_media":30654,"comment_status":"open","ping_status":"open","sticky":false,"template":"","format":"standard","meta":{"footnotes":""},"categories":[44],"tags":[],"class_list":["post-30653","post","type-post","status-publish","format-standard","has-post-thumbnail","hentry","category-varios"],"_links":{"self":[{"href":"https:\/\/www.sportchaco.com.ar\/index.php?rest_route=\/wp\/v2\/posts\/30653","targetHints":{"allow":["GET"]}}],"collection":[{"href":"https:\/\/www.sportchaco.com.ar\/index.php?rest_route=\/wp\/v2\/posts"}],"about":[{"href":"https:\/\/www.sportchaco.com.ar\/index.php?rest_route=\/wp\/v2\/types\/post"}],"author":[{"embeddable":true,"href":"https:\/\/www.sportchaco.com.ar\/index.php?rest_route=\/wp\/v2\/users\/2"}],"replies":[{"embeddable":true,"href":"https:\/\/www.sportchaco.com.ar\/index.php?rest_route=%2Fwp%2Fv2%2Fcomments&post=30653"}],"version-history":[{"count":4,"href":"https:\/\/www.sportchaco.com.ar\/index.php?rest_route=\/wp\/v2\/posts\/30653\/revisions"}],"predecessor-version":[{"id":30658,"href":"https:\/\/www.sportchaco.com.ar\/index.php?rest_route=\/wp\/v2\/posts\/30653\/revisions\/30658"}],"wp:featuredmedia":[{"embeddable":true,"href":"https:\/\/www.sportchaco.com.ar\/index.php?rest_route=\/wp\/v2\/media\/30654"}],"wp:attachment":[{"href":"https:\/\/www.sportchaco.com.ar\/index.php?rest_route=%2Fwp%2Fv2%2Fmedia&parent=30653"}],"wp:term":[{"taxonomy":"category","embeddable":true,"href":"https:\/\/www.sportchaco.com.ar\/index.php?rest_route=%2Fwp%2Fv2%2Fcategories&post=30653"},{"taxonomy":"post_tag","embeddable":true,"href":"https:\/\/www.sportchaco.com.ar\/index.php?rest_route=%2Fwp%2Fv2%2Ftags&post=30653"}],"curies":[{"name":"wp","href":"https:\/\/api.w.org\/{rel}","templated":true}]}}