{"id":30659,"date":"2025-12-28T11:55:40","date_gmt":"2025-12-28T14:55:40","guid":{"rendered":"https:\/\/www.sportchaco.com.ar\/?p=30659"},"modified":"2025-12-28T11:55:40","modified_gmt":"2025-12-28T14:55:40","slug":"eduardo-maglioni-tambien-es-historia-del-chaco","status":"publish","type":"post","link":"https:\/\/www.sportchaco.com.ar\/?p=30659","title":{"rendered":"Eduardo Maglioni, tambi\u00e9n es historia del Chaco"},"content":{"rendered":"<h5><strong>Hoy y para las nuevas generaciones, recordambos a una figura del deporte chaque\u00f1o, santafesino, nacional e Internacional como Eduardo Andr\u00e9s Maglioni, en una visita a Diario Norte. Lleg\u00f3 un d\u00eda de Reconquista y r\u00e1pidamente mostr\u00f3 sus dots goleadores. Fue figura de la Liga Chaque\u00f1a en el t\u00edtulo nacional de 1968, luego pas\u00f3 a Independiente.<\/strong><\/h5>\n<p>&nbsp;<\/p>\n<p><strong><img loading=\"lazy\" decoding=\"async\" class=\"alignnone  wp-image-30241\" src=\"https:\/\/www.sportchaco.com.ar\/wp-content\/uploads\/2025\/12\/Luis-carita-1-287x300.jpg\" alt=\"\" width=\"68\" height=\"71\" srcset=\"https:\/\/www.sportchaco.com.ar\/wp-content\/uploads\/2025\/12\/Luis-carita-1-287x300.jpg 287w, https:\/\/www.sportchaco.com.ar\/wp-content\/uploads\/2025\/12\/Luis-carita-1.jpg 430w\" sizes=\"auto, (max-width: 68px) 100vw, 68px\" \/>\u00a0POR LUIS DARIO MOLODEZKY<\/strong><\/p>\n<p><strong>NORTE \u2013 P\u00e1gina 10<\/strong><br \/>\n<strong>Resistencia, lunes 26 de septiembre de 1977<\/strong><\/p>\n<p><strong>MAGLIONI: PEDAZO DE HISTORIA DEL F\u00daTBOL GRANDE DEL CHACO<\/strong><\/p>\n<p>Una tarde cualquiera, hace casi una d\u00e9cada, los corrillos futbol\u00edsticos chaque\u00f1os comentaban entre expectantes y ansiosos el debut de un pibe, venido de Reconquista y con buenos antecedentes como goleador. Sarmiento, que por aquel entonces buscaba armar su equipo para un probable ingreso al Nacional, incorporaba a un jugador. Una efervescencia inusual reinaba en la cancha. Los detractores de siempre marcaban su escepticismo con frases lapidarias: \u201ces muy chico\u201d, \u201cno tiene pinta de goleador\u201d, \u201cdif\u00edcilmente sea la soluci\u00f3n para el decano\u201d.<\/p>\n<p>En medio de ese clima debut\u00f3 el santafesino Eduardo Maglioni, cuatro o cinco fechas m\u00e1s tarde, ya era \u00eddolo de la hinchada aurirroja. Su olfato en el \u00e1rea, su despliegue f\u00edsico y principalmente su entrega sin retaceos hicieron que ese \u201cpibe flaco y menudo\u201d torciera los pesimistas c\u00e1lculos previos.<\/p>\n<p>Despu\u00e9s vino el Campeonato Argentino, donde result\u00f3 goleador y el ingreso al f\u00fatbol grande por la puerta del viejo y glorioso Independiente. Y as\u00ed marcaron su historia otros tantos goles gritados con alma y coraz\u00f3n; los cl\u00e1sicos ante Racing, los enfrentamientos con Boca, River y San Lorenzo, y el roce permanente con figuras del f\u00fatbol nacional.<\/p>\n<p>La charla con Maglioni resulta f\u00e1cil y amena. Cuenta las cosas y hace sencillas an\u00e9cdotas con hechos importantes. No lo mare\u00f3 el \u00e9xito. Con la misma simplicidad con que alguna vez visti\u00f3 su primera camiseta, est\u00e1 ahora, con la fachada producto de una larga trayectoria.<\/p>\n<p>Maglioni, presente en 1977, dice su verdad. Maglioni es a quien se debe su visita a nuestra capital. En primer lugar visitar a tres amigos. Pero el motivo principal es estar junto a nosotros. Su apret\u00f3n de manos habla de promesas de pronto reencuentro, el transcurso de las semanas lo dir\u00e1.<\/p>\n<p>Tambi\u00e9n fue ganador. Pero el tiempo, bar\u00f3metro implacable que no sabe de concesiones, comenz\u00f3 a minar su resistencia y pudo m\u00e1s la nostalgia que la tentaci\u00f3n del dinero y volvi\u00f3 a Buenos Aires. Y vuelve al Chaco. A recordar cosas. Tal vez a pisar la cancha del \u201cquerido Sarmiento\u201d, como \u00e9l mismo lo define, y revivir en su memoria una corrida hacia las \u00e1reas rivales con el grito de gol reventando su garganta.<\/p>\n<p><img loading=\"lazy\" decoding=\"async\" class=\"alignnone size-medium wp-image-30660 aligncenter\" src=\"https:\/\/www.sportchaco.com.ar\/wp-content\/uploads\/2025\/12\/WhatsApp-Image-2025-12-28-at-09.40.15-300x225.jpeg\" alt=\"\" width=\"300\" height=\"225\" srcset=\"https:\/\/www.sportchaco.com.ar\/wp-content\/uploads\/2025\/12\/WhatsApp-Image-2025-12-28-at-09.40.15-300x225.jpeg 300w, https:\/\/www.sportchaco.com.ar\/wp-content\/uploads\/2025\/12\/WhatsApp-Image-2025-12-28-at-09.40.15-1024x768.jpeg 1024w, https:\/\/www.sportchaco.com.ar\/wp-content\/uploads\/2025\/12\/WhatsApp-Image-2025-12-28-at-09.40.15-768x576.jpeg 768w, https:\/\/www.sportchaco.com.ar\/wp-content\/uploads\/2025\/12\/WhatsApp-Image-2025-12-28-at-09.40.15-1536x1153.jpeg 1536w, https:\/\/www.sportchaco.com.ar\/wp-content\/uploads\/2025\/12\/WhatsApp-Image-2025-12-28-at-09.40.15.jpeg 1599w\" sizes=\"auto, (max-width: 300px) 100vw, 300px\" \/><\/p>\n<p><strong>\u2014\u00bfCu\u00e1ntos a\u00f1os estuvo alejado del f\u00fatbol argentino?<\/strong><br \/>\n\u2014Durante seis a\u00f1os, ese lapso jugu\u00e9 en Colombia.<\/p>\n<p><strong>\u2014\u00bfQu\u00e9 estilo practica el f\u00fatbol colombiano?<\/strong><br \/>\n\u2014Es un estilo sin tecnicismos. El jugador debe correr durante los noventa minutos. Un juego muy aguerrido.<\/p>\n<p><img loading=\"lazy\" decoding=\"async\" class=\"size-medium wp-image-30661 aligncenter\" src=\"https:\/\/www.sportchaco.com.ar\/wp-content\/uploads\/2025\/12\/Maglioni-vera-bender-molodezky-recorte-300x278.jpg\" alt=\"\" width=\"300\" height=\"278\" \/><br \/>\n\u2014Ese fue siempre mi deseo. Priorizar mi carrera en el equipo que me dio la oportunidad de jugar en el f\u00fatbol grande. Pero actualmente mis condiciones no me permiten, porque al aceptar volver a jugar con Sarmiento me obligar\u00eda a dejar otras cosas que son sumamente importantes.<\/p>\n<p>La urgencia de una redacci\u00f3n con plumas de alto vuelo obliga a abreviar. Despu\u00e9s, apoyado c\u00e1lidamente en su palabra y su sonrisa, acepta nuestra compa\u00f1\u00eda hasta la calle. Eduardo Maglioni es santafesino. Su paso por el Chaco fue una fuga. Pero su simpat\u00eda, su cari\u00f1o hacia todo lo nuestro, lo acerca casi a ser resistenciano.<\/p>\n<p>Nos veremos Eduardo, y entonces tal vez con un caf\u00e9 de por medio volvamos a revivir aquellas tardes de gloria de Sarmiento o de Independiente de Avellaneda.<\/p>\n<p><img loading=\"lazy\" decoding=\"async\" class=\"alignnone size-medium wp-image-30662 aligncenter\" src=\"https:\/\/www.sportchaco.com.ar\/wp-content\/uploads\/2025\/12\/Maglioni-3-goles-300x167.jpg\" alt=\"\" width=\"300\" height=\"167\" srcset=\"https:\/\/www.sportchaco.com.ar\/wp-content\/uploads\/2025\/12\/Maglioni-3-goles-300x167.jpg 300w, https:\/\/www.sportchaco.com.ar\/wp-content\/uploads\/2025\/12\/Maglioni-3-goles.jpg 600w\" sizes=\"auto, (max-width: 300px) 100vw, 300px\" \/><\/p>\n<p>&nbsp;<\/p>\n<p><img loading=\"lazy\" decoding=\"async\" class=\"alignnone  wp-image-30241\" src=\"https:\/\/www.sportchaco.com.ar\/wp-content\/uploads\/2025\/12\/Luis-carita-1-287x300.jpg\" alt=\"\" width=\"82\" height=\"86\" srcset=\"https:\/\/www.sportchaco.com.ar\/wp-content\/uploads\/2025\/12\/Luis-carita-1-287x300.jpg 287w, https:\/\/www.sportchaco.com.ar\/wp-content\/uploads\/2025\/12\/Luis-carita-1.jpg 430w\" sizes=\"auto, (max-width: 82px) 100vw, 82px\" \/>POR\u00a0 LUIS DARIO MOLDOEZKY<\/p>\n","protected":false},"excerpt":{"rendered":"<p>Hoy y para las nuevas generaciones, recordambos a una figura del deporte chaque\u00f1o, santafesino, nacional e Internacional como Eduardo Andr\u00e9s Maglioni, en una visita a Diario Norte. Lleg\u00f3 un d\u00eda de Reconquista y r\u00e1pidamente mostr\u00f3 sus dots goleadores. Fue figura de la Liga Chaque\u00f1a en el t\u00edtulo nacional de 1968, luego pas\u00f3 a Independiente. &nbsp; &hellip;<\/p>\n","protected":false},"author":2,"featured_media":30661,"comment_status":"open","ping_status":"open","sticky":false,"template":"","format":"standard","meta":{"footnotes":""},"categories":[1,78],"tags":[],"class_list":["post-30659","post","type-post","status-publish","format-standard","has-post-thumbnail","hentry","category-fotos-del-recuerdo","category-historias"],"_links":{"self":[{"href":"https:\/\/www.sportchaco.com.ar\/index.php?rest_route=\/wp\/v2\/posts\/30659","targetHints":{"allow":["GET"]}}],"collection":[{"href":"https:\/\/www.sportchaco.com.ar\/index.php?rest_route=\/wp\/v2\/posts"}],"about":[{"href":"https:\/\/www.sportchaco.com.ar\/index.php?rest_route=\/wp\/v2\/types\/post"}],"author":[{"embeddable":true,"href":"https:\/\/www.sportchaco.com.ar\/index.php?rest_route=\/wp\/v2\/users\/2"}],"replies":[{"embeddable":true,"href":"https:\/\/www.sportchaco.com.ar\/index.php?rest_route=%2Fwp%2Fv2%2Fcomments&post=30659"}],"version-history":[{"count":1,"href":"https:\/\/www.sportchaco.com.ar\/index.php?rest_route=\/wp\/v2\/posts\/30659\/revisions"}],"predecessor-version":[{"id":30663,"href":"https:\/\/www.sportchaco.com.ar\/index.php?rest_route=\/wp\/v2\/posts\/30659\/revisions\/30663"}],"wp:featuredmedia":[{"embeddable":true,"href":"https:\/\/www.sportchaco.com.ar\/index.php?rest_route=\/wp\/v2\/media\/30661"}],"wp:attachment":[{"href":"https:\/\/www.sportchaco.com.ar\/index.php?rest_route=%2Fwp%2Fv2%2Fmedia&parent=30659"}],"wp:term":[{"taxonomy":"category","embeddable":true,"href":"https:\/\/www.sportchaco.com.ar\/index.php?rest_route=%2Fwp%2Fv2%2Fcategories&post=30659"},{"taxonomy":"post_tag","embeddable":true,"href":"https:\/\/www.sportchaco.com.ar\/index.php?rest_route=%2Fwp%2Fv2%2Ftags&post=30659"}],"curies":[{"name":"wp","href":"https:\/\/api.w.org\/{rel}","templated":true}]}}