{"id":30684,"date":"2025-12-29T23:24:15","date_gmt":"2025-12-30T02:24:15","guid":{"rendered":"https:\/\/www.sportchaco.com.ar\/?p=30684"},"modified":"2025-12-29T23:25:01","modified_gmt":"2025-12-30T02:25:01","slug":"efemerides-del-30-de-diciembre-3","status":"publish","type":"post","link":"https:\/\/www.sportchaco.com.ar\/?p=30684","title":{"rendered":"Efem\u00e9rides del 30 de diciembre"},"content":{"rendered":"<div class=\"container fullwidth-entry-title-wrapper\">\n<div class=\"container-wrapper fullwidth-entry-title\">\n<header class=\"entry-header-outer\">\n<div class=\"entry-header\"><\/div>\n<\/header>\n<\/div>\n<\/div>\n<div id=\"content\" class=\"site-content container\">\n<div id=\"main-content-row\" class=\"tie-row main-content-row\">\n<div class=\"main-content tie-col-md-8 tie-col-xs-12\" role=\"main\">\n<article id=\"the-post\" class=\"container-wrapper post-content tie-standard\">\n<div class=\"entry-content entry clearfix\">\n<div class=\"container fullwidth-entry-title-wrapper\">\n<div class=\"container-wrapper fullwidth-entry-title\">\n<header class=\"entry-header-outer\">\n<div class=\"entry-header\">\n<h1 class=\"post-title entry-title\"><\/h1>\n<h5 class=\"single-post-meta post-meta clearfix\"><\/h5>\n<\/div>\n<\/header>\n<\/div>\n<\/div>\n<div id=\"content\" class=\"site-content container\">\n<div id=\"main-content-row\" class=\"tie-row main-content-row\">\n<div class=\"main-content tie-col-md-8 tie-col-xs-12\" role=\"main\">\n<article id=\"the-post\" class=\"container-wrapper post-content tie-standard\">\n<div class=\"featured-area-inner\"><\/div>\n<div class=\"entry-content entry clearfix\">\n<h5><strong>Esta es la Efem\u00e9rides del Deporte en el Chaco de un 30 diciembre del periodista Luis Dar\u00edo Molodezky. Foto portada Roque Jerez.<\/strong><\/h5>\n<p>&nbsp;<\/p>\n<\/div>\n<\/article>\n<\/div>\n<p style=\"text-align: center;\"><img loading=\"lazy\" decoding=\"async\" class=\"alignnone size-medium wp-image-30665\" src=\"https:\/\/www.sportchaco.com.ar\/wp-content\/uploads\/2025\/12\/Luis-ago-25-1-300x208.jpg\" alt=\"\" width=\"300\" height=\"208\" srcset=\"https:\/\/www.sportchaco.com.ar\/wp-content\/uploads\/2025\/12\/Luis-ago-25-1-300x208.jpg 300w, https:\/\/www.sportchaco.com.ar\/wp-content\/uploads\/2025\/12\/Luis-ago-25-1-1024x710.jpg 1024w, https:\/\/www.sportchaco.com.ar\/wp-content\/uploads\/2025\/12\/Luis-ago-25-1-768x532.jpg 768w, https:\/\/www.sportchaco.com.ar\/wp-content\/uploads\/2025\/12\/Luis-ago-25-1-1536x1065.jpg 1536w, https:\/\/www.sportchaco.com.ar\/wp-content\/uploads\/2025\/12\/Luis-ago-25-1.jpg 1600w\" sizes=\"auto, (max-width: 300px) 100vw, 300px\" \/><\/p>\n<p>&nbsp;<\/p>\n<div class=\"main-content tie-col-md-8 tie-col-xs-12\" role=\"main\">\n<article id=\"the-post\" class=\"container-wrapper post-content tie-standard\">\n<div class=\"entry-content entry clearfix\">\n<p><strong>2006\u00a0<\/strong>\/ General Belgrano se consagra campe\u00f3n de la Liga Saenzpe\u00f1ense de F\u00fatbol al vencer 5 a 4 por penales a Sportivo Cultural, tras empatar en dos goles en el tiempo reglamentario. El equipo en la final form\u00f3 as\u00ed: Ricardo Aguilar; Marcelo Vega (Jorge Br\u00edtez), Ramiro Luque, Walter Riani y Fabi\u00e1n G\u00f3mez; Rafael Godoy (David G\u00f3mez), Daniel Saravia, Neri G\u00f3mez y Leonardo Lahorca; Miguel Coronel y Hugo Blanco. D.T. \/ Carlos Vega.<\/p>\n<p><strong>2019 \/<\/strong>\u00a0Fallece Ra\u00fal Roque Jerez, hombre de radio como movilero y relator de f\u00fatbol, que lo tuvo como protagonista en innumerables transmisiones radiales en la provincia y fuera de ella. Hab\u00eda nacido un 14 de febrero de 1955.<\/p>\n<p><strong>2021 \/<\/strong>\u00a0Fallece Carlos \u201cTaqui\u201d S\u00e1nchez, gran jugador de b\u00e1squetbol y talentoso dibujante, a los 72 a\u00f1os. Se inici\u00f3 en Don Bosco formando un famoso tr\u00edo con Rolando Toledo y Gustavo Palacios. Traviesos como pocos, alguna vez fueron expulsados del club, para recalar en Chaco For Ever en su anterior etapa basquetbol\u00edstica. Estudio dibujo en Buenos Aires mientras trabajaba en la empresa chaque\u00f1a de transporte Rodar. Entre 1992 y2022 hizo su trabajo art\u00edstico en ABC de Paraguay en ABC Color, Noticias, Popular y El D\u00eda. Su especialidad las caricaturas e ilustraci\u00f3n de libros. Incursion\u00f3 en el periodismo deportivo con \u201cEl Deportivo\u201d junto a su amigo Palacios. En radio se destac\u00f3 en \u201cLa noche de los grandes\u201d, junto a Roli P\u00e9rez Beveraggi en Radio Isla del Cerrito. Hab\u00eda nacido el 10 de mayo de 1949 en Resistencia<\/p>\n<p><img loading=\"lazy\" decoding=\"async\" class=\"size-medium wp-image-4095 aligncenter\" src=\"https:\/\/www.sportchaco.com.ar\/wp-content\/uploads\/2023\/12\/Taqui-sanchez-con-Roli-beveraggi-300x169.jpg\" sizes=\"auto, (max-width: 300px) 100vw, 300px\" srcset=\"https:\/\/www.sportchaco.com.ar\/wp-content\/uploads\/2023\/12\/Taqui-sanchez-con-Roli-beveraggi-300x169.jpg 300w, https:\/\/www.sportchaco.com.ar\/wp-content\/uploads\/2023\/12\/Taqui-sanchez-con-Roli-beveraggi-390x220.jpg 390w, https:\/\/www.sportchaco.com.ar\/wp-content\/uploads\/2023\/12\/Taqui-sanchez-con-Roli-beveraggi.jpg 600w\" alt=\"\" width=\"300\" height=\"169\" \/><\/p>\n<p style=\"text-align: center;\"><em><strong>Taqui S\u00e1nchez con Roly P\u00e9rez<\/strong><\/em><\/p>\n<\/div>\n<p>&nbsp;<\/p>\n<div class=\"entry-content entry clearfix\">\n<div class=\"otQkpb\" role=\"heading\" aria-level=\"3\" data-animation-nesting=\"\" data-sfc-cp=\"\" data-processed=\"true\" data-sae=\"\" data-complete=\"true\">\u00c1mbito Internacional<button class=\"rBl3me\" tabindex=\"0\" data-amic=\"true\" data-icl-uuid=\"aede4a34-58f6-4be3-80ee-4d292ca48b8e\" aria-label=\"Ver v\u00ednculos relacionados\" data-wiz-attrbind=\"disabled=ApLFvd_i\/C5gNJc;class=ApLFvd_i\/UpSNec;\" data-ved=\"2ahUKEwjghPCP9-KRAxWwr5UCHba2HMkQye0OegQIAxAA\"><\/button><\/div>\n<ul class=\"KsbFXc U6u95\" data-complete=\"true\" data-processed=\"true\">\n<li data-hveid=\"CAQQAA\" data-complete=\"true\" data-sae=\"\"><span class=\"T286Pc\" data-sfc-cp=\"\" data-complete=\"true\"><strong class=\"Yjhzub\" data-complete=\"true\">Nacimiento de Tiger Woods (1975):<\/strong>\u00a0Nace en California el golfista estadounidense, ganador de 15\u00a0<em class=\"eujQNb\" data-complete=\"true\">majors<\/em>\u00a0y considerado uno de los mejores deportistas de la historia.<\/span><\/li>\n<li data-hveid=\"CAQQAQ\" data-complete=\"true\" data-sae=\"\"><span class=\"T286Pc\" data-sfc-cp=\"\" data-complete=\"true\"><strong class=\"Yjhzub\" data-complete=\"true\">Nacimiento de LeBron James (1984):<\/strong>\u00a0Nace en Ohio el basquetbolista estadounidense, m\u00e1ximo anotador hist\u00f3rico de la NBA y ganador de m\u00faltiples anillos de campeonato.<\/span><\/li>\n<li data-hveid=\"CAQQAg\" data-complete=\"true\" data-sae=\"\"><span class=\"T286Pc\" data-sfc-cp=\"\" data-complete=\"true\"><strong class=\"Yjhzub\" data-complete=\"true\">Nacimiento de Gordon Banks (1937):<\/strong>\u00a0Nace el legendario portero ingl\u00e9s, campe\u00f3n del mundo en 1966 y autor de la \u00abparada del siglo\u00bb ante Pel\u00e9.<\/span><\/li>\n<li data-hveid=\"CAQQAw\" data-complete=\"true\" data-sae=\"\"><span class=\"T286Pc\" data-sfc-cp=\"\" data-complete=\"true\"><strong class=\"Yjhzub\" data-complete=\"true\">Nacimiento de Berti Vogts (1946):<\/strong>\u00a0Nace el ex futbolista y entrenador alem\u00e1n, campe\u00f3n mundial como jugador en 1974 y de la Eurocopa como t\u00e9cnico en 1996.<\/span><span class=\"uJ19be notranslate\" data-wiz-uids=\"ApLFvd_z,ApLFvd_10,ApLFvd_11\" data-complete=\"true\"><span class=\"vKEkVd\" data-animation-atomic=\"\" data-wiz-attrbind=\"class=ApLFvd_z\/TKHnVd;\" data-sae=\"\">\u00a0<button class=\"rBl3me\" tabindex=\"0\" data-amic=\"true\" data-icl-uuid=\"cabddd26-4ba6-43bb-a1fc-3e835323529a\" aria-label=\"Ver v\u00ednculos relacionados\" data-wiz-attrbind=\"disabled=ApLFvd_z\/C5gNJc;class=ApLFvd_z\/UpSNec;\" data-ved=\"2ahUKEwjghPCP9-KRAxWwr5UCHba2HMkQye0OegQIBBAE\"><\/button><\/span><\/span><\/li>\n<\/ul>\n<div class=\"Fsg96\" data-sfc-cp=\"\" data-complete=\"true\" data-processed=\"true\"><\/div>\n<div class=\"otQkpb\" role=\"heading\" aria-level=\"3\" data-animation-nesting=\"\" data-sfc-cp=\"\" data-processed=\"true\" data-sae=\"\" data-complete=\"true\">\u00c1mbito Nacional (Argentina)<button class=\"rBl3me\" tabindex=\"0\" data-amic=\"true\" data-icl-uuid=\"b863b527-12a6-4c77-aa2a-a596863963c0\" aria-label=\"Ver v\u00ednculos relacionados\" data-wiz-attrbind=\"disabled=ApLFvd_17\/C5gNJc;class=ApLFvd_17\/UpSNec;\" data-ved=\"2ahUKEwjghPCP9-KRAxWwr5UCHba2HMkQye0OegQIBRAA\"><\/button><\/div>\n<ul class=\"KsbFXc U6u95\" data-processed=\"true\" data-complete=\"true\">\n<li data-hveid=\"CAYQAA\" data-sae=\"\" data-complete=\"true\"><span class=\"T286Pc\" data-sfc-cp=\"\" data-complete=\"true\"><strong class=\"Yjhzub\" data-complete=\"true\">Nacimiento de la Liga Nacional de B\u00e1squet (1984):<\/strong>\u00a0Se considera esta fecha como el punto de partida institucional de la\u00a0<strong class=\"Yjhzub\" data-complete=\"true\">LNB<\/strong>, impulsada por Le\u00f3n Najnudel para profesionalizar y federalizar el b\u00e1squet argentino.<\/span><\/li>\n<li data-hveid=\"CAYQAQ\" data-complete=\"true\" data-processed=\"true\" data-sae=\"\"><span class=\"T286Pc\" data-sfc-cp=\"\" data-complete=\"true\"><strong class=\"Yjhzub\" data-complete=\"true\">San Lorenzo Campe\u00f3n (1923):<\/strong>\u00a0El club de Boedo obtiene su primera estrella en la era profesional\/amateur al consagrarse campe\u00f3n de la Primera Divisi\u00f3n.<\/span><\/li>\n<li data-hveid=\"CAYQAg\" data-complete=\"true\" data-processed=\"true\" data-sae=\"\"><span class=\"T286Pc\" data-sfc-cp=\"\" data-complete=\"true\"><strong class=\"Yjhzub\" data-complete=\"true\">Actividad inusual (2020):<\/strong>\u00a0Debido al calendario ajustado por la pandemia, este d\u00eda se disputaron partidos de\u00a0Copa Argentina\u00a0y categor\u00edas del ascenso, algo poco frecuente para las v\u00edsperas de A\u00f1o Nuevo en el pa\u00eds.<\/span><span class=\"uJ19be notranslate\" data-wiz-uids=\"ApLFvd_1m,ApLFvd_1n,ApLFvd_1o\" data-complete=\"true\"><span class=\"vKEkVd\" data-animation-atomic=\"\" data-wiz-attrbind=\"class=ApLFvd_1m\/TKHnVd;\" data-sae=\"\">\u00a0<\/span><\/span><\/li>\n<\/ul>\n<\/div>\n<\/article>\n<\/div>\n<\/div>\n<\/div>\n<\/div>\n<\/article>\n<\/div>\n<\/div>\n<\/div>\n","protected":false},"excerpt":{"rendered":"<p>Esta es la Efem\u00e9rides del Deporte en el Chaco de un 30 diciembre del periodista Luis Dar\u00edo Molodezky. Foto portada Roque Jerez. &nbsp; &nbsp; 2006\u00a0\/ General Belgrano se consagra campe\u00f3n de la Liga Saenzpe\u00f1ense de F\u00fatbol al vencer 5 a 4 por penales a Sportivo Cultural, tras empatar en dos goles en el tiempo reglamentario. &hellip;<\/p>\n","protected":false},"author":2,"featured_media":30685,"comment_status":"open","ping_status":"open","sticky":false,"template":"","format":"standard","meta":{"footnotes":""},"categories":[42,45],"tags":[],"class_list":["post-30684","post","type-post","status-publish","format-standard","has-post-thumbnail","hentry","category-diciembre","category-efemerides-dia-por-dia"],"_links":{"self":[{"href":"https:\/\/www.sportchaco.com.ar\/index.php?rest_route=\/wp\/v2\/posts\/30684","targetHints":{"allow":["GET"]}}],"collection":[{"href":"https:\/\/www.sportchaco.com.ar\/index.php?rest_route=\/wp\/v2\/posts"}],"about":[{"href":"https:\/\/www.sportchaco.com.ar\/index.php?rest_route=\/wp\/v2\/types\/post"}],"author":[{"embeddable":true,"href":"https:\/\/www.sportchaco.com.ar\/index.php?rest_route=\/wp\/v2\/users\/2"}],"replies":[{"embeddable":true,"href":"https:\/\/www.sportchaco.com.ar\/index.php?rest_route=%2Fwp%2Fv2%2Fcomments&post=30684"}],"version-history":[{"count":4,"href":"https:\/\/www.sportchaco.com.ar\/index.php?rest_route=\/wp\/v2\/posts\/30684\/revisions"}],"predecessor-version":[{"id":30689,"href":"https:\/\/www.sportchaco.com.ar\/index.php?rest_route=\/wp\/v2\/posts\/30684\/revisions\/30689"}],"wp:featuredmedia":[{"embeddable":true,"href":"https:\/\/www.sportchaco.com.ar\/index.php?rest_route=\/wp\/v2\/media\/30685"}],"wp:attachment":[{"href":"https:\/\/www.sportchaco.com.ar\/index.php?rest_route=%2Fwp%2Fv2%2Fmedia&parent=30684"}],"wp:term":[{"taxonomy":"category","embeddable":true,"href":"https:\/\/www.sportchaco.com.ar\/index.php?rest_route=%2Fwp%2Fv2%2Fcategories&post=30684"},{"taxonomy":"post_tag","embeddable":true,"href":"https:\/\/www.sportchaco.com.ar\/index.php?rest_route=%2Fwp%2Fv2%2Ftags&post=30684"}],"curies":[{"name":"wp","href":"https:\/\/api.w.org\/{rel}","templated":true}]}}