{"id":30702,"date":"2025-12-29T18:56:57","date_gmt":"2025-12-29T21:56:57","guid":{"rendered":"https:\/\/www.sportchaco.com.ar\/?p=30702"},"modified":"2025-12-29T18:56:57","modified_gmt":"2025-12-29T21:56:57","slug":"agustin-brocal-raices-chaquenas-madurez-deportiva-y-el-sueno-intacto-de-volver-a-villa","status":"publish","type":"post","link":"https:\/\/www.sportchaco.com.ar\/?p=30702","title":{"rendered":"Agust\u00edn Brocal: ra\u00edces chaque\u00f1as, madurez deportiva y el sue\u00f1o intacto de volver a Villa"},"content":{"rendered":"<h5>El basquetbolista chaque\u00f1o <strong>Agust\u00edn \u201cToti\u201d Brocal<\/strong> pas\u00f3 por los estudios de <strong>Radio Provincia del Chaco<\/strong>, donde mantuvo una charla profunda y distendida en el programa <em>Cara y Ceca del Deporte<\/em>, junto a <strong>Luis Dar\u00edo Molodezky<\/strong> y <strong>Facundo Maciel del R\u00edo<\/strong>. En pleno receso de fin de a\u00f1o, el actual jugador de <strong>Ober\u00e1 Tenis Club<\/strong> recorri\u00f3 su carrera, habl\u00f3 de su presente, record\u00f3 sus or\u00edgenes y dej\u00f3 en claro que, pese a una trayectoria consolidada en el b\u00e1squet profesional, el v\u00ednculo con su tierra y con <strong>Villa San Mart\u00edn<\/strong> sigue siendo irrompible<\/h5>\n<p>&nbsp;<\/p>\n<p>.<strong><img loading=\"lazy\" decoding=\"async\" class=\"alignnone  wp-image-30704\" src=\"https:\/\/www.sportchaco.com.ar\/wp-content\/uploads\/2025\/12\/Luis-carita-3-287x300.jpg\" alt=\"\" width=\"73\" height=\"76\" srcset=\"https:\/\/www.sportchaco.com.ar\/wp-content\/uploads\/2025\/12\/Luis-carita-3-287x300.jpg 287w, https:\/\/www.sportchaco.com.ar\/wp-content\/uploads\/2025\/12\/Luis-carita-3.jpg 430w\" sizes=\"auto, (max-width: 73px) 100vw, 73px\" \/>\u00a0 POR LUIS DARIO MOLODEZKY\u00a0<\/strong><\/p>\n<p>Brocal aprovech\u00f3 el breve parate por las fiestas para reencontrarse con su familia en Resistencia, un h\u00e1bito que mantiene desde hace a\u00f1os y que considera clave para recargar energ\u00edas antes de volver a la competencia. \u201cEl receso es corto, pero necesario. Disfrut\u00e1s de los tuyos y volv\u00e9s con todo\u201d, se\u00f1al\u00f3, de cara al regreso a la actividad con doble fecha en Corrientes.<\/p>\n<p><strong>De Resistencia a Olavarr\u00eda: crecer lejos de casa<\/strong><\/p>\n<p>Con apenas <strong>15 a\u00f1os<\/strong>, Brocal tom\u00f3 una decisi\u00f3n que marcar\u00eda su vida: dejar su casa y viajar m\u00e1s de mil kil\u00f3metros para formarse en <strong>Estudiantes de Olavarr\u00eda<\/strong>. \u201cFue un camino duro, siendo un nene. Pas\u00e9 situaciones dif\u00edciles, pero todo eso me hizo m\u00e1s fuerte\u201d, record\u00f3. Aquella experiencia temprana, lejos del confort familiar, termin\u00f3 siendo el cimiento de su car\u00e1cter competitivo y su fortaleza mental.<\/p>\n<p>En Olavarr\u00eda debut\u00f3 muy joven y vivi\u00f3 un crecimiento vertiginoso: ascenso de categor\u00eda, titularidad en Liga Argentina con apenas 16 a\u00f1os y el inicio de un recorrido que lo transform\u00f3 en referente del club.<\/p>\n<p><strong>Ober\u00e1, la Liga Nacional y una experiencia marcada por la pandemia<\/strong><\/p>\n<p>Tras no lograr el ascenso con Estudiantes, Brocal cumpli\u00f3 el sue\u00f1o de jugar la <strong>Liga Nacional<\/strong> con Ober\u00e1, aunque en un contexto tan at\u00edpico como exigente: la pandemia. \u201cFue lindo cumplir el sue\u00f1o, pero tambi\u00e9n muy duro. Burbuja, encierro, COVID, lejos de mi familia y con mi hijo reci\u00e9n nacido\u201d, relat\u00f3. Una vivencia que, como en tantos deportistas, dej\u00f3 huellas profundas.<\/p>\n<p><strong>Z\u00e1rate, la revancha y la consolidaci\u00f3n<\/strong><\/p>\n<p>La etapa siguiente lo llev\u00f3 a <strong>Z\u00e1rate<\/strong>, donde encontr\u00f3 continuidad, protagonismo y resultados. Ascenso, finales, t\u00edtulo y una nueva llegada a la Liga Nacional terminaron de consolidar su carrera. \u201cFueron de los mejores a\u00f1os que viv\u00ed como jugador. Logr\u00e9 ah\u00ed lo que hab\u00eda buscado durante tanto tiempo\u201d, resumi\u00f3.<\/p>\n<p>Hoy, Brocal atraviesa uno de los mejores momentos de su carrera: madurez f\u00edsica, experiencia y protagonismo ofensivo. Goleador de la Liga en la temporada pasada y nuevamente entre los destacados, asumi\u00f3 tambi\u00e9n el rol de <strong>capit\u00e1n<\/strong> en Ober\u00e1, una responsabilidad que lo llena de orgullo.<\/p>\n<p><strong>El club, la familia y la memoria<\/strong><\/p>\n<p>M\u00e1s all\u00e1 del presente profesional, el coraz\u00f3n de Brocal sigue latiendo en <strong>Villa San Mart\u00edn<\/strong>, el club donde se form\u00f3. Presente en las finales del Apertura y Clausura, habl\u00f3 del sentido de pertenencia que comparten muchos jugadores formados all\u00ed. \u201cVilla te inculca eso desde chico. Es un amor que te acompa\u00f1a toda la vida\u201d, afirm\u00f3, sin ocultar su sue\u00f1o de <strong>jugar alg\u00fan d\u00eda en la Primera del club<\/strong>.<\/p>\n<p>La familia ocupa un lugar central en su historia. Nieto de <strong>don Augusto Brocal<\/strong>, hist\u00f3rico arquero y \u00e1rbitro de f\u00fatbol, Agust\u00edn record\u00f3 con emoci\u00f3n a quien considera su gran referente humano y deportivo. Tanto es as\u00ed que su hijo lleva el mismo nombre, nacido un <strong>8 de abril<\/strong>, la misma fecha en que falleci\u00f3 su abuelo.<\/p>\n<p><img decoding=\"async\" src=\"https:\/\/scontent.fcnq2-1.fna.fbcdn.net\/v\/t39.30808-6\/605723837_3782506168725742_2124975424292880488_n.jpg?_nc_cat=102&amp;ccb=1-7&amp;_nc_sid=127cfc&amp;_nc_ohc=_lQH96WVVdcQ7kNvwEUcsDb&amp;_nc_oc=AdlfPScDzc3cggDi0yGS7ECpVhMf7ym_pr_VDBww7hn6dMysiZzHLjVkNWBA6T2K--g&amp;_nc_zt=23&amp;_nc_ht=scontent.fcnq2-1.fna&amp;_nc_gid=ahCuxigHh0j_QfZpuVIojg&amp;oh=00_AflMbl__6a9-m6HpipG32s_0jRT6AjGU6RlZe0G0Ue_5Sg&amp;oe=6958B484\" alt=\"Puede ser una imagen de una o varias personas y texto que dice &quot;Radio PROVINCIA 101.5 Radio PROVINCIA 101.5 Ra PROV Radio PROVINCIA PROVINCIA101 101 Radio PROVINCIA 101.5 Radio PROVINCIA 101.5 Rad OVINCI Radio 101.5 PROVINCIA Radir PROVINCIA 1r \u0e22 Radio 101.5 PROVINCIA P Ra PROV Radio 101.5 PROVINCIA VCIA101.5 VCIA 101.5 29 de 29dedic.de202512:33 dic. de 2025 12:33&quot;\" \/><\/p>\n<p><em><strong>Agust\u00edn con su hijo Augusto, y el periodista Luis Dar\u00edo Molodezky en Radio Provincia<\/strong><\/em><\/p>\n<p><strong>El goleador que tambi\u00e9n defiende<\/strong><\/p>\n<p>Con 1,91 metros y una mano letal desde el per\u00edmetro, Brocal reconoce que el gol es parte esencial de su identidad, pero tambi\u00e9n destaca su evoluci\u00f3n integral como jugador. \u201cHoy entiendo que no alcanza solo con convertir. Si no defend\u00e9s, no jug\u00e1s\u201d, sostuvo, subrayando la exigencia del b\u00e1squet moderno.<\/p>\n<p>Tambi\u00e9n habl\u00f3 de sus experiencias internacionales, como su paso por Venezuela, y de sue\u00f1os que a\u00fan permanecen intactos: ganar el concurso de triples del Juego de las Estrellas, volver a vestir una camiseta chaque\u00f1a en competencias mayores y, por qu\u00e9 no, acercarse alguna vez a la Selecci\u00f3n Argentina.<\/p>\n<p><strong>Mirar adelante sin olvidar de d\u00f3nde viene<\/strong><\/p>\n<p>Antes de despedirse, Brocal agradeci\u00f3 el espacio y dej\u00f3 un mensaje claro: el camino recorrido no lo alej\u00f3 de sus ra\u00edces. \u201cSiempre quiero volver. Villa, mi familia y mi provincia son parte de lo que soy\u201d, cerr\u00f3.<\/p>\n<p>Con los pies firmes en el presente y la memoria anclada en sus or\u00edgenes, <strong>Agust\u00edn Brocal<\/strong> contin\u00faa escribiendo una carrera s\u00f3lida, con la madurez del profesional y la pasi\u00f3n intacta del chico que, alguna vez, se quedaba tirando al aro hasta que ca\u00eda la noche en su club de barrio.<\/p>\n<p><img loading=\"lazy\" decoding=\"async\" class=\"\" src=\"https:\/\/scontent.fcnq2-1.fna.fbcdn.net\/v\/t39.30808-6\/604750327_3782506225392403_4833866259933467377_n.jpg?_nc_cat=100&amp;ccb=1-7&amp;_nc_sid=127cfc&amp;_nc_ohc=qKiHwjxgS8cQ7kNvwE_aN1e&amp;_nc_oc=AdmvNPnqd3CljJpP4UuL3TlwLh9G6BJfZjxkagqooGf6leDpCbvBbwxPhoeuv2WspDQ&amp;_nc_zt=23&amp;_nc_ht=scontent.fcnq2-1.fna&amp;_nc_gid=qTkt3dv9D1c2kX7D_3KZiw&amp;oh=00_Afn5-e57XrQMzPm6KHAKiZIiZ8ZNbLJ0_JzpHrhaDrS1MQ&amp;oe=6958E3E3\" alt=\"Puede ser una imagen de ni\u00f1os, estudiar y texto que dice &quot;362 4205269 29 de dic. de 2025 12:33&quot;\" width=\"185\" height=\"248\" \/>\u00a0 \u00a0 \u00a0 <img loading=\"lazy\" decoding=\"async\" class=\"\" src=\"https:\/\/scontent.fcnq2-2.fna.fbcdn.net\/v\/t39.30808-6\/602971745_3782506182059074_6681391634355696901_n.jpg?_nc_cat=103&amp;ccb=1-7&amp;_nc_sid=127cfc&amp;_nc_ohc=_SVn0c40gTIQ7kNvwG8Zx3Q&amp;_nc_oc=AdlAiWzH9VDCfucdD1WPNPHDX3FhTLC1CqfBpLeIUJXjzG9XWN1mYr54kbFaQ02Bipo&amp;_nc_zt=23&amp;_nc_ht=scontent.fcnq2-2.fna&amp;_nc_gid=A2UMIyA7qu95vZlyyPftdw&amp;oh=00_Afnrj_fAJG5iSiqcKg9unMEX_W_UfZ7nwwrJOFMuARx4vw&amp;oe=6958D29B\" alt=\"Puede ser una imagen de una o varias personas y texto que dice &quot;Radia PROVINCIA PROVINCIA101 101. adio INCIA101.5 INCIA 101.5 dio IA 101.5 Rad PRO Radio PROVINCIA 101.5 iQ Radio PROVINCIA 101.5 'adio OVINCIA 101.5 P O Jir LIA 10 dio VCIA VCIA101.5 101.5 dio INCIA INCIA101.5 101.5 29 de.dic.de20251 Radi Radio 2:34 de dic., de2025 101.5&quot;\" width=\"340\" height=\"254\" \/><\/p>\n<p>&nbsp;<\/p>\n<p><em><strong>El reto\u00f1o de Agust\u00edn con nombre de Augusto, como su abis abuelo. A la derecha junto a Facu Maciel del R\u00edo<\/strong><\/em><\/p>\n<p>.<strong><img loading=\"lazy\" decoding=\"async\" class=\"alignnone  wp-image-30704\" src=\"https:\/\/www.sportchaco.com.ar\/wp-content\/uploads\/2025\/12\/Luis-carita-3-287x300.jpg\" alt=\"\" width=\"73\" height=\"76\" srcset=\"https:\/\/www.sportchaco.com.ar\/wp-content\/uploads\/2025\/12\/Luis-carita-3-287x300.jpg 287w, https:\/\/www.sportchaco.com.ar\/wp-content\/uploads\/2025\/12\/Luis-carita-3.jpg 430w\" sizes=\"auto, (max-width: 73px) 100vw, 73px\" \/>\u00a0 POR LUIS DARIO MOLODEZKY\u00a0<\/strong><\/p>\n<p>Bloque 1<\/p>\n<audio class=\"wp-audio-shortcode\" id=\"audio-30702-1\" preload=\"none\" style=\"width: 100%;\" controls=\"controls\"><source type=\"audio\/mpeg\" src=\"https:\/\/www.sportchaco.com.ar\/wp-content\/uploads\/2025\/12\/Brocal1.mp3?_=1\" \/><a href=\"https:\/\/www.sportchaco.com.ar\/wp-content\/uploads\/2025\/12\/Brocal1.mp3\">https:\/\/www.sportchaco.com.ar\/wp-content\/uploads\/2025\/12\/Brocal1.mp3<\/a><\/audio>\n<p>Bloque 2<\/p>\n<audio class=\"wp-audio-shortcode\" id=\"audio-30702-2\" preload=\"none\" style=\"width: 100%;\" controls=\"controls\"><source type=\"audio\/mpeg\" src=\"https:\/\/www.sportchaco.com.ar\/wp-content\/uploads\/2025\/12\/Brocal2.mp3?_=2\" \/><a href=\"https:\/\/www.sportchaco.com.ar\/wp-content\/uploads\/2025\/12\/Brocal2.mp3\">https:\/\/www.sportchaco.com.ar\/wp-content\/uploads\/2025\/12\/Brocal2.mp3<\/a><\/audio>\n","protected":false},"excerpt":{"rendered":"<p>El basquetbolista chaque\u00f1o Agust\u00edn \u201cToti\u201d Brocal pas\u00f3 por los estudios de Radio Provincia del Chaco, donde mantuvo una charla profunda y distendida en el programa Cara y Ceca del Deporte, junto a Luis Dar\u00edo Molodezky y Facundo Maciel del R\u00edo. En pleno receso de fin de a\u00f1o, el actual jugador de Ober\u00e1 Tenis Club recorri\u00f3 &hellip;<\/p>\n","protected":false},"author":2,"featured_media":30703,"comment_status":"open","ping_status":"open","sticky":false,"template":"","format":"standard","meta":{"footnotes":""},"categories":[3],"tags":[],"class_list":["post-30702","post","type-post","status-publish","format-standard","has-post-thumbnail","hentry","category-basquetbol"],"_links":{"self":[{"href":"https:\/\/www.sportchaco.com.ar\/index.php?rest_route=\/wp\/v2\/posts\/30702","targetHints":{"allow":["GET"]}}],"collection":[{"href":"https:\/\/www.sportchaco.com.ar\/index.php?rest_route=\/wp\/v2\/posts"}],"about":[{"href":"https:\/\/www.sportchaco.com.ar\/index.php?rest_route=\/wp\/v2\/types\/post"}],"author":[{"embeddable":true,"href":"https:\/\/www.sportchaco.com.ar\/index.php?rest_route=\/wp\/v2\/users\/2"}],"replies":[{"embeddable":true,"href":"https:\/\/www.sportchaco.com.ar\/index.php?rest_route=%2Fwp%2Fv2%2Fcomments&post=30702"}],"version-history":[{"count":1,"href":"https:\/\/www.sportchaco.com.ar\/index.php?rest_route=\/wp\/v2\/posts\/30702\/revisions"}],"predecessor-version":[{"id":30707,"href":"https:\/\/www.sportchaco.com.ar\/index.php?rest_route=\/wp\/v2\/posts\/30702\/revisions\/30707"}],"wp:featuredmedia":[{"embeddable":true,"href":"https:\/\/www.sportchaco.com.ar\/index.php?rest_route=\/wp\/v2\/media\/30703"}],"wp:attachment":[{"href":"https:\/\/www.sportchaco.com.ar\/index.php?rest_route=%2Fwp%2Fv2%2Fmedia&parent=30702"}],"wp:term":[{"taxonomy":"category","embeddable":true,"href":"https:\/\/www.sportchaco.com.ar\/index.php?rest_route=%2Fwp%2Fv2%2Fcategories&post=30702"},{"taxonomy":"post_tag","embeddable":true,"href":"https:\/\/www.sportchaco.com.ar\/index.php?rest_route=%2Fwp%2Fv2%2Ftags&post=30702"}],"curies":[{"name":"wp","href":"https:\/\/api.w.org\/{rel}","templated":true}]}}