{"id":30720,"date":"2025-12-30T10:53:37","date_gmt":"2025-12-30T13:53:37","guid":{"rendered":"https:\/\/www.sportchaco.com.ar\/?p=30720"},"modified":"2025-12-30T10:55:26","modified_gmt":"2025-12-30T13:55:26","slug":"el-club-general-urquiza-cerro-un-2025-inolvidable-para-su-basquet","status":"publish","type":"post","link":"https:\/\/www.sportchaco.com.ar\/?p=30720","title":{"rendered":"El Club General Urquiza cerr\u00f3 un 2025 inolvidable para su b\u00e1squet"},"content":{"rendered":"<div class=\"xdj266r x14z9mp xat24cr x1lziwak x1vvkbs x126k92a\">\n<h5 dir=\"auto\"><strong>El s\u00e1bado 27, el Club General Urquiza llev\u00f3 adelante su despedida de a\u00f1o de la disciplina b\u00e1squet, en una jornada cargada de emociones, balances positivos y reconocimientos. Si bien la concurrencia no fue masiva debido a las inclemencias del tiempo, el esp\u00edritu de familia y pertenencia se hizo sentir en cada rinc\u00f3n del club.<\/strong><\/h5>\n<\/div>\n<div class=\"x14z9mp xat24cr x1lziwak x1vvkbs xtlvy1s x126k92a\">\n<div dir=\"auto\"><\/div>\n<\/div>\n<div class=\"x14z9mp xat24cr x1lziwak x1vvkbs xtlvy1s x126k92a\">\n<div dir=\"auto\">La noche tuvo como eje una cena de camarader\u00eda que reuni\u00f3 a jugadores, jugadoras, cuerpo t\u00e9cnico, dirigentes y familias, y sirvi\u00f3 como marco ideal para reconocer a quienes se destacaron a lo largo de la temporada 2025 defendiendo los colores del club.<\/div>\n<div dir=\"auto\"><\/div>\n<div dir=\"auto\">Un cap\u00edtulo especial merece el equipo femenino de Primera Divisi\u00f3n, verdadero orgullo de la instituci\u00f3n. Las chicas protagonizaron un a\u00f1o hist\u00f3rico, consagr\u00e1ndose campeonas del torneo de la ABNCH y del ABR, ratificando con t\u00edtulos el enorme trabajo, compromiso y crecimiento sostenido que viene mostrando el b\u00e1squet femenino en Urquiza.<\/div>\n<div dir=\"auto\"><img decoding=\"async\" src=\"https:\/\/scontent.fcnq2-2.fna.fbcdn.net\/v\/t39.30808-6\/605876529_1350481057115319_3485778138491381136_n.jpg?_nc_cat=110&amp;ccb=1-7&amp;_nc_sid=833d8c&amp;_nc_ohc=qSIgaAm5dloQ7kNvwEWfvLN&amp;_nc_oc=AdmemZ6SWcqsrUe_k5iBCO04Om6RZ8n8C6P9GvXpYbUXFvnJGG3riz7gRTMsWt067Ak&amp;_nc_zt=23&amp;_nc_ht=scontent.fcnq2-2.fna&amp;_nc_gid=pIqZfoJGbtmoZFRB7i8PGA&amp;oh=00_AfmDK7kol9dzRCO4kWhzhm8q9iz_g33BCXGH-_9X1n4VCQ&amp;oe=6959914A\" alt=\"Puede ser una imagen de texto\" \/><\/div>\n<div dir=\"auto\"><\/div>\n<\/div>\n<div class=\"x14z9mp xat24cr x1lziwak x1vvkbs xtlvy1s x126k92a\">\n<div dir=\"auto\">No fue solo una despedida de a\u00f1o, sino tambi\u00e9n una celebraci\u00f3n del esfuerzo silencioso, de los entrenamientos, de los viajes y de la pasi\u00f3n por la camiseta. Un cierre emotivo para una temporada que quedar\u00e1 grabada en la historia del club.<\/div>\n<div dir=\"auto\"><\/div>\n<\/div>\n<div class=\"x14z9mp xat24cr x1lziwak x1vvkbs xtlvy1s x126k92a\">\n<div dir=\"auto\">El 2025 se despide dejando la vara alta y la ilusi\u00f3n intacta. General Urquiza demostr\u00f3 que con trabajo, convicci\u00f3n y equipo, los sue\u00f1os se pueden convertir en realidad. Fuente La Leones 24\/7<\/div>\n<div dir=\"auto\"><img decoding=\"async\" src=\"https:\/\/scontent.fcnq2-2.fna.fbcdn.net\/v\/t39.30808-6\/605683366_1350481183781973_1070369036539105867_n.jpg?_nc_cat=104&amp;ccb=1-7&amp;_nc_sid=833d8c&amp;_nc_ohc=tJk97Jwz_MoQ7kNvwEdXF9c&amp;_nc_oc=AdlFnPgEgEsIvIRgBkrNa7k0jpgurS0e3_z4rAvbWj11AfFKXJLYfkmTZkBKkQK4D5I&amp;_nc_zt=23&amp;_nc_ht=scontent.fcnq2-2.fna&amp;_nc_gid=wBbp1fnRFvfm06YGc16fBw&amp;oh=00_AfkjKqeTmccx1jkphpPE1nKKa7AqkRM_x0R3mtd7D1PTGw&amp;oe=6959917D\" alt=\"Puede ser una imagen de texto\" \/><\/div>\n<\/div>\n<div dir=\"auto\"><img decoding=\"async\" src=\"https:\/\/scontent.fcnq2-2.fna.fbcdn.net\/v\/t39.30808-6\/605365754_1350482663781825_1820418452716797500_n.jpg?_nc_cat=111&amp;ccb=1-7&amp;_nc_sid=833d8c&amp;_nc_ohc=oYj7SUsSmLQQ7kNvwFr3u1C&amp;_nc_oc=AdnE_Am1Gnh_B2bapHix6EY1tAERUhNfwAJNuy2OTb6zgbXbP61NYWVduJJ9PLYIyYo&amp;_nc_zt=23&amp;_nc_ht=scontent.fcnq2-2.fna&amp;_nc_gid=-9B8p_vdEdIcY-zdJjXpUw&amp;oh=00_Afm-L5jrtniQcd1usSeKCsIrurKG8ALAmXov2OakM5FIFA&amp;oe=6959AA2D\" alt=\"Puede ser una imagen de patineta y texto\" \/><\/div>\n<div dir=\"auto\"><\/div>\n<div dir=\"auto\"><strong>AGRADECIMIENTO<\/strong><\/div>\n<div dir=\"auto\">\n<div class=\"xdj266r x14z9mp xat24cr x1lziwak x1vvkbs x126k92a\">\n<div dir=\"auto\">En tiempos donde no sobra nada, los gestos valen doble. Y en el Club General Urquiza hubo uno que se hizo sentir fuerte y claro. Hugo Abel \u201cPitin\u201d Guti\u00e9rrez, ex basquetbolista y hoy dedicado a atender y acompa\u00f1ar a personas de la tercera edad, don\u00f3 cinco pelotas de b\u00e1squet para el club, reafirmando su compromiso con los colores de \u201cLa U\u201d.<\/div>\n<\/div>\n<div class=\"x14z9mp xat24cr x1lziwak x1vvkbs xtlvy1s x126k92a\">\n<div dir=\"auto\">El gesto cobra a\u00fan m\u00e1s valor en un contexto dif\u00edcil, donde cada aporte suma. \u201cPitin\u201d, que supo dejar su huella dentro de la cancha, no se olvida de su juventud ligada al b\u00e1squet y sigue presente, colaborando para que la actividad contin\u00fae creciendo.<\/div>\n<\/div>\n<div class=\"x14z9mp xat24cr x1lziwak x1vvkbs xtlvy1s x126k92a\">\n<div dir=\"auto\">Urquiza agradece y destaca a quienes, con acciones simples pero llenas de significado, demuestran que el b\u00e1squet y el sentido de pertenencia no se abandonan nunca.<\/div>\n<div dir=\"auto\"><img loading=\"lazy\" decoding=\"async\" class=\"aligncenter\" src=\"https:\/\/scontent.fcnq2-1.fna.fbcdn.net\/v\/t39.30808-6\/605121523_1350525593777532_1674803132836289576_n.jpg?_nc_cat=105&amp;ccb=1-7&amp;_nc_sid=833d8c&amp;_nc_ohc=T2PLzx_DRV4Q7kNvwG1mG8j&amp;_nc_oc=AdmrOuBc8lt3gckHCYtIub29ks6KgzQCLR44ZyopSBiLBT3AwCaIyUqgqsYz9ZgPJhY&amp;_nc_zt=23&amp;_nc_ht=scontent.fcnq2-1.fna&amp;_nc_gid=BgGXNG1zGcFpYtpaKeS4iA&amp;oh=00_AfkuvwQDE0eI5dg8k2bS8XruZZxkMggkeSfguCxz-1B6cA&amp;oe=69599E73\" alt=\"No hay ninguna descripci\u00f3n de la foto disponible.\" width=\"519\" height=\"291\" \/><\/div>\n<\/div>\n<\/div>\n<div dir=\"auto\"><\/div>\n","protected":false},"excerpt":{"rendered":"<p>El s\u00e1bado 27, el Club General Urquiza llev\u00f3 adelante su despedida de a\u00f1o de la disciplina b\u00e1squet, en una jornada cargada de emociones, balances positivos y reconocimientos. Si bien la concurrencia no fue masiva debido a las inclemencias del tiempo, el esp\u00edritu de familia y pertenencia se hizo sentir en cada rinc\u00f3n del club. La &hellip;<\/p>\n","protected":false},"author":2,"featured_media":30721,"comment_status":"open","ping_status":"open","sticky":false,"template":"","format":"standard","meta":{"footnotes":""},"categories":[3],"tags":[],"class_list":["post-30720","post","type-post","status-publish","format-standard","has-post-thumbnail","hentry","category-basquetbol"],"_links":{"self":[{"href":"https:\/\/www.sportchaco.com.ar\/index.php?rest_route=\/wp\/v2\/posts\/30720","targetHints":{"allow":["GET"]}}],"collection":[{"href":"https:\/\/www.sportchaco.com.ar\/index.php?rest_route=\/wp\/v2\/posts"}],"about":[{"href":"https:\/\/www.sportchaco.com.ar\/index.php?rest_route=\/wp\/v2\/types\/post"}],"author":[{"embeddable":true,"href":"https:\/\/www.sportchaco.com.ar\/index.php?rest_route=\/wp\/v2\/users\/2"}],"replies":[{"embeddable":true,"href":"https:\/\/www.sportchaco.com.ar\/index.php?rest_route=%2Fwp%2Fv2%2Fcomments&post=30720"}],"version-history":[{"count":3,"href":"https:\/\/www.sportchaco.com.ar\/index.php?rest_route=\/wp\/v2\/posts\/30720\/revisions"}],"predecessor-version":[{"id":30724,"href":"https:\/\/www.sportchaco.com.ar\/index.php?rest_route=\/wp\/v2\/posts\/30720\/revisions\/30724"}],"wp:featuredmedia":[{"embeddable":true,"href":"https:\/\/www.sportchaco.com.ar\/index.php?rest_route=\/wp\/v2\/media\/30721"}],"wp:attachment":[{"href":"https:\/\/www.sportchaco.com.ar\/index.php?rest_route=%2Fwp%2Fv2%2Fmedia&parent=30720"}],"wp:term":[{"taxonomy":"category","embeddable":true,"href":"https:\/\/www.sportchaco.com.ar\/index.php?rest_route=%2Fwp%2Fv2%2Fcategories&post=30720"},{"taxonomy":"post_tag","embeddable":true,"href":"https:\/\/www.sportchaco.com.ar\/index.php?rest_route=%2Fwp%2Fv2%2Ftags&post=30720"}],"curies":[{"name":"wp","href":"https:\/\/api.w.org\/{rel}","templated":true}]}}