{"id":30725,"date":"2025-12-30T10:57:55","date_gmt":"2025-12-30T13:57:55","guid":{"rendered":"https:\/\/www.sportchaco.com.ar\/?p=30725"},"modified":"2025-12-30T10:59:43","modified_gmt":"2025-12-30T13:59:43","slug":"horacio-zeballos-la-pepita-dorada-de-una-irregular-cosecha-del-tenis-argentino","status":"publish","type":"post","link":"https:\/\/www.sportchaco.com.ar\/?p=30725","title":{"rendered":"Horacio Zeballos, la pepita dorada de una irregular cosecha del tenis argentino"},"content":{"rendered":"<div class=\"c-stack b-single-chain\" data-style-direction=\"vertical\" data-style-justification=\"start\" data-style-alignment=\"unset\" data-style-inline=\"false\" data-style-wrap=\"nowrap\">\n<div class=\"c-stack b-single-chain__children-stack\" data-style-direction=\"vertical\" data-style-justification=\"start\" data-style-alignment=\"unset\" data-style-inline=\"false\" data-style-wrap=\"nowrap\">\n<h5 class=\"p12Heading h2 p12Header\">El marplatense Horacio Zeballos de 40 a\u00f1os fue el tenista nacional m\u00e1s destacado de 2025. El doblista zurdo gan\u00f3 sus dos primeros torneos de Grand Slam en un a\u00f1o albiceleste con escasos t\u00edtulos en singles y con esperanza trunca tanto en la Copa Davis como en la Billie Jean King Cup.<\/h5>\n<div class=\"p12-article-info\">\n<hr class=\"p12-divider p12-divider--horizontal \" aria-hidden=\"true\" \/>\n<div class=\"article-info-content\">\n<div class=\"left-content\">\n<div class=\"author-name\"><\/div>\n<\/div>\n<hr class=\"p12-divider p12-divider--vertical \" aria-hidden=\"true\" \/>\n<div class=\"right-content\">\n<div class=\"p12Date undefined\"><\/div>\n<\/div>\n<\/div>\n<hr class=\"p12-divider p12-divider--horizontal \" aria-hidden=\"true\" \/>\n<\/div>\n<div class=\"p12-lead-art\"><\/div>\n<\/div>\n<\/div>\n<div class=\"article-content\">\n<article class=\"p12-article-body \">\n<p class=\"c-paragraph\"><span style=\"color: #000000;\"><b>El tenis argentino<\/b>\u00a0cerr\u00f3 una temporada irregular que contrast\u00f3 con un profundo tinte de gloria: los dos t\u00edtulos de Grand Slam de\u00a0<a style=\"color: #000000;\" title=\"https:\/\/www.pagina12.com.ar\/tags\/horacio-zeballos\/\" href=\"https:\/\/www.pagina12.com.ar\/tags\/horacio-zeballos\/\" target=\"_self\" rel=\"\"><b>Horacio Zeballos, el doblista m\u00e1s destacado de la historia del pa\u00eds.<\/b><\/a><\/span><\/p>\n<p class=\"c-paragraph\"><span style=\"color: #000000;\"><a style=\"color: #000000;\" title=\"https:\/\/www.pagina12.com.ar\/2025\/12\/18\/horacio-zeballos-leyenda-fue-proclamado-campeon-del-mundo-junto-a-sinner-y-sabalenka\/\" href=\"https:\/\/www.pagina12.com.ar\/2025\/12\/18\/horacio-zeballos-leyenda-fue-proclamado-campeon-del-mundo-junto-a-sinner-y-sabalenka\/\" target=\"_self\" rel=\"\"><b>Consagrado como campe\u00f3n del mundo<\/b><\/a>\u00a0en dobles masculino por la Federaci\u00f3n Internacional de Tenis (ITF) y\u00a0<b>ganador del Olimpia de Plata en tenis como el mejor tenista nacional\u00a0<\/b>del a\u00f1o, el zurdo formado en el Edison Lawn Tenis de Mar del Plata logr\u00f3\u00a0<b>sus dos mayores conquistas en Roland Garros y en el US Open, constituyentes de una consagraci\u00f3n grande que le faltaba a su laureada carrera\u00a0<\/b>como doblista junto al espa\u00f1ol Marcel Granollers.<\/span><\/p>\n<p class=\"c-paragraph\"><span style=\"color: #000000;\">Con la proeza en Par\u00eds, en junio pasado,<b>\u00a0enterr\u00f3 una racha de tres ca\u00eddas en finales grandes entre 2019 y 2023.\u00a0<\/b>Se sac\u00f3 una espina que, por momentos, dol\u00eda. \u201cLa ficha no me est\u00e1 cayendo, todav\u00eda no me cay\u00f3. Pero no quiero parar un segundo.\u00a0<b>Quiero seguir festejando como lo merece un logro personal tan importante\u201d,<\/b>\u00a0<a style=\"color: #000000;\" title=\"https:\/\/www.pagina12.com.ar\/833427-horacio-zeballos-alma-al-desnudo-la-ficha-que-no-cae-y-que-h\/\" href=\"https:\/\/www.pagina12.com.ar\/833427-horacio-zeballos-alma-al-desnudo-la-ficha-que-no-cae-y-que-h\/\" rel=\"\"><b>le dec\u00eda Zeballos a este medio<\/b><\/a>, escasas horas despu\u00e9s de haber\u00a0<a style=\"color: #000000;\" title=\"https:\/\/www.pagina12.com.ar\/832102-horacio-zeballos-historico-campeon-en-roland-garros-junto-a-\/\" href=\"https:\/\/www.pagina12.com.ar\/832102-horacio-zeballos-historico-campeon-en-roland-garros-junto-a-\/\" rel=\"\"><b>haber jugado la final de su vida<\/b><\/a>\u00a0y terminado con la malaria: su carrera como doblista, que tambi\u00e9n inclu\u00eda\u00a0<a style=\"color: #000000;\" title=\"https:\/\/www.pagina12.com.ar\/788156-horacio-zeballos-el-numero-uno-la-calesita-de-emociones-y-la\/\" href=\"https:\/\/www.pagina12.com.ar\/788156-horacio-zeballos-el-numero-uno-la-calesita-de-emociones-y-la\/\" rel=\"\"><b>el ascenso al n\u00famero uno del mundo en 2024<\/b><\/a>, merec\u00eda\u00a0<b>al menos un trofeo de Grand Slam<\/b>, m\u00e1s all\u00e1 de que su caracter\u00edstico inconformismo lo llevar\u00eda tambi\u00e9n a consagrarse\u00a0<a style=\"color: #000000;\" title=\"\" href=\"https:\/\/www.pagina12.com.ar\/2025\/12\/29\/horacio-zeballos-la-pepita-dorada-de-una-irregular-cosecha-del-tenis-argentino\/\" rel=\"\"><b>en Flushing Meadows<\/b><\/a><b>.<\/b><\/span><\/p>\n<p class=\"c-paragraph\"><span style=\"color: #000000;\">Con otros tres t\u00edtulos -Bucarest, Madrid y Basilea-<b>, Zeballos emergi\u00f3, sin dudas, como la pepita dorada en una cosecha irregular para el tenis argentino,<\/b>\u00a0con escasos t\u00edtulos en el plano de los singlistas y la esperanza trunca de los equipos de la Copa Davis y de la Billie Jean King Cup. La \u00fanica corona en el circuito individual la logr\u00f3\u00a0<a style=\"color: #000000;\" title=\"https:\/\/www.pagina12.com.ar\/806190-otra-vez-campeon-sebastian-baez-hizo-historia-en-el-rio-open\/\" href=\"https:\/\/www.pagina12.com.ar\/806190-otra-vez-campeon-sebastian-baez-hizo-historia-en-el-rio-open\/\" target=\"_self\" rel=\"\"><b>Sebasti\u00e1n B\u00e1ez (45\u00b0), el primer bicampe\u00f3n de la historia del R\u00edo Open, el ATP 500 de Brasil<\/b><\/a><b>,\u00a0<\/b>en el que alz\u00f3 su s\u00e9ptima copa del tour -es el argentino activo con m\u00e1s t\u00edtulos-.<\/span><\/p>\n<p class=\"c-paragraph\"><span style=\"color: #000000;\">El que mayor ilusi\u00f3n despert\u00f3 en la temporada fue\u00a0<a style=\"color: #000000;\" title=\"https:\/\/www.pagina12.com.ar\/tags\/francisco-cerundolo\/\" href=\"https:\/\/www.pagina12.com.ar\/tags\/francisco-cerundolo\/\" target=\"_self\" rel=\"\"><b>Francisco Cer\u00fandolo (21\u00b0)<\/b><\/a>, el n\u00famero uno del tenis nacional masculino,\u00a0<b>con buenas actuaciones en la primera mitad del a\u00f1o que incluyeron nada menos que cuatro victorias contra jugadores del top 10.\u00a0<\/b>Tocar el selecto grupo de los diez mejores del ranking se mantiene como\u00a0<b>el mayor objetivo del jugador de 27 a\u00f1os.<\/b><\/span><\/p>\n<p>&nbsp;<\/p>\n<p class=\"c-paragraph\"><span style=\"color: #000000;\">Por el lado de las mujeres hubo un cimbronazo.\u00a0<a style=\"color: #000000;\" title=\"https:\/\/www.pagina12.com.ar\/tags\/44602-solana-sierra\" href=\"https:\/\/www.pagina12.com.ar\/tags\/44602-solana-sierra\" target=\"_self\" rel=\"\"><b>Solana Sierra (66\u00b0)<\/b><\/a>\u00a0termin\u00f3 como la \u00fanica jugadora argentina en el top 100 con una cosecha gruesa en su torneo consagratorio:\u00a0<b>Wimbledon, el certamen m\u00e1s antiguo y valioso del mundo.<\/b>\u00a0All\u00ed, en el c\u00e9sped sagrado de Londres,\u00a0<a style=\"color: #000000;\" title=\"https:\/\/www.pagina12.com.ar\/839577-solana-sierra-la-cuentapropista-argentina-que-brilla-en-wimb\/?utm_source=twitter&amp;utm_medium=social&amp;utm_campaign=12839577\" href=\"https:\/\/www.pagina12.com.ar\/839577-solana-sierra-la-cuentapropista-argentina-que-brilla-en-wimb\/?utm_source=twitter&amp;utm_medium=social&amp;utm_campaign=12839577\" target=\"_self\" rel=\"\"><b>ingres\u00f3 al cuadro principal como\u00a0<\/b><i><b>lucky loser\u00a0<\/b><\/i><b>y escal\u00f3 hasta los octavos de final.<\/b><\/a><\/span><\/p>\n<p class=\"c-paragraph\"><span style=\"color: #000000;\"><b>Los sue\u00f1os rotos acaso hayan llegado en el \u00e1mbito de los equipos.<\/b>\u00a0En la Copa Davis qued\u00f3 sabor a poco porque el contexto invitaba a alimentar el anhelo de la segunda ensaladera,\u00a0<b>pero el plantel de Javier Frana se qued\u00f3 a un punto de vencer a Alemania en Bologna<\/b>\u00a0y avanzar a las semifinales, instancia a partir de la que el camino podr\u00eda haber estado allanado.\u00a0<a style=\"color: #000000;\" title=\"https:\/\/www.pagina12.com.ar\/2025\/11\/21\/trompada-a-la-ilusion-argentina-afuera-de-la-copa-davis-por-milimetros\/\" href=\"https:\/\/www.pagina12.com.ar\/2025\/11\/21\/trompada-a-la-ilusion-argentina-afuera-de-la-copa-davis-por-milimetros\/\" target=\"_self\" rel=\"\"><b>Una trompada a la ilusi\u00f3n: el propio Zeballos y Andr\u00e9s Molteni tuvieron tres match points pero no pudieron ganar el punto definitorio ante los germanos.<\/b><\/a><\/span><\/p>\n<p class=\"c-paragraph\"><span style=\"color: #000000;\"><b>En el marco de la Billie Jean Cup<\/b>\u00a0tambi\u00e9n el gusto result\u00f3 amargo: pese a la local\u00eda en C\u00f3rdoba y a la elecci\u00f3n del polvo de ladrillo como superficie,\u00a0<b>las dirigidas por Mercedes Paz cayeron en los playoffs, en una zona con los disminuidos Eslovaquia y Suiza, y no lograron el objetivo de ascender a los Qualifiers.<\/b><\/span><\/p>\n<p class=\"c-paragraph\"><span style=\"color: #000000;\">Para la conductora tucumana, que dej\u00f3 su cargo tras siete temporadas sin resultados de elite,\u00a0<b>se trat\u00f3 de su quinto intento fallido de conseguir el ascenso<\/b>, acaso en la ocasi\u00f3n m\u00e1s favorable: despu\u00e9s de superar a Eslovaquia por 3-0 en el debut,\u00a0<b>el plantel no dio la talla contra Suiza y perdi\u00f3 2-1 tras la dura derrota en el punto de dobles.<\/b><\/span><\/p>\n<p class=\"c-paragraph\">pamalfitano@pagina12.com.ar<\/p>\n<div class=\"profile-img no-avatar\"><img loading=\"lazy\" decoding=\"async\" class=\"\" src=\"https:\/\/author-service-images-prod-us-east-1.publishing.aws.arc.pub\/grupooctubre\/5829bf42-7dd7-4367-aeb1-a1f5e655f38e.png\" alt=\"Pablo Amalfitano\" width=\"70\" height=\"70\" \/><\/div>\n<div class=\"author-name\"><span class=\"prefix\">Por\u00a0<\/span><span class=\"name\">Pablo Amalfitano<\/span><\/div>\n<div>\n<div class=\"p12-lead-art__image-wrapper\"><img loading=\"lazy\" decoding=\"async\" class=\"c-image\" src=\"https:\/\/www.pagina12.com.ar\/resizer\/v2\/TKFYPI32RNETTMQA4D76J2EQXA.jpg?smart=true&amp;auth=314bcf6333cb506a5924fada897beb075627326e780560d658d384fa99580c3a&amp;width=4369&amp;height=2912\" srcset=\"https:\/\/www.pagina12.com.ar\/resizer\/v2\/TKFYPI32RNETTMQA4D76J2EQXA.jpg?smart=true&amp;auth=314bcf6333cb506a5924fada897beb075627326e780560d658d384fa99580c3a&amp;width=960&amp;height=639 960w, https:\/\/www.pagina12.com.ar\/resizer\/v2\/TKFYPI32RNETTMQA4D76J2EQXA.jpg?smart=true&amp;auth=314bcf6333cb506a5924fada897beb075627326e780560d658d384fa99580c3a&amp;width=1920&amp;height=1279 1920w\" alt=\"Horacio Zeballos\" width=\"4369\" height=\"2912\" data-chromatic=\"ignore\" \/><\/div>\n<p><span class=\"c-media-item__caption\">Horacio Zeballos gan\u00f3 el US Open en septiembre junto al espa\u00f1ol Marcel Granollers.\u00a0<\/span><span class=\"c-media-item__credit\">(CLIVE BRUNSKILL\/Getty Images via AFP)<\/span><\/div>\n<\/article>\n<\/div>\n","protected":false},"excerpt":{"rendered":"<p>El marplatense Horacio Zeballos de 40 a\u00f1os fue el tenista nacional m\u00e1s destacado de 2025. El doblista zurdo gan\u00f3 sus dos primeros torneos de Grand Slam en un a\u00f1o albiceleste con escasos t\u00edtulos en singles y con esperanza trunca tanto en la Copa Davis como en la Billie Jean King Cup. El tenis argentino\u00a0cerr\u00f3 una &hellip;<\/p>\n","protected":false},"author":2,"featured_media":30727,"comment_status":"open","ping_status":"open","sticky":false,"template":"","format":"standard","meta":{"footnotes":""},"categories":[46],"tags":[],"class_list":["post-30725","post","type-post","status-publish","format-standard","has-post-thumbnail","hentry","category-tenis"],"_links":{"self":[{"href":"https:\/\/www.sportchaco.com.ar\/index.php?rest_route=\/wp\/v2\/posts\/30725","targetHints":{"allow":["GET"]}}],"collection":[{"href":"https:\/\/www.sportchaco.com.ar\/index.php?rest_route=\/wp\/v2\/posts"}],"about":[{"href":"https:\/\/www.sportchaco.com.ar\/index.php?rest_route=\/wp\/v2\/types\/post"}],"author":[{"embeddable":true,"href":"https:\/\/www.sportchaco.com.ar\/index.php?rest_route=\/wp\/v2\/users\/2"}],"replies":[{"embeddable":true,"href":"https:\/\/www.sportchaco.com.ar\/index.php?rest_route=%2Fwp%2Fv2%2Fcomments&post=30725"}],"version-history":[{"count":3,"href":"https:\/\/www.sportchaco.com.ar\/index.php?rest_route=\/wp\/v2\/posts\/30725\/revisions"}],"predecessor-version":[{"id":30729,"href":"https:\/\/www.sportchaco.com.ar\/index.php?rest_route=\/wp\/v2\/posts\/30725\/revisions\/30729"}],"wp:featuredmedia":[{"embeddable":true,"href":"https:\/\/www.sportchaco.com.ar\/index.php?rest_route=\/wp\/v2\/media\/30727"}],"wp:attachment":[{"href":"https:\/\/www.sportchaco.com.ar\/index.php?rest_route=%2Fwp%2Fv2%2Fmedia&parent=30725"}],"wp:term":[{"taxonomy":"category","embeddable":true,"href":"https:\/\/www.sportchaco.com.ar\/index.php?rest_route=%2Fwp%2Fv2%2Fcategories&post=30725"},{"taxonomy":"post_tag","embeddable":true,"href":"https:\/\/www.sportchaco.com.ar\/index.php?rest_route=%2Fwp%2Fv2%2Ftags&post=30725"}],"curies":[{"name":"wp","href":"https:\/\/api.w.org\/{rel}","templated":true}]}}