{"id":30730,"date":"2025-12-30T11:05:26","date_gmt":"2025-12-30T14:05:26","guid":{"rendered":"https:\/\/www.sportchaco.com.ar\/?p=30730"},"modified":"2025-12-30T11:06:38","modified_gmt":"2025-12-30T14:06:38","slug":"30730","status":"publish","type":"post","link":"https:\/\/www.sportchaco.com.ar\/?p=30730","title":{"rendered":"Boca: Claudio Ubeda ya tiene su cuerpo t\u00e9cnico completo"},"content":{"rendered":"<h5><span style=\"color: #000000;\">Claudio \u00dabeda fue confirmado como Director T\u00e9cnico de\u00a0<a class=\"H23r4e\" style=\"color: #000000;\" href=\"https:\/\/www.ambito.com\/deportes\/fin-la-novela-boca-confirmo-claudio-ubeda-como-entrenador-2026-n6229085\" target=\"_blank\" rel=\"noopener\" data-processed=\"true\">Boca Juniors<\/a>\u00a0para la temporada 2026, ratificando el proyecto tras el fallecimiento de\u00a0<a class=\"GI370e\" style=\"color: #000000;\" href=\"https:\/\/www.google.com\/search?q=Miguel+%C3%81ngel+Russo&amp;sca_esv=d87bc348ace1d52f&amp;sxsrf=AE3TifMiAy8SXFO7-j_hjhVu3JixQ12v1w%3A1767103284898&amp;source=hp&amp;ei=NNtTafW7NOrF5OUPvp3KwQ0&amp;iflsig=AOw8s4IAAAAAaVPpRFKklvk1wVDvccFmW_3zPb9IfLR8&amp;ved=2ahUKEwi3upbgvOWRAxVaFbkGHbJOHfMQgK4QegQIARAC&amp;uact=5&amp;oq=Los+planes+de+ubeda+para+voca&amp;gs_lp=Egdnd3Mtd2l6Ih1Mb3MgcGxhbmVzIGRlIHViZWRhIHBhcmEgdm9jYTIFECEYoAFI7iZQAFjvJXAAeACQAQGYAZkCoAHGF6oBBjEuMTcuM7gBA8gBAPgBAZgCFKAC0BbCAgoQLhiABBgnGIoFwgIKECMYgAQYJxiKBcICExAuGIAEGMcBGCcYigUYjgUYrwHCAgoQLhiABBhDGIoFwgIFEC4YgATCAgoQIxjwBRgnGMkCwgILEAAYgAQYsQMYgwHCAgoQABiABBhDGIoFwgIIEC4YgAQYsQPCAggQABiABBixA8ICDRAuGIAEGLEDGEMYigXCAg0QABiABBixAxhDGIoFwgIFEAAYgATCAgoQABiABBgUGIcCwgIEECEYFZgDAJIHBjEuMTcuMqAHirUBsgcGMS4xNy4yuAfQFsIHCTEuNy43LjQuMcgHboAIAA&amp;sclient=gws-wiz&amp;mstk=AUtExfA-D-0AvEWghkwHOp_ckUp2DJ8qlTNxMS26WP_6gIOLW2YaKPjbbmyTZ3RiSwUp7P5yjLbw_uXFy7r6LBHtn0CFQ3lbSnlTBF30coIJm-pU0kzjSJ9-YmsKlD1QEz_mI_odBys704wt5BZrD8vQO_fQ8Pw5rOKDhvoKiiZDy0-RdnZ81_VSjwTm74Ih32CCO9MujZqifHFfCSmilytDoyg7ilME-LvQsn05evI0Gsxt-aJMFfdaSr1xTbSNObe8SEDU6yZ-H78TBOc7nBBpDR_cLc-P__ZoDUlURuOO597PQA&amp;csui=3\" data-wiz-uids=\"Oe81Id_c\" data-ved=\"2ahUKEwi3upbgvOWRAxVaFbkGHbJOHfMQgK4QegQIARAC\" data-hveid=\"CAEQAg\" data-processed=\"true\">Miguel \u00c1ngel Russo<\/a>, compitiendo en la\u00a0<a class=\"GI370e\" style=\"color: #000000;\" href=\"https:\/\/www.google.com\/search?q=Copa+Libertadores&amp;sca_esv=d87bc348ace1d52f&amp;sxsrf=AE3TifMiAy8SXFO7-j_hjhVu3JixQ12v1w%3A1767103284898&amp;source=hp&amp;ei=NNtTafW7NOrF5OUPvp3KwQ0&amp;iflsig=AOw8s4IAAAAAaVPpRFKklvk1wVDvccFmW_3zPb9IfLR8&amp;ved=2ahUKEwi3upbgvOWRAxVaFbkGHbJOHfMQgK4QegQIARAD&amp;uact=5&amp;oq=Los+planes+de+ubeda+para+voca&amp;gs_lp=Egdnd3Mtd2l6Ih1Mb3MgcGxhbmVzIGRlIHViZWRhIHBhcmEgdm9jYTIFECEYoAFI7iZQAFjvJXAAeACQAQGYAZkCoAHGF6oBBjEuMTcuM7gBA8gBAPgBAZgCFKAC0BbCAgoQLhiABBgnGIoFwgIKECMYgAQYJxiKBcICExAuGIAEGMcBGCcYigUYjgUYrwHCAgoQLhiABBhDGIoFwgIFEC4YgATCAgoQIxjwBRgnGMkCwgILEAAYgAQYsQMYgwHCAgoQABiABBhDGIoFwgIIEC4YgAQYsQPCAggQABiABBixA8ICDRAuGIAEGLEDGEMYigXCAg0QABiABBixAxhDGIoFwgIFEAAYgATCAgoQABiABBgUGIcCwgIEECEYFZgDAJIHBjEuMTcuMqAHirUBsgcGMS4xNy4yuAfQFsIHCTEuNy43LjQuMcgHboAIAA&amp;sclient=gws-wiz&amp;mstk=AUtExfA-D-0AvEWghkwHOp_ckUp2DJ8qlTNxMS26WP_6gIOLW2YaKPjbbmyTZ3RiSwUp7P5yjLbw_uXFy7r6LBHtn0CFQ3lbSnlTBF30coIJm-pU0kzjSJ9-YmsKlD1QEz_mI_odBys704wt5BZrD8vQO_fQ8Pw5rOKDhvoKiiZDy0-RdnZ81_VSjwTm74Ih32CCO9MujZqifHFfCSmilytDoyg7ilME-LvQsn05evI0Gsxt-aJMFfdaSr1xTbSNObe8SEDU6yZ-H78TBOc7nBBpDR_cLc-P__ZoDUlURuOO597PQA&amp;csui=3\" data-wiz-uids=\"Oe81Id_d\" data-ved=\"2ahUKEwi3upbgvOWRAxVaFbkGHbJOHfMQgK4QegQIARAD\" data-hveid=\"CAEQAw\" data-processed=\"true\">Copa Libertadores<\/a>,\u00a0<a class=\"GI370e\" style=\"color: #000000;\" href=\"https:\/\/www.google.com\/search?q=Torneo+Apertura&amp;sca_esv=d87bc348ace1d52f&amp;sxsrf=AE3TifMiAy8SXFO7-j_hjhVu3JixQ12v1w%3A1767103284898&amp;source=hp&amp;ei=NNtTafW7NOrF5OUPvp3KwQ0&amp;iflsig=AOw8s4IAAAAAaVPpRFKklvk1wVDvccFmW_3zPb9IfLR8&amp;ved=2ahUKEwi3upbgvOWRAxVaFbkGHbJOHfMQgK4QegQIARAE&amp;uact=5&amp;oq=Los+planes+de+ubeda+para+voca&amp;gs_lp=Egdnd3Mtd2l6Ih1Mb3MgcGxhbmVzIGRlIHViZWRhIHBhcmEgdm9jYTIFECEYoAFI7iZQAFjvJXAAeACQAQGYAZkCoAHGF6oBBjEuMTcuM7gBA8gBAPgBAZgCFKAC0BbCAgoQLhiABBgnGIoFwgIKECMYgAQYJxiKBcICExAuGIAEGMcBGCcYigUYjgUYrwHCAgoQLhiABBhDGIoFwgIFEC4YgATCAgoQIxjwBRgnGMkCwgILEAAYgAQYsQMYgwHCAgoQABiABBhDGIoFwgIIEC4YgAQYsQPCAggQABiABBixA8ICDRAuGIAEGLEDGEMYigXCAg0QABiABBixAxhDGIoFwgIFEAAYgATCAgoQABiABBgUGIcCwgIEECEYFZgDAJIHBjEuMTcuMqAHirUBsgcGMS4xNy4yuAfQFsIHCTEuNy43LjQuMcgHboAIAA&amp;sclient=gws-wiz&amp;mstk=AUtExfA-D-0AvEWghkwHOp_ckUp2DJ8qlTNxMS26WP_6gIOLW2YaKPjbbmyTZ3RiSwUp7P5yjLbw_uXFy7r6LBHtn0CFQ3lbSnlTBF30coIJm-pU0kzjSJ9-YmsKlD1QEz_mI_odBys704wt5BZrD8vQO_fQ8Pw5rOKDhvoKiiZDy0-RdnZ81_VSjwTm74Ih32CCO9MujZqifHFfCSmilytDoyg7ilME-LvQsn05evI0Gsxt-aJMFfdaSr1xTbSNObe8SEDU6yZ-H78TBOc7nBBpDR_cLc-P__ZoDUlURuOO597PQA&amp;csui=3\" data-wiz-uids=\"Oe81Id_e\" data-ved=\"2ahUKEwi3upbgvOWRAxVaFbkGHbJOHfMQgK4QegQIARAE\" data-hveid=\"CAEQBA\" data-processed=\"true\">Torneo Apertura<\/a>\u00a0y\u00a0<a class=\"GI370e\" style=\"color: #000000;\" href=\"https:\/\/www.google.com\/search?q=Copa+Argentina&amp;sca_esv=d87bc348ace1d52f&amp;sxsrf=AE3TifMiAy8SXFO7-j_hjhVu3JixQ12v1w%3A1767103284898&amp;source=hp&amp;ei=NNtTafW7NOrF5OUPvp3KwQ0&amp;iflsig=AOw8s4IAAAAAaVPpRFKklvk1wVDvccFmW_3zPb9IfLR8&amp;ved=2ahUKEwi3upbgvOWRAxVaFbkGHbJOHfMQgK4QegQIARAF&amp;uact=5&amp;oq=Los+planes+de+ubeda+para+voca&amp;gs_lp=Egdnd3Mtd2l6Ih1Mb3MgcGxhbmVzIGRlIHViZWRhIHBhcmEgdm9jYTIFECEYoAFI7iZQAFjvJXAAeACQAQGYAZkCoAHGF6oBBjEuMTcuM7gBA8gBAPgBAZgCFKAC0BbCAgoQLhiABBgnGIoFwgIKECMYgAQYJxiKBcICExAuGIAEGMcBGCcYigUYjgUYrwHCAgoQLhiABBhDGIoFwgIFEC4YgATCAgoQIxjwBRgnGMkCwgILEAAYgAQYsQMYgwHCAgoQABiABBhDGIoFwgIIEC4YgAQYsQPCAggQABiABBixA8ICDRAuGIAEGLEDGEMYigXCAg0QABiABBixAxhDGIoFwgIFEAAYgATCAgoQABiABBgUGIcCwgIEECEYFZgDAJIHBjEuMTcuMqAHirUBsgcGMS4xNy4yuAfQFsIHCTEuNy43LjQuMcgHboAIAA&amp;sclient=gws-wiz&amp;mstk=AUtExfA-D-0AvEWghkwHOp_ckUp2DJ8qlTNxMS26WP_6gIOLW2YaKPjbbmyTZ3RiSwUp7P5yjLbw_uXFy7r6LBHtn0CFQ3lbSnlTBF30coIJm-pU0kzjSJ9-YmsKlD1QEz_mI_odBys704wt5BZrD8vQO_fQ8Pw5rOKDhvoKiiZDy0-RdnZ81_VSjwTm74Ih32CCO9MujZqifHFfCSmilytDoyg7ilME-LvQsn05evI0Gsxt-aJMFfdaSr1xTbSNObe8SEDU6yZ-H78TBOc7nBBpDR_cLc-P__ZoDUlURuOO597PQA&amp;csui=3\" data-wiz-uids=\"Oe81Id_f\" data-ved=\"2ahUKEwi3upbgvOWRAxVaFbkGHbJOHfMQgK4QegQIARAF\" data-hveid=\"CAEQBQ\" data-processed=\"true\">Copa Argentina<\/a>, con un cuerpo t\u00e9cnico que incluye a\u00a0<a class=\"GI370e\" style=\"color: #000000;\" href=\"https:\/\/www.google.com\/search?q=Juvenal+Rodr%C3%ADguez&amp;sca_esv=d87bc348ace1d52f&amp;sxsrf=AE3TifMiAy8SXFO7-j_hjhVu3JixQ12v1w%3A1767103284898&amp;source=hp&amp;ei=NNtTafW7NOrF5OUPvp3KwQ0&amp;iflsig=AOw8s4IAAAAAaVPpRFKklvk1wVDvccFmW_3zPb9IfLR8&amp;ved=2ahUKEwi3upbgvOWRAxVaFbkGHbJOHfMQgK4QegQIARAG&amp;uact=5&amp;oq=Los+planes+de+ubeda+para+voca&amp;gs_lp=Egdnd3Mtd2l6Ih1Mb3MgcGxhbmVzIGRlIHViZWRhIHBhcmEgdm9jYTIFECEYoAFI7iZQAFjvJXAAeACQAQGYAZkCoAHGF6oBBjEuMTcuM7gBA8gBAPgBAZgCFKAC0BbCAgoQLhiABBgnGIoFwgIKECMYgAQYJxiKBcICExAuGIAEGMcBGCcYigUYjgUYrwHCAgoQLhiABBhDGIoFwgIFEC4YgATCAgoQIxjwBRgnGMkCwgILEAAYgAQYsQMYgwHCAgoQABiABBhDGIoFwgIIEC4YgAQYsQPCAggQABiABBixA8ICDRAuGIAEGLEDGEMYigXCAg0QABiABBixAxhDGIoFwgIFEAAYgATCAgoQABiABBgUGIcCwgIEECEYFZgDAJIHBjEuMTcuMqAHirUBsgcGMS4xNy4yuAfQFsIHCTEuNy43LjQuMcgHboAIAA&amp;sclient=gws-wiz&amp;mstk=AUtExfA-D-0AvEWghkwHOp_ckUp2DJ8qlTNxMS26WP_6gIOLW2YaKPjbbmyTZ3RiSwUp7P5yjLbw_uXFy7r6LBHtn0CFQ3lbSnlTBF30coIJm-pU0kzjSJ9-YmsKlD1QEz_mI_odBys704wt5BZrD8vQO_fQ8Pw5rOKDhvoKiiZDy0-RdnZ81_VSjwTm74Ih32CCO9MujZqifHFfCSmilytDoyg7ilME-LvQsn05evI0Gsxt-aJMFfdaSr1xTbSNObe8SEDU6yZ-H78TBOc7nBBpDR_cLc-P__ZoDUlURuOO597PQA&amp;csui=3\" data-wiz-uids=\"Oe81Id_g\" data-ved=\"2ahUKEwi3upbgvOWRAxVaFbkGHbJOHfMQgK4QegQIARAG\" data-hveid=\"CAEQBg\" data-processed=\"true\">Juvenal Rodr\u00edguez<\/a>\u00a0y preparadores f\u00edsicos, buscando mantener el buen rendimiento que mostr\u00f3 en sus primeros ocho partidos (6 victorias, 2 derrotas) y consolidar el equipo para los desaf\u00edos futuros, seg\u00fan reportes de finales de 2025.<span class=\"uJ19be notranslate\" data-wiz-uids=\"Oe81Id_h,Oe81Id_i,Oe81Id_j\" data-processed=\"true\"><span class=\"vKEkVd\" data-animation-atomic=\"\" data-wiz-attrbind=\"class=Oe81Id_h\/TKHnVd;\" data-processed=\"true\">\u00a0<\/span><\/span><\/span><\/h5>\n<p>&nbsp;<\/p>\n<div class=\"flex flex-col w-full\">\n<div class=\"p-2.5 md:p-0\">\n<h1 class=\"mb-[14px] text-articleTitleMobile md:text-articleTitle font-articleTitle tracking-normal\" data-testid=\"article_title_h1\">C\u00f3mo qued\u00f3 conformado el cuerpo t\u00e9cnico de \u00dabeda en Boca y por qu\u00e9 no se descarta un cambio. El entrenador de Boca seguir\u00e1 a cargo del equipo durante 2026.<\/h1>\n<p>&nbsp;<\/p>\n<div class=\"flex flex-col md:flex-row justify-between md:mb-[20px] \">\n<div class=\"flex items-center \">\n<div class=\" text-mediumGray text-articleDateAuthor font-articleDateAuthor tracking-normal\">\n<p class=\"m-0\">Por\u00a0<a class=\"no-underline leading-none text-black text-articleAuthor\" href=\"https:\/\/planetabj.com\/staff\/ganker\/\" target=\"_self\" rel=\"\">Ger\u00f3nimo Anker<\/a><\/p>\n<\/div>\n<\/div>\n<div class=\"flex justify-end grow mt-2 gap-4 flex-row align-center md:h-[44px]\">\n<div class=\"article-head-social-links hidden md:mt-auto md:flex md:h-full\">\n<p>&nbsp;<\/p>\n<\/div>\n<\/div>\n<\/div>\n<\/div>\n<figure class=\"border-solid border-b border-lightGray relative \"><img sizes=\"50vw\" srcset=\"https:\/\/ds-images.bolavip.com\/news\/image?src=https%3A%2F%2Fimages.planetabj.com%2Fwebp%2Ffull%2FPBJ_20251230_PBJ_524691_Ubeda-4.webp&amp;width=490&amp;height=275 490w, https:\/\/ds-images.bolavip.com\/news\/image?src=https%3A%2F%2Fimages.planetabj.com%2Fwebp%2Ffull%2FPBJ_20251230_PBJ_524691_Ubeda-4.webp&amp;width=740&amp;height=416 740w\" alt=\"As\u00ed queda el cuerpo t\u00e9cnico de \u00dabeda en Boca. \" width=\"740\" height=\"416\" \/><figcaption class=\"mx-[10px] md:mx-0 mt-[5px] tracking-normal font-articleFigCaptionFanSite text-articleFigCaptionFanSite\"><\/figcaption><\/figure>\n<\/div>\n<div id=\"article-body-524691\" class=\"block w-full my-[30px] px-[10px] md:px-0 overflow-hidden font-three text-articleBody md:text-articleBodyDesktop \" data-testid=\"article_body\">\n<p class=\"mb-[20px] md:mb-[30px] break-word\" data-testid=\"paragraph\"><a class=\"break-word font-articleLinkText text-articleLinkText hover:text-articleLinkTextHover hover:bg-articleLinkTextHoverBg cursor-pointer border-solid border-b-articleLinkTextHover\" href=\"https:\/\/planetabj.com\/tema\/claudio-ubeda\/\" target=\"_blank\" rel=\"noopener\"><span style=\"color: #000000;\">Claudio \u00dabeda<\/span><\/a><span style=\"color: #000000;\">\u00a0seguir\u00e1 siendo el DT de Boca y est\u00e1 confirmado.\u00a0<a class=\"break-word font-articleLinkText text-articleLinkText hover:text-articleLinkTextHover hover:bg-articleLinkTextHoverBg cursor-pointer border-solid border-b-articleLinkTextHover\" style=\"color: #000000;\" href=\"https:\/\/planetabj.com\/boca-juniors\/la-decision-final-de-riquelme-con-ubeda-a-pocos-dias-de-la-pretemporada-de-boca\/\" target=\"_blank\" rel=\"noopener\">A pocos d\u00edas de que arranque la pretemporada, Juan Rom\u00e1n Riquelme lo decidi\u00f3<\/a>\u00a0y continuar\u00e1 al mando del equipo de cara al 2026. Cabe destacar que el entrenador tiene contrato hasta junio del pr\u00f3ximo a\u00f1o y su v\u00ednculo se mantiene tal como est\u00e1.<\/span><\/p>\n<p class=\"mb-[20px] md:mb-[30px] break-word\" data-testid=\"paragraph\"><span style=\"color: #000000;\">De esta manera, tras finalizar el primer semestre, se revisar\u00e1 el rendimiento del equipo y determinar\u00e1n si contin\u00faa o no en el cargo. Por ahora, el cuerpo t\u00e9cnico de \u00dabeda no cambia y van a seguir los mismos protagonistas que lo acompa\u00f1ar\u00e1n en la recta final del 2025. Sin embargo, tampoco se descartan que sumen una cara nueva en el arranque de la temporada entrante.<\/span><\/p>\n<div class=\"max-w-[550px] block relative mx-auto mb-[20px] md:mb-[30px]\" data-testid=\"image-embed\">\n<p><span style=\"color: #000000;\"><img loading=\"lazy\" decoding=\"async\" class=\"h-auto\" src=\"https:\/\/ds-images.bolavip.com\/news\/image?src=https:\/\/images.planetabj.com\/webp\/full\/PBJ_20251230_PBJ_524691_GettyImages-2237476849_497c6858.webp&amp;width=3800&amp;height=2548\" alt=\"\u00dabeda y su cuerpo t\u00e9cnico en Boca. (Getty)\" width=\"3800\" height=\"2548\" \/><\/span><\/p>\n<p class=\"text-center mt-5 text-[14px] leading-[20px] font-normal\"><span style=\"color: #000000;\">\u00dabeda y su cuerpo t\u00e9cnico en Boca. (Getty)<\/span><\/p>\n<\/div>\n<div id=\"primis-player-container\" class=\"video-player-placeholder bg-lightGray mb-[20px] md:mb-[30px] aspect-[355\/287] md:aspect-[730\/330]\" data-custom-id=\"\" data-testid=\"primis-video\"><\/div>\n<p class=\"mb-[20px] md:mb-[30px] break-word\" data-testid=\"paragraph\"><span style=\"color: #000000;\">Seg\u00fan revel\u00f3 el periodista Facundo P\u00e9rez en D Sports Radio, el \u2018Sif\u00f3n\u2019 y la dirigencia hablar\u00e1n nuevamente cerca de febrero o marzo. Y esta charla puede derivar en que finalmente haya otra persona m\u00e1s en el cuerpo t\u00e9cnico, aunque hasta este momento ser\u00e1 Juvenal Rodr\u00edguez su \u00fanico ayudante.<\/span><\/p>\n<h2 class=\"mb-[20px] md:mb-[30px] break-word text-articleHeading2Mobile md:text-articleHeading2\"><span style=\"color: #000000;\">As\u00ed qued\u00f3 conformado el cuerpo t\u00e9cnico de \u00dabeda en Boca<\/span><\/h2>\n<ul class=\"mb-[20px] md:mb-[30px] list-disc ps-10\">\n<li class=\"break-word\"><span style=\"color: #000000;\">Director T\u00e9cnico: Claudio \u00dabeda.<\/span><\/li>\n<li class=\"break-word\"><span style=\"color: #000000;\">Ayudante de Campo y Analista de Video: Juvenal Rodr\u00edguez.<\/span><\/li>\n<li class=\"break-word\"><span style=\"color: #000000;\">Preparadores F\u00edsicos: Adri\u00e1n Ger\u00f3nimo y Cristian Aquino.<\/span><\/li>\n<li class=\"break-word\"><span style=\"color: #000000;\">Entrenador de Arqueros: Cristian Mu\u00f1oz.<\/span><\/li>\n<\/ul>\n<div class=\"flex bg-alsoRead border-solid border border-lightGray max-w-full md:max-w-[550px] mx-auto mb-[20px] md:mb-[30px]\">\n<div class=\"w-full md:ml-[15px] md:pr-[10px] tracking-normal\">\n<p class=\"w-full line-clamp-3 md:line-clamp-2 text-alsoReadEmbedTitle font-primary alsoReadLink\"><span style=\"color: #000000;\">En medio de las dudas por \u00dabeda, Antonio Mohamed se postul\u00f3 para dirigir a Boca: \u201cMe gustar\u00eda\u201d<\/span><\/p>\n<\/div>\n<\/div>\n<h2 class=\"mb-[20px] md:mb-[30px] break-word text-articleHeading2Mobile md:text-articleHeading2\"><span style=\"color: #000000;\">El \u00eddolo de Boca que sorprendi\u00f3 con su postura por el futuro de \u00dabeda<\/span><\/h2>\n<p class=\"mb-[20px] md:mb-[30px] break-word\" data-testid=\"paragraph\"><span style=\"color: #000000;\">D\u00edas atr\u00e1s,\u00a0<a class=\"break-word font-articleLinkText text-articleLinkText hover:text-articleLinkTextHover hover:bg-articleLinkTextHoverBg cursor-pointer border-solid border-b-articleLinkTextHover\" style=\"color: #000000;\" href=\"https:\/\/planetabj.com\/boca-juniors\/la-postura-del-flaco-schiavi-sobre-el-futuro-de-claudio-ubeda-en-boca-habria-que\/\" target=\"_blank\" rel=\"noopener\">Rolando Schavi habl\u00f3 de la continuidad de \u00dabeda<\/a>\u00a0y sorprendi\u00f3 con su postura. En una charla con Planeta Boca Juniors, el \u00eddolo no dud\u00f3 con su respuesta: \u201c<\/span><strong><span style=\"color: #000000;\">Si sal\u00eda campe\u00f3n, ten\u00eda que seguir \u00dabeda. Pero s<\/span>i no sale campe\u00f3n\u2026 Habr\u00eda que buscar otra alternativa<\/strong>\u201c.<\/p>\n<\/div>\n<p data-testid=\"paragraph\">Fuetne planetabj.com<\/p>\n","protected":false},"excerpt":{"rendered":"<p>Claudio \u00dabeda fue confirmado como Director T\u00e9cnico de\u00a0Boca Juniors\u00a0para la temporada 2026, ratificando el proyecto tras el fallecimiento de\u00a0Miguel \u00c1ngel Russo, compitiendo en la\u00a0Copa Libertadores,\u00a0Torneo Apertura\u00a0y\u00a0Copa Argentina, con un cuerpo t\u00e9cnico que incluye a\u00a0Juvenal Rodr\u00edguez\u00a0y preparadores f\u00edsicos, buscando mantener el buen rendimiento que mostr\u00f3 en sus primeros ocho partidos (6 victorias, 2 derrotas) y consolidar &hellip;<\/p>\n","protected":false},"author":2,"featured_media":30731,"comment_status":"open","ping_status":"open","sticky":false,"template":"","format":"standard","meta":{"footnotes":""},"categories":[47],"tags":[],"class_list":["post-30730","post","type-post","status-publish","format-standard","has-post-thumbnail","hentry","category-nacionales"],"_links":{"self":[{"href":"https:\/\/www.sportchaco.com.ar\/index.php?rest_route=\/wp\/v2\/posts\/30730","targetHints":{"allow":["GET"]}}],"collection":[{"href":"https:\/\/www.sportchaco.com.ar\/index.php?rest_route=\/wp\/v2\/posts"}],"about":[{"href":"https:\/\/www.sportchaco.com.ar\/index.php?rest_route=\/wp\/v2\/types\/post"}],"author":[{"embeddable":true,"href":"https:\/\/www.sportchaco.com.ar\/index.php?rest_route=\/wp\/v2\/users\/2"}],"replies":[{"embeddable":true,"href":"https:\/\/www.sportchaco.com.ar\/index.php?rest_route=%2Fwp%2Fv2%2Fcomments&post=30730"}],"version-history":[{"count":2,"href":"https:\/\/www.sportchaco.com.ar\/index.php?rest_route=\/wp\/v2\/posts\/30730\/revisions"}],"predecessor-version":[{"id":30733,"href":"https:\/\/www.sportchaco.com.ar\/index.php?rest_route=\/wp\/v2\/posts\/30730\/revisions\/30733"}],"wp:featuredmedia":[{"embeddable":true,"href":"https:\/\/www.sportchaco.com.ar\/index.php?rest_route=\/wp\/v2\/media\/30731"}],"wp:attachment":[{"href":"https:\/\/www.sportchaco.com.ar\/index.php?rest_route=%2Fwp%2Fv2%2Fmedia&parent=30730"}],"wp:term":[{"taxonomy":"category","embeddable":true,"href":"https:\/\/www.sportchaco.com.ar\/index.php?rest_route=%2Fwp%2Fv2%2Fcategories&post=30730"},{"taxonomy":"post_tag","embeddable":true,"href":"https:\/\/www.sportchaco.com.ar\/index.php?rest_route=%2Fwp%2Fv2%2Ftags&post=30730"}],"curies":[{"name":"wp","href":"https:\/\/api.w.org\/{rel}","templated":true}]}}